{"id":33682,"date":"2020-05-30T21:34:07","date_gmt":"2020-05-30T19:34:07","guid":{"rendered":"http:\/\/e-anjelik.sk\/?p=33682"},"modified":"2020-05-30T21:34:07","modified_gmt":"2020-05-30T19:34:07","slug":"ladislav-fricovsky-o-bozom-vetre-k-duchu-svatemu","status":"publish","type":"post","link":"https:\/\/www.e-anjelik.sk\/index.php\/2020\/05\/30\/ladislav-fricovsky-o-bozom-vetre-k-duchu-svatemu\/","title":{"rendered":"Ladislav Fri\u010dovsk\u00fd &#8211; O Bo\u017eom vetre (K Duchu Sv\u00e4t\u00e9mu)"},"content":{"rendered":"\n<p>\n\n\n\n\n\n\n\n\n\n\n\n\n\n\n\n\n\nNie je\nako ten, ktor\u00fd nad\u00fdma vlny mora, <br>\na predsa sa pred n\u00edm rozstupuje svet. <br>\nNie je ako ten, <br>\nktor\u00fd s rachotom kr\u00e1\u010da <br>\nuprostred lesov, <br>\npredsa bez neho nepohne sa prach. <br><br>\nNie je ako ten, \u010do zapa\u013euje zvony, <br>\na predsa kriesi \u017eivot. <br>\nJe ako v\u00e1nok, ktor\u00fd ope\u013euje stromy, <br>\naby im z kvetov za\u017eiaril plod. <br><br>\nBez neho sila nem\u00e1 moci a l\u00e1ska m\u00e1 len vl\u010d\u00ed zrak. <br>\nBez neho \u017eivot rovn\u00e1 sa smrti. <br><br>\nS n\u00edm slabos\u0165 na silu men\u00ed sa. <br>\nZ ryb\u00e1rov rodia sa apo\u0161toli. <br><br>\nZ hrie\u0161nikov spravodliv\u00ed, <br>\nBohat\u00ed z bed\u00e1rov. <br><br>\nPodobn\u00fd je v\u00e1nku, <br>\nktor\u00e9mu otv\u00e1rame dvere, <br>\naby n\u00e1m schladil \u010delo. <br><br>\nA \u010d\u00edm v\u00e4\u010d\u0161mi mu otv\u00e1rame srdcia, <br>\nt\u00fdm po\u017eehnanej\u0161\u00ed je n\u00e1\u0161 \u017eivot. \n\n\n\n<\/p>\n","protected":false},"excerpt":{"rendered":"<p>Nie je ako ten, ktor\u00fd nad\u00fdma vlny mora, a predsa sa pred n\u00edm rozstupuje svet. Nie je ako ten, ktor\u00fd s rachotom kr\u00e1\u010da uprostred lesov, predsa bez neho nepohne sa prach. Nie je ako ten, \u010do zapa\u013euje zvony, a predsa kriesi \u017eivot. Je ako v\u00e1nok, ktor\u00fd ope\u013euje stromy, aby im z kvetov za\u017eiaril plod. Bez &#8230; <a title=\"Ladislav Fri\u010dovsk\u00fd &#8211; O Bo\u017eom vetre (K Duchu Sv\u00e4t\u00e9mu)\" class=\"read-more\" href=\"https:\/\/www.e-anjelik.sk\/index.php\/2020\/05\/30\/ladislav-fricovsky-o-bozom-vetre-k-duchu-svatemu\/\" aria-label=\"Pre\u010d\u00edtajte si viac o Ladislav Fri\u010dovsk\u00fd &#8211; O Bo\u017eom vetre (K Duchu Sv\u00e4t\u00e9mu)\">\u010c\u00edta\u0165 viac<\/a><\/p>\n","protected":false},"author":3,"featured_media":0,"comment_status":"open","ping_status":"open","sticky":false,"template":"","format":"standard","meta":{"footnotes":""},"categories":[165,108],"tags":[],"class_list":["post-33682","post","type-post","status-publish","format-standard","hentry","category-poezia-2","category-svatodusne-sviatky"],"_links":{"self":[{"href":"https:\/\/www.e-anjelik.sk\/index.php\/wp-json\/wp\/v2\/posts\/33682","targetHints":{"allow":["GET"]}}],"collection":[{"href":"https:\/\/www.e-anjelik.sk\/index.php\/wp-json\/wp\/v2\/posts"}],"about":[{"href":"https:\/\/www.e-anjelik.sk\/index.php\/wp-json\/wp\/v2\/types\/post"}],"author":[{"embeddable":true,"href":"https:\/\/www.e-anjelik.sk\/index.php\/wp-json\/wp\/v2\/users\/3"}],"replies":[{"embeddable":true,"href":"https:\/\/www.e-anjelik.sk\/index.php\/wp-json\/wp\/v2\/comments?post=33682"}],"version-history":[{"count":1,"href":"https:\/\/www.e-anjelik.sk\/index.php\/wp-json\/wp\/v2\/posts\/33682\/revisions"}],"predecessor-version":[{"id":33683,"href":"https:\/\/www.e-anjelik.sk\/index.php\/wp-json\/wp\/v2\/posts\/33682\/revisions\/33683"}],"wp:attachment":[{"href":"https:\/\/www.e-anjelik.sk\/index.php\/wp-json\/wp\/v2\/media?parent=33682"}],"wp:term":[{"taxonomy":"category","embeddable":true,"href":"https:\/\/www.e-anjelik.sk\/index.php\/wp-json\/wp\/v2\/categories?post=33682"},{"taxonomy":"post_tag","embeddable":true,"href":"https:\/\/www.e-anjelik.sk\/index.php\/wp-json\/wp\/v2\/tags?post=33682"}],"curies":[{"name":"wp","href":"https:\/\/api.w.org\/{rel}","templated":true}]}}