{"id":33686,"date":"2020-05-30T23:19:23","date_gmt":"2020-05-30T21:19:23","guid":{"rendered":"http:\/\/e-anjelik.sk\/?p=33686"},"modified":"2022-04-25T14:11:30","modified_gmt":"2022-04-25T12:11:30","slug":"pastiersky-list-k-svatodusnym-slavnostiam","status":"publish","type":"post","link":"https:\/\/www.e-anjelik.sk\/index.php\/2020\/05\/30\/pastiersky-list-k-svatodusnym-slavnostiam\/","title":{"rendered":"Pastiersky list k sv\u00e4todu\u0161n\u00fdm sl\u00e1vnostiam"},"content":{"rendered":"\n<p><strong>Pastiersky list k sv\u00e4todu\u0161n\u00fdm sviatkom 2020<\/strong><\/p>\n\n\n\n<p><em>\t\t<\/em><em>27.05.20<\/em><\/p>\n\n\n\n<p><em>\t\tZbor biskupov ECAV na Slovenskiu<\/em><\/p>\n\n\n\n<p><em> <\/em><\/p>\n\n\n\n<p>Drah\u00ed bratia a sestry, srde\u010dne v\u00e1s pozdravujeme pri pr\u00edle\u017eitosti sviatku Zoslania Ducha Sv\u00e4t\u00e9ho na apo\u0161tolov. Te\u0161\u00edme sa, \u017ee m\u00f4\u017eeme k v\u00e1m pri tejto pr\u00edle\u017eitosti prehovori\u0165 ako pastieri cirkvi a va\u0161i bratia. T\u00fa\u017eime v\u00e1m prinies\u0165 posilu a povzbudenie. E\u0161te lep\u0161ie povedan\u00e9, pros\u00edme o to, aby Duch Sv\u00e4t\u00fd bol zdrojom posily a po\u017eehnania pre v\u00e1\u0161 ka\u017edodenn\u00fd \u017eivot a vieru. Spolu s vami vol\u00e1me: \u201ePr\u00ed\u010f, Duchu Sv\u00e4t\u00fd, napl\u0148 n\u00e1s!\u201c<\/p>\n\n\n\n<p>Svoje posolstvo pre sv\u00e4todu\u0161n\u00fd \u010das vyber\u00e1me z jedn\u00e9ho z naj\u00fa\u017easnej\u0161\u00edch textov, ak\u00e9 nap\u00edsala ruka evanjelika. Je n\u00edm najmen\u0161ia z na\u0161ich Symbolick\u00fdch kn\u00edh \u2013 Lutherov Mal\u00fd katechizmus. T\u00e1to u\u010debnica viery a kres\u0165ansk\u00e9ho \u017eivota z roku 1529, pon\u00faka detinsky jednoduch\u00fdm, no teologicky presn\u00fdm sp\u00f4sobom mnoh\u00e9 pravdy a princ\u00edpy, platn\u00e9 univerz\u00e1lne. Pri v\u00fdklade Tretieho \u010dl\u00e1nku Apo\u0161tolsk\u00e9ho vyznania viery \u201eO Duchu Sv\u00e4tom\u201c, pou\u017eije Luther slovn\u00e9 zvraty \u201em\u0148a a cel\u00e9 kres\u0165anstvo\u201c, \u201em\u0148a a cel\u00fa cirkev\u201c. Je presved\u010den\u00fd, \u017ee v\u0161etko, \u010do Sv\u00e4t\u00fd Duch rob\u00ed \u2013 a v Katechizme to presne vymenov\u00e1va \u2013 rob\u00ed pre jedn\u00e9ho \u010dloveka a z\u00e1rove\u0148 pre cel\u00fa cirkev. Lutherovi nepripad\u00e1 py\u0161n\u00e9 a nevhodn\u00e9 hovori\u0165 o tom, \u017ee Duch Sv\u00e4t\u00fd kon\u00e1 pre neho. No t\u00fdm ist\u00fdm dychom vyzn\u00e1va, \u017ee presne to ist\u00e9 dielo kon\u00e1 Duch Sv\u00e4t\u00fd v celej cirkvi. Na z\u00e1klade toho pre na\u0161u evanjelick\u00fa konfesiu nejestvuj\u00fa dve dilemy, ktor\u00e9 zamestn\u00e1vaj\u00fa \u013eudsk\u00fa myse\u013e.<\/p>\n\n\n\n<p>&nbsp; &nbsp; &nbsp;Nejestvuje dilema, \u010di Duch Sv\u00e4t\u00fd p\u00f4sob\u00ed prim\u00e1rne v \u010dloveku a a\u017e potom v in\u0161tit\u00facii cirkvi, alebo \u010di p\u00f4sob\u00ed viac v in\u0161tit\u00facii cirkvi a \u010dloveka zasahuje a\u017e v druhom rade. Ako evanjelici ver\u00edme, \u017ee Duch Sv\u00e4t\u00fd &nbsp;rob\u00ed dve ve\u013ekos\u0165ou neporovnate\u013en\u00e9 veci, ale rob\u00ed ich s\u00fa\u010dasne. Na jednej strane chce naplni\u0165 mali\u010dk\u00e9 srdce a telo jedn\u00e9ho \u010dloveka a kona\u0165 v \u0148om dielo posv\u00e4tenia. Z\u00e1rove\u0148 a rovnako chce zmoc\u0148ova\u0165, vies\u0165 a posv\u00e4cova\u0165 cel\u00fa cirkev, ako in\u0161tit\u00faciu v glob\u00e1lnych rozmeroch sveta. &nbsp;<\/p>\n\n\n\n<p>&nbsp; &nbsp; &nbsp;Nejestvuje ani dilema, \u010di kres\u0165ansk\u00e1 viera je vecou s\u00fakromnou, alebo \u010di k viere patr\u00ed aj \u017eivot v spolo\u010denstve. Evanjelick\u00e1 konfesia n\u00e1s u\u010d\u00ed nikdy neuva\u017eova\u0165 o jednotlivom \u010dloveku tak, akoby in\u0161tit\u00facia cirkvi nemala \u017eiaden zmysel. A nikdy nehovori\u0165 o in\u0161tit\u00facii cirkvi tak, aby sme zabudli na jedn\u00e9ho \u010dloveka. \u010clovek a jeho \u00fadel a cirkev a jej cesta, s\u00fa na prv\u00fd poh\u013ead dva odli\u0161n\u00e9 svety, ktor\u00e9 v\u0161ak Duch Sv\u00e4t\u00fd sp\u00e1ja do jedin\u00e9ho celku a p\u00f4sob\u00ed v nich s\u00fa\u010dasne. Aj v Apo\u0161tolskom vyznan\u00ed vyzn\u00e1vame, \u017ee ako osoby ver\u00edme v Ducha Sv\u00e4t\u00e9ho a tie\u017e ver\u00edme v cirkev a v spolo\u010denstvo. Tak je to zdrav\u00e9 a spr\u00e1vne.<\/p>\n\n\n\n<p>&nbsp; &nbsp; &nbsp;Drah\u00ed bratia a sestry, na sviatok Zoslania Ducha Sv\u00e4t\u00e9ho chceme ma\u0165 pred o\u010dami pr\u00e1ve tieto dve s\u00favisiace skuto\u010dnosti: je tu Duch Sv\u00e4t\u00fd a ja, a je tu Duch Sv\u00e4t\u00fd a cirkev. Toto vi\u010fme a prijmime dve v\u00fdzvy a povzbudenia.<\/p>\n\n\n\n<p>&nbsp; &nbsp; &nbsp;To prv\u00e9: Urobme v\u0161etko pre to, aby sme boli ako osoby slobodn\u00ed a otvoren\u00ed p\u00f4sobeniu Ducha Sv\u00e4t\u00e9ho. Bu\u010fme citliv\u00ed na Jeho hlas v na\u0161om svedom\u00ed, usved\u010duj\u00faci z hriechu. Na Jeho vedenie k osobe P\u00e1na Je\u017ei\u0161a Krista a k viere v evanjelium, v ktorom je zdroj milosti a odpustenia. Na Jeho snahu budova\u0165 na\u0161e \u017eivoty na princ\u00edpoch Bo\u017eieho Slova, na pravidelnej osobnej modlitbe a pri stole P\u00e1novom. Na Jeho premie\u0148anie a formovanie na\u0161ich pov\u00e1h a postojov. Na Jeho volanie do spolo\u010denstva cirkvi, do slu\u017eby, ku svedectvu. V tomto n\u00e1s nikto nezast\u00fapi. Mus\u00edme sa k tomu postavi\u0165 osobne, ty a ja. Aj Duch Sv\u00e4t\u00fd p\u00f4sob\u00ed osobne.<\/p>\n\n\n\n<p>&nbsp; &nbsp; &nbsp;Z\u00e1rove\u0148 to druh\u00e9: Prosme o p\u00f4sobenie Ducha Sv\u00e4t\u00e9ho v celej na\u0161ej cirkvi a v celom kres\u0165anstve. Robme to pr\u00e1ve teraz, ke\u010f na\u0161e spolo\u010denstv\u00e1 trpeli izol\u00e1ciou, ke\u010f sa ich \u017eivot rozbieha iba pomaly a nevieme, \u010do ich v nast\u00e1vaj\u00facom \u010dase \u010dak\u00e1. Cez tento fakt, \u017ee n\u00e1\u0161 \u017eivot bol ochudobnen\u00fd o spolo\u010denstvo, sme si mohli uvedomova\u0165, \u017ee spolo\u010denstvo je vz\u00e1cne, \u017ee cirkev patr\u00ed do Bo\u017e\u00edch pl\u00e1nov, a \u017ee n\u00e1m v nej Duch Sv\u00e4t\u00fd d\u00e1va miesto. Milujme svoju cirkev, starajme sa o dobro na\u0161ich spolo\u010denstiev. Chr\u00e1\u0148me jej presk\u00fa\u0161avan\u00fa jednotu. V\u00e1\u017eme si svoju konfesiu. \u017dime v aktu\u00e1lnom \u017eivote to najlep\u0161ie z na\u0161ich trad\u00edci\u00ed. Takto to p\u00f4sob\u00ed v cirkvi Duch Sv\u00e4t\u00fd.<\/p>\n\n\n\n<p>&nbsp; &nbsp; &nbsp;Drah\u00ed bratia a sestry, napriek tomu, \u017ee zast\u00e1vame \u00farad biskupov, sme iba \u013eudia. Nedok\u00e1\u017eeme cirkvi zaru\u010di\u0165 prospech a po\u017eehnanie. Spoliehame sa na uistenie Bo\u017eieho Slova z Efezsk\u00fdm 3, 20 &#8211; 21, ktor\u00e9 oslavuje ve\u013ekorys\u00e9ho a \u017ei\u010dliv\u00e9ho Boha, zjaven\u00e9ho v Je\u017ei\u0161ovi Kristovi a upriamuje na\u0161u pozornos\u0165 na tajomstvo moci, ktorou Boh vl\u00e1dne \u2013 \u00e1no, moci Ducha Sv\u00e4t\u00e9ho: <em>Tomu v\u0161ak, ktor\u00fd m\u00f4\u017ee nad toto v\u0161etko u\u010dini\u0165 omnoho viac, ako my pros\u00edme alebo rozumieme, a to pod\u013ea moci, ktor\u00e1 p\u00f4sob\u00ed v n\u00e1s,&nbsp;Tomu bu\u010f sl\u00e1va v cirkvi a v Kristovi Je\u017ei\u0161ovi po v\u0161etky pokolenia a\u017e naveky vekov! (Efezsk\u00fdm 3, 20 \u2013 21).&nbsp;<\/em>&nbsp;<\/p>\n\n\n\n<p>Va\u0161i v P\u00e1novi,&nbsp; &nbsp; &nbsp; &nbsp; &nbsp; &nbsp; &nbsp; &nbsp; &nbsp; &nbsp; &nbsp; &nbsp; &nbsp; &nbsp; &nbsp; &nbsp; &nbsp;&nbsp; &nbsp; &nbsp; &nbsp; &nbsp; &nbsp; &nbsp; &nbsp; &nbsp; &nbsp;<\/p>\n\n\n\n<p>J\u00e1n Hrobo\u0148 &nbsp; &nbsp; &nbsp; &nbsp; &nbsp; &nbsp; &nbsp; &nbsp; &nbsp; &nbsp; &nbsp; &nbsp; &nbsp; &nbsp; &nbsp; &nbsp; &nbsp; &nbsp;&nbsp; &nbsp; &nbsp; &nbsp; &nbsp; &nbsp; &nbsp; &nbsp; &nbsp; &nbsp; &nbsp; &nbsp; &nbsp; &nbsp; &nbsp; &nbsp; &nbsp; &nbsp;&nbsp;<\/p>\n\n\n\n<p>biskup ZD ECAV &nbsp;<\/p>\n\n\n\n<p>Peter Miho\u010d &nbsp; &nbsp; &nbsp; &nbsp; &nbsp; &nbsp; &nbsp;<\/p>\n\n\n\n<p>biskup VD ECAV<\/p>\n\n\n\n<p>Ivan E\u013eko<\/p>\n\n\n\n<p>gen. biskup ECAV &nbsp; &nbsp; &nbsp; &nbsp;&nbsp;<\/p>\n","protected":false},"excerpt":{"rendered":"<p>Pastiersky list k sv\u00e4todu\u0161n\u00fdm sviatkom 2020 27.05.20 Zbor biskupov ECAV na Slovenskiu Drah\u00ed bratia a sestry, srde\u010dne v\u00e1s pozdravujeme pri pr\u00edle\u017eitosti sviatku Zoslania Ducha Sv\u00e4t\u00e9ho na apo\u0161tolov. Te\u0161\u00edme sa, \u017ee m\u00f4\u017eeme k v\u00e1m pri tejto pr\u00edle\u017eitosti prehovori\u0165 ako pastieri cirkvi a va\u0161i bratia. T\u00fa\u017eime v\u00e1m prinies\u0165 posilu a povzbudenie. E\u0161te lep\u0161ie povedan\u00e9, pros\u00edme o to, &#8230; <a title=\"Pastiersky list k sv\u00e4todu\u0161n\u00fdm sl\u00e1vnostiam\" class=\"read-more\" href=\"https:\/\/www.e-anjelik.sk\/index.php\/2020\/05\/30\/pastiersky-list-k-svatodusnym-slavnostiam\/\" aria-label=\"Pre\u010d\u00edtajte si viac o Pastiersky list k sv\u00e4todu\u0161n\u00fdm sl\u00e1vnostiam\">\u010c\u00edta\u0165 viac<\/a><\/p>\n","protected":false},"author":4,"featured_media":0,"comment_status":"open","ping_status":"open","sticky":false,"template":"","format":"standard","meta":{"footnotes":""},"categories":[147,73,108,78],"tags":[],"class_list":["post-33686","post","type-post","status-publish","format-standard","hentry","category-duch-svaty","category-ecav","category-svatodusne-sviatky","category-zbor-biskupov-ecav"],"_links":{"self":[{"href":"https:\/\/www.e-anjelik.sk\/index.php\/wp-json\/wp\/v2\/posts\/33686","targetHints":{"allow":["GET"]}}],"collection":[{"href":"https:\/\/www.e-anjelik.sk\/index.php\/wp-json\/wp\/v2\/posts"}],"about":[{"href":"https:\/\/www.e-anjelik.sk\/index.php\/wp-json\/wp\/v2\/types\/post"}],"author":[{"embeddable":true,"href":"https:\/\/www.e-anjelik.sk\/index.php\/wp-json\/wp\/v2\/users\/4"}],"replies":[{"embeddable":true,"href":"https:\/\/www.e-anjelik.sk\/index.php\/wp-json\/wp\/v2\/comments?post=33686"}],"version-history":[{"count":1,"href":"https:\/\/www.e-anjelik.sk\/index.php\/wp-json\/wp\/v2\/posts\/33686\/revisions"}],"predecessor-version":[{"id":33687,"href":"https:\/\/www.e-anjelik.sk\/index.php\/wp-json\/wp\/v2\/posts\/33686\/revisions\/33687"}],"wp:attachment":[{"href":"https:\/\/www.e-anjelik.sk\/index.php\/wp-json\/wp\/v2\/media?parent=33686"}],"wp:term":[{"taxonomy":"category","embeddable":true,"href":"https:\/\/www.e-anjelik.sk\/index.php\/wp-json\/wp\/v2\/categories?post=33686"},{"taxonomy":"post_tag","embeddable":true,"href":"https:\/\/www.e-anjelik.sk\/index.php\/wp-json\/wp\/v2\/tags?post=33686"}],"curies":[{"name":"wp","href":"https:\/\/api.w.org\/{rel}","templated":true}]}}