{"id":33722,"date":"2020-06-20T20:44:49","date_gmt":"2020-06-20T18:44:49","guid":{"rendered":"http:\/\/e-anjelik.sk\/?p=33722"},"modified":"2020-06-20T20:44:49","modified_gmt":"2020-06-20T18:44:49","slug":"tomas-gall-letny-vecer","status":"publish","type":"post","link":"https:\/\/www.e-anjelik.sk\/index.php\/2020\/06\/20\/tomas-gall-letny-vecer\/","title":{"rendered":"Tom\u00e1\u0161 G\u00e1ll &#8211; Letn\u00fd ve\u010der"},"content":{"rendered":"\n<p>Zvon zvon\u00ed, ve\u010der pad\u00e1 na kraj,<br>nad nami mra\u010dn\u00e1 nevidie\u0165,<br>ako ke\u010f m\u00e1vne peru\u0165 vt\u00e1\u010dka,<br>do m\u00e4kk\u00fdch per\u00edn klesne svet.<\/p>\n\n\n\n<p>Zm\u013akol zvon, ticho hos\u0165 je v\u0161ade,<br>do \u00fa\u013ea v\u010dielka prilieta,<br>v poli bdie v kr\u00ed\u017eoch zlat\u00e1 n\u00e1dej<br>na obrus zeme vystret\u00e1.<\/p>\n\n\n\n<p>Za siedmou horou b\u00farka dun\u00ed,<br>tam v blesku zrie\u0165 je mra\u010dien tie\u0148;<br>z okr\u00fahlej ml\u00e1\u010dky splnu luny<br>svetlo sa leje do okien.<\/p>\n\n\n\n<p>Posledn\u00fd chodec privrel dvere,<br>u\u017e doznel v z\u00e1mke k\u013e\u00fa\u010da hlas,<br>knihu d\u0148a slnko sebou berie&#8230;<br>Zm\u013akol zvon&#8230; Pok\u013eakn\u00fa\u0165 je \u010das&#8230;<\/p>\n","protected":false},"excerpt":{"rendered":"<p>Zvon zvon\u00ed, ve\u010der pad\u00e1 na kraj,nad nami mra\u010dn\u00e1 nevidie\u0165,ako ke\u010f m\u00e1vne peru\u0165 vt\u00e1\u010dka,do m\u00e4kk\u00fdch per\u00edn klesne svet. Zm\u013akol zvon, ticho hos\u0165 je v\u0161ade,do \u00fa\u013ea v\u010dielka prilieta,v poli bdie v kr\u00ed\u017eoch zlat\u00e1 n\u00e1dejna obrus zeme vystret\u00e1. Za siedmou horou b\u00farka dun\u00ed,tam v blesku zrie\u0165 je mra\u010dien tie\u0148;z okr\u00fahlej ml\u00e1\u010dky splnu lunysvetlo sa leje do okien. Posledn\u00fd &#8230; <a title=\"Tom\u00e1\u0161 G\u00e1ll &#8211; Letn\u00fd ve\u010der\" class=\"read-more\" href=\"https:\/\/www.e-anjelik.sk\/index.php\/2020\/06\/20\/tomas-gall-letny-vecer\/\" aria-label=\"Pre\u010d\u00edtajte si viac o Tom\u00e1\u0161 G\u00e1ll &#8211; Letn\u00fd ve\u010der\">\u010c\u00edta\u0165 viac<\/a><\/p>\n","protected":false},"author":3,"featured_media":0,"comment_status":"open","ping_status":"open","sticky":false,"template":"","format":"standard","meta":{"footnotes":""},"categories":[165],"tags":[],"class_list":["post-33722","post","type-post","status-publish","format-standard","hentry","category-poezia-2"],"_links":{"self":[{"href":"https:\/\/www.e-anjelik.sk\/index.php\/wp-json\/wp\/v2\/posts\/33722","targetHints":{"allow":["GET"]}}],"collection":[{"href":"https:\/\/www.e-anjelik.sk\/index.php\/wp-json\/wp\/v2\/posts"}],"about":[{"href":"https:\/\/www.e-anjelik.sk\/index.php\/wp-json\/wp\/v2\/types\/post"}],"author":[{"embeddable":true,"href":"https:\/\/www.e-anjelik.sk\/index.php\/wp-json\/wp\/v2\/users\/3"}],"replies":[{"embeddable":true,"href":"https:\/\/www.e-anjelik.sk\/index.php\/wp-json\/wp\/v2\/comments?post=33722"}],"version-history":[{"count":1,"href":"https:\/\/www.e-anjelik.sk\/index.php\/wp-json\/wp\/v2\/posts\/33722\/revisions"}],"predecessor-version":[{"id":33723,"href":"https:\/\/www.e-anjelik.sk\/index.php\/wp-json\/wp\/v2\/posts\/33722\/revisions\/33723"}],"wp:attachment":[{"href":"https:\/\/www.e-anjelik.sk\/index.php\/wp-json\/wp\/v2\/media?parent=33722"}],"wp:term":[{"taxonomy":"category","embeddable":true,"href":"https:\/\/www.e-anjelik.sk\/index.php\/wp-json\/wp\/v2\/categories?post=33722"},{"taxonomy":"post_tag","embeddable":true,"href":"https:\/\/www.e-anjelik.sk\/index.php\/wp-json\/wp\/v2\/tags?post=33722"}],"curies":[{"name":"wp","href":"https:\/\/api.w.org\/{rel}","templated":true}]}}