{"id":33763,"date":"2020-07-13T22:23:26","date_gmt":"2020-07-13T20:23:26","guid":{"rendered":"http:\/\/e-anjelik.sk\/?p=33763"},"modified":"2020-07-13T22:23:26","modified_gmt":"2020-07-13T20:23:26","slug":"stanovisko-erc-v-sr-k-hagia-sofia","status":"publish","type":"post","link":"https:\/\/www.e-anjelik.sk\/index.php\/2020\/07\/13\/stanovisko-erc-v-sr-k-hagia-sofia\/","title":{"rendered":"Stanovisko ERC v SR: k Hagia Sofia"},"content":{"rendered":"\n<h1 class=\"wp-block-heading\">Ekumenick\u00e9 organiz\u00e1cie vyjadrili znepokojenie a hlbok\u00e9 sklamanie oh\u013eadom zmeny statusu chr\u00e1mu Hagia Sofia v Turecku<\/h1>\n\n\n\n<figure class=\"wp-block-image\"><a href=\"https:\/\/www.ecav.sk\/rails\/active_storage\/blobs\/eyJfcmFpbHMiOnsibWVzc2FnZSI6IkJBaHBBbDJQIiwiZXhwIjpudWxsLCJwdXIiOiJibG9iX2lkIn19--9f223dc95e9713117addd27e9b6b11676264f528\/image.jpg\"><img decoding=\"async\" src=\"https:\/\/www.ecav.sk\/rails\/active_storage\/representations\/eyJfcmFpbHMiOnsibWVzc2FnZSI6IkJBaHBBbDJQIiwiZXhwIjpudWxsLCJwdXIiOiJibG9iX2lkIn19--9f223dc95e9713117addd27e9b6b11676264f528\/eyJfcmFpbHMiOnsibWVzc2FnZSI6IkJBaDdCam9MY21WemFYcGxTU0lJT1RBd0Jqb0dSVlE9IiwiZXhwIjpudWxsLCJwdXIiOiJ2YXJpYXRpb24ifX0=--f83398908a42570f1be2d2870fc3e62f317d893b\/image.jpg\" alt=\"Ekumenick\u00e9 organiz\u00e1cie vyjadrili znepokojenie a hlbok\u00e9 sklamanie oh\u013eadom zmeny statusu chr\u00e1mu Hagia Sofia v Turecku\"\/><\/a><\/figure>\n\n\n\n<ul class=\"wp-block-list\"><li>&nbsp;12.07.20<\/li><li>&nbsp;&nbsp;Eva Guldanov\u00e1, asistentka gener\u00e1lneho tajomn\u00edka ERC SR<\/li><li>&nbsp;<a href=\"https:\/\/www.ecav.sk\/aktuality\/spravodajstvo\">&nbsp;Spravodajstvo<\/a><\/li><\/ul>\n\n\n\n<p>Medzin\u00e1rodn\u00e9 ekumenick\u00e9 organiz\u00e1cie \u2013 Konferencia eur\u00f3pskych cirkv\u00ed a Svetov\u00e1 rada cirkv\u00ed \u2013 okam\u017eite zareagovali na rozhodnutie \u0160t\u00e1tnej rady Turecka a n\u00e1sledn\u00e9 vyhl\u00e1senie tureck\u00e9ho prezidenta Recepa Tayyipa Erdogana z piatku 10.7.2020 oh\u013eadom zmeny statusu chr\u00e1mu Hagia Sofia v Istanbule z m\u00fazea na moslimsk\u00fa me\u0161itu.<\/p>\n\n\n\n<p>Konferencia eur\u00f3pskych cirkv\u00ed nap\u00edsala v piatok v statuse na svojom Facebookovom profile:<\/p>\n\n\n\n<p><em>Vyjadrujeme hlbok\u00e9 znepokojenie nad rozhodnut\u00edm, ktor\u00e9 \u0160t\u00e1tna rada v Turecku dnes ozn\u00e1mila oh\u013eadom statusu chr\u00e1mu Hagia Sofia, ktor\u00e9 umo\u017e\u0148uje premeni\u0165 t\u00fato pamiatku svetov\u00e9ho dedi\u010dstva na me\u0161itu. Konferencia eur\u00f3pskych cirkv\u00ed v minulosti vyjadrila svoje obavy u Eur\u00f3pskych in\u0161tit\u00faci\u00ed a UNESCO v \u00fasil\u00ed, aby sa zasadili o diplomatick\u00fd vplyv, ktor\u00fd by zabr\u00e1nil tak\u00e9muto kroku. \u201eS \u013e\u00fatos\u0165ou by sme h\u013eadeli na tak\u00fdto v\u00fdvoj, preto\u017ee by potenci\u00e1lne mohol da\u0165 podnet pre n\u00e1bo\u017eensk\u00fa nezn\u00e1\u0161anlivos\u0165 a n\u00e1silie,\u201c povedal prezident Konferencie eur\u00f3pskych cirkv\u00ed Rev. Christian Krieger.<\/em><\/p>\n\n\n\n<p>Do\u010dasn\u00fd gener\u00e1lny tajomn\u00edk Svetovej rady cirkv\u00ed (SRC) Rev. Ioan Sauca adresoval v sobotu list tureck\u00e9mu prezidentovi Recepovi Tayyipovi Erdoganovi. Vyjadril v \u0148om \u201ez\u00e1rmutok a zdesenie\u201c \u010dlensk\u00fdch cirkv\u00ed SRC nad jeho rozhodnut\u00edm premeni\u0165 svetozn\u00e1mu Hagiu Sofiu na me\u0161itu. Poznamenal, \u017ee od roku 1934 \u201ebola Hagia Sofia miestom otvorenosti, stretnutia a in\u0161pir\u00e1cie pre \u013eud\u00ed v\u0161etk\u00fdch n\u00e1rodov a n\u00e1bo\u017eenstiev.\u201c Zmena jej statusu v prvej polovici minul\u00e9ho storo\u010dia bola prejavom t\u00fa\u017eby Turecka \u201ezanecha\u0165 konflikty minulosti.\u201c<\/p>\n\n\n\n<p>Hagia Sofia (gr\u00e9cky Sv\u00e4t\u00e1 M\u00fadros\u0165) bola vybudovan\u00e1 pred 1500 rokmi ako kres\u0165ansk\u00e1 katedr\u00e1la. Po dobyt\u00ed osmansk\u00fdmi Turkami v roku 1453 bola premenen\u00e1 na me\u0161itu. V roku 1934 sa v\u0161ak stala m\u00fazeom a dnes je svetov\u00fdm kult\u00farnym dedi\u010dstvom UNESCO.<\/p>\n\n\n\n<p>Rev. Sauca nap\u00edsal: \u201eJe mojou povinnos\u0165ou tlmo\u010di\u0165 V\u00e1m z\u00e1rmutok a zdesenie Svetovej rady cirkv\u00ed \u2013 a jej 350 \u010dlensk\u00fdch cirkv\u00ed vo viac ako 110 krajin\u00e1ch, ktor\u00e9 predstavuj\u00fa viac ako pol miliardy kres\u0165anov po celom svete \u2013 nad krokom, ktor\u00fd ste pr\u00e1ve uskuto\u010dnili.\u201c Rozhodnutie premeni\u0165 Hagiu Sofiu nasp\u00e4\u0165 na me\u0161itu ju \u201ezmen\u00ed na symbol vyl\u00fa\u010denia a rozdelenia\u201c. Sauca tie\u017e vyjadril po\u013eutovanie nad faktom, \u017ee rozhodnutie sa uskuto\u010dnilo bez predch\u00e1dzaj\u00faceho upozornenia alebo diskusie s UNESCOm. Premena tak symbolick\u00e9ho miesta ako je Hagia Sofia z m\u00fazea nasp\u00e4\u0165 na me\u0161itu \u201enevyhnutne vyvol\u00e1 neistotu, podozrenia a ned\u00f4veru, a podkope v\u0161etky na\u0161e \u00fasilia privies\u0165 \u013eud\u00ed rozli\u010dnej viery k spolo\u010dn\u00e9mu stolu dial\u00f3gu a spolupr\u00e1ce.\u201c SRC sa tie\u017e v\u00e1\u017ene ob\u00e1va, \u017ee rozhodnutie \u201epovzbud\u00ed amb\u00edcie \u010fal\u0161\u00edch skup\u00edn na in\u00fdch miestach, ktor\u00e9 sa usiluj\u00fa zmeni\u0165 existuj\u00faci status quo a napom\u00e1ha\u0165 obnoveniu rozdelen\u00ed medzi n\u00e1bo\u017eensk\u00fdmi komunitami.\u201c<\/p>\n\n\n\n<p>Svetov\u00e1 rada cirkv\u00ed dlh\u00e9 roky vynaklad\u00e1 ve\u013ek\u00e9 \u00fasilie na podporu akt\u00edvneho zapojenia sa jej \u010dlensk\u00fdch cirkv\u00ed do medzin\u00e1bo\u017eensk\u00e9ho dial\u00f3gu s cie\u013eom budova\u0165 mosty vz\u00e1jomnej \u00facty a spolupr\u00e1ce zalo\u017een\u00e9 na hodnot\u00e1ch, ktor\u00e9 maj\u00fa rozli\u010dn\u00e9 n\u00e1bo\u017eensk\u00e9 spolo\u010denstv\u00e1 spolo\u010dn\u00e9.<\/p>\n\n\n\n<p>Gener\u00e1lny tajomn\u00edk Sauca na z\u00e1ver svojho listu vyzval prezidenta Erdogana: \u201eP\u00e1n prezident &#8230; v z\u00e1ujme podpory vz\u00e1jomn\u00e9ho porozumenia, \u00facty, dial\u00f3gu a spolupr\u00e1ce, a s cie\u013eom vyhn\u00fa\u0165 sa pestovaniu star\u00fdch nepriate\u013esk\u00fdch postojov a rozdelen\u00ed V\u00e1s naliehavo \u017eiadame, aby ste znovu zv\u00e1\u017eili a zvr\u00e1tili Va\u0161e rozhodnutie.\u201c<\/p>\n\n\n\n<p>\u201ePrid\u00e1vame sa k jeho sv\u00e4tosti ekumenick\u00e9mu patriarchovi Bartolomejovi a vyjadrujeme na\u0161u vr\u00facnu n\u00e1dej a modlitbu, aby sa Hagia Sofia nestala op\u00e4tovne ohniskom konfront\u00e1cie a konfliktu, ale bola obnoven\u00e1 jej symbolick\u00e1 zjednocuj\u00faca rola, ktor\u00fa mala od roku 1934.\u201c<\/p>\n\n\n\n<p>Kon\u0161tant\u00ednopolsk\u00fd patriarcha Bartolomej I. varoval e\u0161te koncom j\u00fana, \u017ee premena chr\u00e1mu na moslimsk\u00fd sv\u00e4tost\u00e1nok rozdel\u00ed moslimsk\u00fa a kres\u0165ansk\u00fa komunitu. Chr\u00e1m Bo\u017eej M\u00fadrosti pod\u013ea neho predstavuje \u017eivotom pulzuj\u00face centrum, kde sa Z\u00e1pad a V\u00fdchod m\u00f4\u017eu stretn\u00fa\u0165, jeho premena na me\u0161itu by bola vsaden\u00edm klinu medzi tieto dva svety. Ako m\u00fazeum chr\u00e1m predstavuje miesto dial\u00f3gu, solidarity a vz\u00e1jomn\u00e9ho pochopenia t\u00fdchto dvoch svetov.<\/p>\n\n\n\n<p>Tla\u010dov\u00e1 spr\u00e1va Svetovej rady cirkv\u00ed (11.7.2020):&nbsp;<a href=\"https:\/\/www.oikoumene.org\/en\/press-centre\/news\/hagia-sophia-decision-by-president-erdogan-evokes-grief-and-dismay-from-world-council-of-churches\">https:\/\/www.oikoumene.org\/en\/press-centre\/news\/hagia-sophia-decision-by-president-erdogan-evokes-grief-and-dismay-from-world-council-of-churches<\/a><\/p>\n\n\n\n<p><\/p>\n","protected":false},"excerpt":{"rendered":"<p>Ekumenick\u00e9 organiz\u00e1cie vyjadrili znepokojenie a hlbok\u00e9 sklamanie oh\u013eadom zmeny statusu chr\u00e1mu Hagia Sofia v Turecku &nbsp;12.07.20 &nbsp;&nbsp;Eva Guldanov\u00e1, asistentka gener\u00e1lneho tajomn\u00edka ERC SR &nbsp;&nbsp;Spravodajstvo Medzin\u00e1rodn\u00e9 ekumenick\u00e9 organiz\u00e1cie \u2013 Konferencia eur\u00f3pskych cirkv\u00ed a Svetov\u00e1 rada cirkv\u00ed \u2013 okam\u017eite zareagovali na rozhodnutie \u0160t\u00e1tnej rady Turecka a n\u00e1sledn\u00e9 vyhl\u00e1senie tureck\u00e9ho prezidenta Recepa Tayyipa Erdogana z piatku 10.7.2020 oh\u013eadom &#8230; <a title=\"Stanovisko ERC v SR: k Hagia Sofia\" class=\"read-more\" href=\"https:\/\/www.e-anjelik.sk\/index.php\/2020\/07\/13\/stanovisko-erc-v-sr-k-hagia-sofia\/\" aria-label=\"Pre\u010d\u00edtajte si viac o Stanovisko ERC v SR: k Hagia Sofia\">\u010c\u00edta\u0165 viac<\/a><\/p>\n","protected":false},"author":4,"featured_media":0,"comment_status":"open","ping_status":"open","sticky":false,"template":"","format":"standard","meta":{"footnotes":""},"categories":[193,2,519,86],"tags":[],"class_list":["post-33763","post","type-post","status-publish","format-standard","hentry","category-co-pisu-ini","category-ekumena","category-evanjelicky-svet","category-historicke-kostoly-a-stavby"],"_links":{"self":[{"href":"https:\/\/www.e-anjelik.sk\/index.php\/wp-json\/wp\/v2\/posts\/33763","targetHints":{"allow":["GET"]}}],"collection":[{"href":"https:\/\/www.e-anjelik.sk\/index.php\/wp-json\/wp\/v2\/posts"}],"about":[{"href":"https:\/\/www.e-anjelik.sk\/index.php\/wp-json\/wp\/v2\/types\/post"}],"author":[{"embeddable":true,"href":"https:\/\/www.e-anjelik.sk\/index.php\/wp-json\/wp\/v2\/users\/4"}],"replies":[{"embeddable":true,"href":"https:\/\/www.e-anjelik.sk\/index.php\/wp-json\/wp\/v2\/comments?post=33763"}],"version-history":[{"count":1,"href":"https:\/\/www.e-anjelik.sk\/index.php\/wp-json\/wp\/v2\/posts\/33763\/revisions"}],"predecessor-version":[{"id":33764,"href":"https:\/\/www.e-anjelik.sk\/index.php\/wp-json\/wp\/v2\/posts\/33763\/revisions\/33764"}],"wp:attachment":[{"href":"https:\/\/www.e-anjelik.sk\/index.php\/wp-json\/wp\/v2\/media?parent=33763"}],"wp:term":[{"taxonomy":"category","embeddable":true,"href":"https:\/\/www.e-anjelik.sk\/index.php\/wp-json\/wp\/v2\/categories?post=33763"},{"taxonomy":"post_tag","embeddable":true,"href":"https:\/\/www.e-anjelik.sk\/index.php\/wp-json\/wp\/v2\/tags?post=33763"}],"curies":[{"name":"wp","href":"https:\/\/api.w.org\/{rel}","templated":true}]}}