{"id":33767,"date":"2020-07-14T16:08:13","date_gmt":"2020-07-14T14:08:13","guid":{"rendered":"http:\/\/e-anjelik.sk\/?p=33767"},"modified":"2021-08-14T21:57:41","modified_gmt":"2021-08-14T19:57:41","slug":"viera-je-z-pocuvania","status":"publish","type":"post","link":"https:\/\/www.e-anjelik.sk\/index.php\/2020\/07\/14\/viera-je-z-pocuvania\/","title":{"rendered":"Viera je z po\u010d\u00favania"},"content":{"rendered":"\n<p><strong>Viera je z po\u010d\u00favania<\/strong><\/p>\n\n\n\n<p><strong>R 10, 12 &#8211; 17:<\/strong><\/p>\n\n\n\n<p><em>&nbsp; &nbsp; <\/em><em>\u201cNieto teda rozdielu medzi \u017didom a Gr\u00e9kom. Lebo v\u0161etci maj\u00fa toho ist\u00e9ho P\u00e1na bohat\u00e9ho pre v\u0161etk\u00fdch, ktor\u00ed Ho vz\u00fdvaj\u00fa. (13) Ka\u017ed\u00fd \u010dlovek toti\u017e, ktor\u00fd by vz\u00fdval meno P\u00e1novo, bude spasen\u00fd. (14) Ale ako bud\u00fa vz\u00fdva\u0165 Toho, v koho neuverili? A ako uveria v Toho, koho nepo\u010duli? A ako po\u010duj\u00fa bez kazate\u013ea ?(15) A ako bud\u00fa k\u00e1za\u0165, ak nie s\u00fa poslan\u00ed? Ako je nap\u00edsan\u00e9: Ak\u00e9 vz\u00e1cne s\u00fa kroky t\u00fdch, \u010do ako evanjelium zvestuj\u00fa pokoj a dobr\u00e9 veci! (16) Ale nie v\u0161etci uposl\u00fachli evanjelium. Lebo Izai\u00e1\u0161 hovor\u00ed: Pane, kto uveril n\u00e1\u0161mu k\u00e1zaniu? (17) Teda viera je z po\u010d\u00favania a po\u010d\u00favanie skrze slovo Kristovo.\u201d &nbsp; Amen<\/em><\/p>\n\n\n\n<p>&nbsp; &nbsp; &nbsp; Mil\u00ed bratia a sestry v P\u00e1novi Je\u017ei\u0161ovi Kristovi!<\/p>\n\n\n\n<p>&nbsp;&nbsp; &nbsp; Nepri\u0161iel som v\u00e1s sk\u00fa\u0161a\u0165, ale napriek tomu mi dovo\u013ete na \u00favod polo\u017ei\u0165 ot\u00e1zku, okrem t\u00fdch prv\u00fdch \u0161tyroch, ktor\u00e9 n\u00e1m v\u0161etk\u00fdm kladie apo\u0161tol Pavel v \u00favodnom texte. Predstavte si, \u017ee v cirkevnom zbore v ktorom niet far\u00e1ra, je potrebn\u00e9 urobi\u0165 opravu a ma\u013eovanie kostola, ale aj opravu a ma\u013eovanie fary. \u010co by ste urobili ako prv\u00e9? Obe budovy s\u00fa d\u00f4le\u017eit\u00e9! Kostol je Bo\u017e\u00ed dom a je pre n\u00e1s miesto posv\u00e4tn\u00e9. Vo fare b\u00fdva \u010dlovek, brat far\u00e1r a jeho rodina. \u010co by malo dosta\u0165 prednos\u0165 ? Ne\u010dak\u00e1m, \u017ee budete odpoveda\u0165 nahlas, ale v duchu si m\u00f4\u017ee da\u0165 odpove\u010f ka\u017ed\u00fd z v\u00e1s.&nbsp;<\/p>\n\n\n\n<p>&nbsp; &nbsp; Ak ste si odpove\u010f vybrali, zapo\u010d\u00favajme sa znovu do Bo\u017eieho slova, ktor\u00e9 je pre n\u00e1s rozhoduj\u00facim usmernen\u00edm. Povedan\u00e9 slovami \u017ealmistu, ono je: <em>\u201cSviecou na\u0161\u00edm noh\u00e1m a svetlom na\u0161\u00edm chodn\u00edkom\u201d (\u017d 119). <\/em>Apo\u0161tol Pavol kladie na prv\u00e9 miesto v \u017eivote cirkvi a cirkevn\u00fdch zborov:vz\u00fdvanie mena Je\u017ei\u0161, ktor\u00fd je P\u00e1nom v\u0161etk\u00e9ho a v\u0161etk\u00fdch. &nbsp;<\/p>\n\n\n\n<p>&nbsp; &nbsp; &nbsp; &nbsp; Kto Je\u017ei\u0161a ako P\u00e1na vyzn\u00e1va, vz\u00fdva a oslavuje, m\u00e1 vz\u00e1cne zas\u013e\u00fabenie spasenia. \u010ci\u017ee bude zachr\u00e1nen\u00fd z moci hriechu a smrti k \u017eivotu ve\u010dn\u00e9mu bez oh\u013eadu na to, \u010di poch\u00e1dza zo \u017eidovstva, alebo pohanstva. Apo\u0161tol Pevel tie\u017e polo\u017eil r\u00edmskym kres\u0165anom, a tak aj v\u0161etk\u00fdm n\u00e1m \u0161tyri d\u00f4le\u017eit\u00e9 ot\u00e1zky:<\/p>\n\n\n\n<ol class=\"wp-block-list\"><li><strong><em>Ale ako bud\u00fa vz\u00fdva\u0165 Toho, v koho neuverili?<\/em> &nbsp; &nbsp;<\/strong> &nbsp; &nbsp; &nbsp; &nbsp; &nbsp; &nbsp; &nbsp; &nbsp; &nbsp; &nbsp; &nbsp; &nbsp; &nbsp; Z tejto ot\u00e1zky vypl\u00fdva skuto\u010dnos\u0165, \u017ee \u013eudia sami od seba, \u010di zo seba, Je\u017ei\u0161a vz\u00fdva\u0165 nebud\u00fa. Jednoducho, nevidia d\u00f4vod pre\u010do by oslavovali nejak\u00e9ho mu\u017ea menom Je\u017ei\u0161, ak Ho spr\u00e1vne nepoznaj\u00fa, neveria v Neho a nemaj\u00fa v Neho d\u00f4veru. Odpove\u010f na prv\u00fa ot\u00e1zku je teda jasn\u00e1: nijako! Ak \u013eudia v Je\u017ei\u0161a neveria, vz\u00fdva\u0165 Ho nebud\u00fa.&nbsp; &nbsp; &nbsp;<\/li><\/ol>\n\n\n\n<p>&nbsp;2. Preto sa apo\u0161tol p\u00fdta \u010falej: <strong><em>\u201cA ako uveria v Toho, v koho nepo\u010duli? <\/em><\/strong>Logick\u00e1 odpove\u010f je op\u00e4\u0165 nasnadne: nijako!&nbsp; Ak nepo\u010duli zves\u0165 evanjelia &#8211; neuveria. Na druhej strane: Ak sa o Je\u017ei\u0161ovi dozvedia pravdu, ak Ho po\u010duj\u00fa a spozn\u00e1vaj\u00fa Jeho hlas, ak vedia o Jeho s\u013eube: <em>\u201d Ajh\u013ea, ja som s vami, po v\u0161etky dni\u2026 <\/em>&#8211; tak m\u00f4\u017eu v Neho veri\u0165&nbsp; a potom Ho m\u00f4\u017eu vz\u00fdva\u0165, oslavova\u0165, prosi\u0165 o po\u017eehnanie a \u010fakova\u0165 Mu za Jeho milos\u0165. \u010ci\u017ee, aby uverili, musia Ho po\u010du\u0165. Musia po\u010du\u0165 a porozumie\u0165 Jeho slov\u00e1.<\/p>\n\n\n\n<p>&nbsp;&nbsp; &nbsp; 3. Ale apo\u0161tol sa znova p\u00fdta:<strong><em> \u201cA ako po\u010duj\u00fa bez kazate\u013ea?\u201d<\/em>&nbsp;<\/strong><\/p>\n\n\n\n<p>&nbsp; Ako Ho po\u010duj\u00fa bez zvestovate\u013ea, svedka a bez kazate\u013ea, ktor\u00fd je&nbsp; &nbsp; &nbsp;<\/p>\n\n\n\n<p>&nbsp; Jeho vern\u00fd slu\u017eobn\u00edk? Je zrejm\u00e9, \u017ee bez kazate\u013ea Ho nepo\u010duj\u00fa.<\/p>\n\n\n\n<p>&nbsp;&nbsp; Tu sa, mil\u00ed priatelia, dost\u00e1vame k odpovedi na moju \u00favodn\u00fa ot\u00e1zku: Ak cirkevn\u00fd zbor nem\u00e1 pripraven\u00fd byt pre svojho riadnho kazate\u013ea, nem\u00f4\u017ee zbor naplno, v \u010dase dobrom i v zlom, v radosti \u010di \u017ealosti Je\u017ei\u0161ovo slovo po\u010du\u0165! \u00davodn\u00e1 ot\u00e1zka: \u010di sk\u00f4r pripravi\u0165 faru, alebo kostol &#8211; nebola teda nadbyto\u010dn\u00e1. Kazate\u013e nem\u00f4\u017ee v \u017eiadnom cirkevnom zbore dlhodobo a s\u00fastredene p\u00f4sobi\u0165 a kona\u0165 slu\u017ebu kazate\u013ea slova Bo\u017eieho, ak nem\u00e1 vytvoren\u00e9 z\u00e1kladn\u00e9 podmienky.&nbsp;<\/p>\n\n\n\n<p>&nbsp; &nbsp; Som r\u00e1d, \u017ee V\u00e1m, mil\u00ed dom\u00e1ci viery, m\u00f4\u017eem dnes posl\u00fa\u017ei\u0165 zves\u0165ou evanjelia. Ale s\u00fa\u010dasne v\u00e1m, ktor\u00fdm z\u00e1le\u017e\u00ed na rozkvete v\u00e1\u0161ho zboru, chcem celkom otvorene a priate\u013esky pripomen\u00fa\u0165 va\u0161u prvorad\u00fa \u00falohu a kroky, ktor\u00e9 m\u00e1te urobi\u0165 po skon\u010den\u00ed slu\u017eby va\u0161ich dlhoro\u010dn\u00fdch kazate\u013eov a pri \u010d\u00edm skor\u0161om novom obsaden\u00ed far\u00e1rskych miest vo va\u0161om bohumilom myjavskom cirkevnom zbore. To za v\u00e1s nem\u00f4\u017ee nikto in\u00fd urobi\u0165 a zariadi\u0165.<\/p>\n\n\n\n<p>&nbsp; &nbsp; Apo\u0161tol Pavel bol Kristom P\u00e1nom povolan\u00fd a pomazan\u00fd Duchom Sv\u00e4t\u00fdm za zvestovate\u013ea Jeho evanjelia. Napriek tomu nie v\u0161etci Pavla ako slu\u017eobn\u00edka prijali, nie v\u0161etci ho vypo\u010duli, nie v\u0161etci, ktor\u00ed po\u010d\u00favali uverili. Pavel pripom\u00edna aj slu\u017ebu proroka Izai\u00e1\u0161a a jeho hlbok\u00fd povzdych a ot\u00e1zku: <em>\u201cPane, kto uveril n\u00e1\u0161mu k\u00e1zaniu?\u201d<\/em>&nbsp; &nbsp; &nbsp; Odpove\u010f je op\u00e4\u0165 nevysloven\u00e1, ale jasn\u00e1: Nie v\u0161etci, iba niektor\u00ed.&nbsp;<\/p>\n\n\n\n<p>Napriek tomu je prorokovi i apo\u0161tolovi jedna vec zrejm\u00e1:<em>\u201d Viera je z po\u010d\u00favania a po\u010d\u00favanie skrze slovo Kristovo\u201d. &nbsp;<\/em><\/p>\n\n\n\n<p><em>&nbsp;&nbsp; <\/em>&nbsp; Ak sa viera rodila v \u010dasoch SZ i NZ z po\u010d\u00favania a to z po\u010d\u00favania Bohom, alebo Je\u017ei\u0161om povolan\u00fdch svedkov, je celkom zrejm\u00e9, \u017ee ani tu na Myjave a v\u0161etk\u00fdch pri\u013eahl\u00fdch obciach, \u010di kopaniciach to v minulosti nebolo inak. A nebude to inak ani v bud\u00facnosti. Plat\u00ed to o celej na\u0161ej cirkvi, a aj o cirkv\u00e1ch s in\u00fdm vierovyznan\u00edm, ako je na\u0161e.<\/p>\n\n\n\n<p>&nbsp; &nbsp; Mil\u00ed priatelia, bratia a sestry!&nbsp;<\/p>\n\n\n\n<p>&nbsp;&nbsp; Toto poznanie platilo v cel\u00fdch dejin\u00e1ch cirkvi. Pre t\u00fd\u017ed\u0148om sme sv\u00e4tili sviatok slovienskych apo\u0161tolov Kon\u0161tant\u00edta a Metoda. Aj oni pri\u0161li ako pozvan\u00ed a s\u00fa\u010dasne vyslan\u00ed k na\u0161\u00edm predkom s posolstvom evanjelia. Bez kazate\u013eov nemohli na\u0161i predkovia slovo evanjelia po\u010du\u0165 a Krista pozna\u0165 a vz\u00fdva\u0165 Ho ako prav\u00e9ho Boha. Zd\u00f4raznil to aj Kon\u0161tant\u00edn Filozof v b\u00e1sni Proglas, ktor\u00fa zlo\u017eil ako hymnick\u00fa oslavu pr\u00edchodu evanjelia Je\u017ei\u0161a Krista na Ve\u013ek\u00fa Moravu. Proglas nezlo\u017eil na oslavu seba a svojho brata Metoda, ale na oslavu Kristovho evanjelia.<em>&nbsp;<\/em><\/p>\n\n\n\n<p><em>\u201dEvanjeliu sv\u00e4t\u00e9mu som predslovom: \/&nbsp;<\/em><\/p>\n\n\n\n<p><em>ako n\u00e1m d\u00e1vno s\u013eubovali proroci, \/&nbsp;<\/em><\/p>\n\n\n\n<p><em>prich\u00e1dza Kristus zhroma\u017e\u010fova\u0165 n\u00e1rody,\/&nbsp;<\/em><\/p>\n\n\n\n<p><em>preto\u017ee svieti svetlom svetu cel\u00e9mu.\/\/<\/em><\/p>\n\n\n\n<p>&nbsp;&nbsp;<strong> 2.<\/strong>&nbsp;<\/p>\n\n\n\n<p>&nbsp;&nbsp; Mo\u017eno, mil\u00ed bratia a sestry e\u0161te sm\u00fatite pri odchode va\u0161ich kazate\u013eov, alebo mo\u017eno m\u00e1te pocit, \u017ee va\u0161i dlhoro\u010dn\u00ed kazatelia s\u00fa a bud\u00fa \u017ei\u0165 medzi vami, tak\u017ee sa nemus\u00edte o ni\u010d stara\u0165. Pr\u00edpadne sa m\u00f4\u017eete spolieha\u0165 na slu\u017ebu zastupuj\u00facich kazate\u013eov. Apo\u0161tol Pavel v\u0161ak kladie kres\u0165anom v r\u00edmskom cirkevom zbore e\u0161te jednu d\u00f4le\u017eit\u00fa ot\u00e1zku: <strong><em>\u201cA ako bud\u00fa k\u00e1za\u0165, ak nie s\u00fa poslan\u00ed?\u201d.<\/em><\/strong><em>&nbsp;<\/em><\/p>\n\n\n\n<p><em>&nbsp;&nbsp; &nbsp; <\/em>Kazatelia v na\u0161ej cirkvi nie s\u00fa s\u00fakromn\u00e9 osoby. Na jednej strane s\u00fa a maj\u00fa by\u0165 povolan\u00ed Kristom P\u00e1nom, tak\u017ee po\u010duj\u00fac Jeho hlas odpovedia s prorokom: <em>\u201dTu som Pane, po\u0161li m\u0148a\u201d<\/em>. Toto povolanie naz\u00fdvame v cirkvi \u201cvn\u00fatorn\u00fdm povolan\u00edm\u201d. Ono je predpokladom povolania vonkaj\u0161ieho, vidite\u013en\u00e9ho, zjavn\u00e9ho a zrejm\u00e9ho v\u0161etk\u00fdm.&nbsp;<\/p>\n\n\n\n<p>Pre n\u00e1s je hlavou cirkvi P\u00e1n Je\u017ei\u0161 Kristus. On, z neba poslan\u00fd k n\u00e1m, ako prv\u00fd posiela svojich slu\u017eobn\u00edkom, aby ako On na Genezaretskom jazere, <em>\u201codrazili na hlbinu\u201d<\/em>. Aby verne zvestovali a prin\u00e1\u0161ali poklad evanjelia.<\/p>\n\n\n\n<p>&nbsp; &nbsp; Z Bo\u017eej milosti m\u00f4\u017eu posla\u0165 do cirkevn\u00fdch zborov slu\u017eobn\u00edkov a pracovn\u00edkov biskupi, ktor\u00ed s\u00fa pastieri pastierov a ktor\u00ed ich maj\u00fa aj kontrolova\u0165. Ale k pln\u00e9mu povolaniu a patr\u00ed aj slovo cel\u00e9ho st\u00e1da Bo\u017eieho, ktor\u00e9 je v konkr\u00e9tnom cirkevnom zbore. Cirkevn\u00fd zbor m\u00e1 pr\u00e1vo &#8211; a s\u00fa\u010dasne aj povinnos\u0165, vybra\u0165 si vern\u00e9ho pastiera, \u010di pastierov a zveri\u0165 im slu\u017ebu zvesti, k\u00e1zania a vyu\u010dovania Bo\u017eieho slova. Pred touto zodpovednou \u00falohou stoj\u00edte aj vy, mil\u00ed bratia a sestry v cirkevnom zbore myjavskom.&nbsp;<\/p>\n\n\n\n<p>&nbsp;&nbsp; &nbsp; Slovami dne\u0161n\u00e9ho evanjelia, obrazne povedan\u00e9: potrebuje najmenej dva \u010dlny, najmenej dve os\u00e1dky v nich, ktor\u00e9 maj\u00fa na P\u00e1novo slovo <em>\u201cspusti\u0165 siete a lovi\u0165\u201d. <\/em>Samozrejme<em>, <\/em>nie ryby, ale z\u00edskava\u0165 \u013eud\u00ed pre kr\u00e1\u013eovstvo Bo\u017eie. Ak s\u00fa siete derav\u00e9, treba ich opravi\u0165, aby zahrnuli \u010d\u00edm viacer\u00fdch. Osobne nepochybujem, \u017ee nov\u00e9 sily, nov\u00ed kazatelia so v\u0161etk\u00fdmi vami a \u010fal\u0161\u00edmi spolupracovn\u00edkmi m\u00e1te pred sebou n\u00e1ro\u010dn\u00fd, ale aj n\u00e1dejny \u201crybolov\u201d. Spolu s nimi m\u00e1te z\u00edska\u0165 t\u00fdch, \u010do sa vzdialili, \u010di \u201codpl\u00e1vali s pr\u00fadom\u201d, ale z\u00edska\u0165 pre P\u00e1na aj nov\u00fdch cirkevn\u00edkov. In\u00fdmi slovami P\u00edsma vyjadren\u00e9:<em> \u201d \u017datvy je s\u00edce mnoho, ale pracovn\u00edkov m\u00e1lo, proste teda, aby P\u00e1n vyslal pracovn\u00edkov na svoju \u017eatvu\u201d. &nbsp;<\/em><\/p>\n\n\n\n<p><strong>&nbsp; &nbsp; 3. <\/strong>Napokon,po\u010dujme mil\u00ed bratia a sestry nie\u010do aj o tom, v \u010dom je hodnota viery, ktor\u00e1 je z po\u010d\u00favania. V \u010dom je hodnota a d\u00f4le\u017eitos\u0165 vz\u00fdvania P\u00e1na Je\u017ei\u0161a Krista a hodnota k\u00e1zania \u010dist\u00e9ho evanjelia z \u00fast t\u00fdch, ktor\u00ed s\u00fa poslan\u00ed a povolan\u00ed P\u00e1nom? Apo\u0161tol Pavel hovor\u00ed:<em> \u201cAk\u00e9 vz\u00e1cne s\u00fa kroky t\u00fdch, \u010do ako evanjelium zvestuj\u00fa pokoj a dobr\u00e9 veci\u201d.<\/em><\/p>\n\n\n\n<p>&nbsp; &nbsp; Tak to povedal u\u017e prorok Izai\u00e1\u0161 (52, 7) a tieto slov\u00e1 platia v ka\u017edom \u010dase. Ide o zves\u0165 pokoja, ktor\u00fd je od P\u00e1na Boha. Nejde o pokoj \u013eudsk\u00fd. Ten je v\u017edy nedokonal\u00fd a najm\u00e4: je iba do\u010dasn\u00fd. \u013dudsk\u00fd mier je iba oddych medzi dvomi vojnami, ktor\u00e9 sa obnovuj\u00fa a ustavi\u010dne pokra\u010duj\u00fa. My v\u0161etci v\u0161ak potrebuje pokoj od P\u00e1na,&nbsp; \u010di\u017ee skuto\u010dn\u00e9 odpustenie hriechov, zmierenie a nov\u00fd \u017eivot, ktor\u00fd nekon\u010d\u00ed, ale m\u00e1 svoje pokra\u010dovanie vo ve\u010dnosti. Je v\u00fdsledkom por\u00e1\u017eky hriechu v n\u00e1s, por\u00e1\u017eky diabla i sveta, ktor\u00fd \u010dasto stoj\u00ed proti Bohu. Zves\u0165 evanjelia je <em>\u201cmocou Bo\u017eou\u201d,<\/em> ktor\u00e1 p\u00f4sob\u00ed mnoh\u00e9 <em>\u201cdobr\u00e9 veci\u201d <\/em>u\u017e v tejto \u010dasnosti. Dobr\u00e9 je to, \u010do je od Dobr\u00e9ho. Sloboda, pr\u00e1vo a spravodivos\u0165, po\u017eehnanie osobn\u00e9, rodinn\u00e9 i po\u017eehnanie celej vlasti. On d\u00e1va v\u0161etk\u00fdm n\u00e1m denne viac, ako si zasluhujeme. Pre n\u00e1s veriacich je to v\u0161ak d\u00f4vod trvalej v\u010faky a d\u00f4vod st\u00e1leho vz\u00fdvania Krista P\u00e1na. Amen<\/p>\n\n\n\n<p>&nbsp; &nbsp; 5.nede\u013ea po Sv.Trojici &#8211; CZ Myjava 2020 &#8211; \u013dubom\u00edr Batka st.<\/p>\n","protected":false},"excerpt":{"rendered":"<p>Viera je z po\u010d\u00favania R 10, 12 &#8211; 17: &nbsp; &nbsp; \u201cNieto teda rozdielu medzi \u017didom a Gr\u00e9kom. Lebo v\u0161etci maj\u00fa toho ist\u00e9ho P\u00e1na bohat\u00e9ho pre v\u0161etk\u00fdch, ktor\u00ed Ho vz\u00fdvaj\u00fa. (13) Ka\u017ed\u00fd \u010dlovek toti\u017e, ktor\u00fd by vz\u00fdval meno P\u00e1novo, bude spasen\u00fd. (14) Ale ako bud\u00fa vz\u00fdva\u0165 Toho, v koho neuverili? A ako uveria v Toho, &#8230; <a title=\"Viera je z po\u010d\u00favania\" class=\"read-more\" href=\"https:\/\/www.e-anjelik.sk\/index.php\/2020\/07\/14\/viera-je-z-pocuvania\/\" aria-label=\"Pre\u010d\u00edtajte si viac o Viera je z po\u010d\u00favania\">\u010c\u00edta\u0165 viac<\/a><\/p>\n","protected":false},"author":4,"featured_media":0,"comment_status":"open","ping_status":"open","sticky":false,"template":"","format":"standard","meta":{"footnotes":""},"categories":[572,119,121,118],"tags":[],"class_list":["post-33767","post","type-post","status-publish","format-standard","hentry","category-5-nedela-po-sv-trojici","category-obdobie-po-sv-trojici","category-kazne","category-myjava"],"_links":{"self":[{"href":"https:\/\/www.e-anjelik.sk\/index.php\/wp-json\/wp\/v2\/posts\/33767","targetHints":{"allow":["GET"]}}],"collection":[{"href":"https:\/\/www.e-anjelik.sk\/index.php\/wp-json\/wp\/v2\/posts"}],"about":[{"href":"https:\/\/www.e-anjelik.sk\/index.php\/wp-json\/wp\/v2\/types\/post"}],"author":[{"embeddable":true,"href":"https:\/\/www.e-anjelik.sk\/index.php\/wp-json\/wp\/v2\/users\/4"}],"replies":[{"embeddable":true,"href":"https:\/\/www.e-anjelik.sk\/index.php\/wp-json\/wp\/v2\/comments?post=33767"}],"version-history":[{"count":1,"href":"https:\/\/www.e-anjelik.sk\/index.php\/wp-json\/wp\/v2\/posts\/33767\/revisions"}],"predecessor-version":[{"id":33768,"href":"https:\/\/www.e-anjelik.sk\/index.php\/wp-json\/wp\/v2\/posts\/33767\/revisions\/33768"}],"wp:attachment":[{"href":"https:\/\/www.e-anjelik.sk\/index.php\/wp-json\/wp\/v2\/media?parent=33767"}],"wp:term":[{"taxonomy":"category","embeddable":true,"href":"https:\/\/www.e-anjelik.sk\/index.php\/wp-json\/wp\/v2\/categories?post=33767"},{"taxonomy":"post_tag","embeddable":true,"href":"https:\/\/www.e-anjelik.sk\/index.php\/wp-json\/wp\/v2\/tags?post=33767"}],"curies":[{"name":"wp","href":"https:\/\/api.w.org\/{rel}","templated":true}]}}