{"id":3378,"date":"2011-02-11T11:58:00","date_gmt":"2011-02-11T11:58:00","guid":{"rendered":"http:\/\/e-anjelik.sk\/?p=3378"},"modified":"2011-02-11T11:58:00","modified_gmt":"2011-02-11T11:58:00","slug":"obavy-o-syrsku-pravoslavnu-cirkev-v-turecku","status":"publish","type":"post","link":"https:\/\/www.e-anjelik.sk\/index.php\/2011\/02\/11\/obavy-o-syrsku-pravoslavnu-cirkev-v-turecku\/","title":{"rendered":"Obavy o s\u00fdrsku pravosl\u00e1vnu cirkev v Turecku"},"content":{"rendered":"<p>Najvy&scaron;&scaron;&iacute; predstavitelia ev. a kat. cirkvi v Nemecku vyjadrili ve\u013ek&uacute; staros\u0165 z narastaj&uacute;ceho utl&aacute;\u010dania S&yacute;rskej pravosl&aacute;vnej cirkvi v Turecku. D&ocirc;vodom je spor o vlastn&iacute;ctvo pozemku &nbsp;kl&aacute;&scaron;tora Mor Gabriel v Tur Abdine, na juhov&yacute;chode krajiny. L&iacute;dri cirkv&iacute; :&quot; S rozhor\u010den&iacute;m sme prijali spr&aacute;vu o rozsudku Kasa\u010dn&eacute;ho s&uacute;du v Ankare nad 1600 rokov star&yacute;m kl&aacute;&scaron;torom. Tento s&uacute;d anuloval rozhodnutie o vlastn&iacute;ctve predch&aacute;dzaj&uacute;ceho s&uacute;du a ve\u013ek&uacute; \u010das\u0165 pozemkov kl&aacute;&scaron;tora pris&uacute;dil &scaron;t&aacute;tu. Kl&aacute;&scaron;tor bol zalo\u017een&yacute; roku 397, m&aacute; v&yacute;znamn&uacute; &scaron;kolu, z ktorej po\u010das dej&iacute;n vy&scaron;li v&yacute;znamn&eacute; osobnosti. S&uacute;d ignoroval platn&eacute; dokumenty o vlastn&iacute;ctve. Teraz hroz&iacute;, \u017ee ochrann&eacute; m&uacute;ry bud&uacute; zr&uacute;can&eacute; a kl&aacute;&scaron;tor s chr&aacute;mom bude vystaven&yacute; otvoren&eacute;mu drancovaniu a p\u013eundrovaniu. &quot; Biskupi vyz&yacute;vaj&uacute; nemeck&uacute; vl&aacute;du, aby zasiahla u tureckej vl&aacute;dy proti tomuto bezpr&aacute;viu a po&scaron;kodzovaniu n&aacute;bo\u017eenskej slobody kres\u0165anskej men&scaron;iny v Turecku. Turecko sa chce sta\u0165 \u010dlenom E&Uacute;, no pr&aacute;va a sloboda men&scaron;&iacute;n s&uacute; tam silne po&scaron;kodzovan&eacute;. Z 95 mili&oacute;nov obyvate\u013eov s&uacute; 72 mil. moslimovia, kres\u0165anov je do 120 tis&iacute;c.<\/p>\n<p>(<a href=\"http:\/\/www.idea.de\">www.idea.de<\/a>)<\/p>\n<p>&nbsp;<\/p>\n","protected":false},"excerpt":{"rendered":"<p>Najvy&scaron;&scaron;&iacute; predstavitelia ev. a kat. cirkvi v Nemecku vyjadrili ve\u013ek&uacute; staros\u0165 z narastaj&uacute;ceho utl&aacute;\u010dania S&yacute;rskej pravosl&aacute;vnej cirkvi v Turecku. D&ocirc;vodom je spor o vlastn&iacute;ctvo pozemku &nbsp;kl&aacute;&scaron;tora Mor Gabriel v Tur Abdine, na juhov&yacute;chode krajiny. L&iacute;dri cirkv&iacute; :&quot; S rozhor\u010den&iacute;m sme prijali spr&aacute;vu o rozsudku Kasa\u010dn&eacute;ho s&uacute;du v Ankare nad 1600 rokov star&yacute;m kl&aacute;&scaron;torom. Tento s&uacute;d &#8230; <a title=\"Obavy o s\u00fdrsku pravosl\u00e1vnu cirkev v Turecku\" class=\"read-more\" href=\"https:\/\/www.e-anjelik.sk\/index.php\/2011\/02\/11\/obavy-o-syrsku-pravoslavnu-cirkev-v-turecku\/\" aria-label=\"Pre\u010d\u00edtajte si viac o Obavy o s\u00fdrsku pravosl\u00e1vnu cirkev v Turecku\">\u010c\u00edta\u0165 viac<\/a><\/p>\n","protected":false},"author":22,"featured_media":0,"comment_status":"open","ping_status":"open","sticky":false,"template":"","format":"standard","meta":{"footnotes":""},"categories":[2],"tags":[],"class_list":["post-3378","post","type-post","status-publish","format-standard","hentry","category-ekumena"],"_links":{"self":[{"href":"https:\/\/www.e-anjelik.sk\/index.php\/wp-json\/wp\/v2\/posts\/3378","targetHints":{"allow":["GET"]}}],"collection":[{"href":"https:\/\/www.e-anjelik.sk\/index.php\/wp-json\/wp\/v2\/posts"}],"about":[{"href":"https:\/\/www.e-anjelik.sk\/index.php\/wp-json\/wp\/v2\/types\/post"}],"author":[{"embeddable":true,"href":"https:\/\/www.e-anjelik.sk\/index.php\/wp-json\/wp\/v2\/users\/22"}],"replies":[{"embeddable":true,"href":"https:\/\/www.e-anjelik.sk\/index.php\/wp-json\/wp\/v2\/comments?post=3378"}],"version-history":[{"count":0,"href":"https:\/\/www.e-anjelik.sk\/index.php\/wp-json\/wp\/v2\/posts\/3378\/revisions"}],"wp:attachment":[{"href":"https:\/\/www.e-anjelik.sk\/index.php\/wp-json\/wp\/v2\/media?parent=3378"}],"wp:term":[{"taxonomy":"category","embeddable":true,"href":"https:\/\/www.e-anjelik.sk\/index.php\/wp-json\/wp\/v2\/categories?post=3378"},{"taxonomy":"post_tag","embeddable":true,"href":"https:\/\/www.e-anjelik.sk\/index.php\/wp-json\/wp\/v2\/tags?post=3378"}],"curies":[{"name":"wp","href":"https:\/\/api.w.org\/{rel}","templated":true}]}}