{"id":3379,"date":"2011-02-11T20:57:36","date_gmt":"2011-02-11T20:57:36","guid":{"rendered":"http:\/\/e-anjelik.sk\/?p=3379"},"modified":"2011-02-11T20:57:36","modified_gmt":"2011-02-11T20:57:36","slug":"kazani-k-pocatku-roku","status":"publish","type":"post","link":"https:\/\/www.e-anjelik.sk\/index.php\/2011\/02\/11\/kazani-k-pocatku-roku\/","title":{"rendered":"K\u00e1z\u00e1n\u00ed k po\u010d\u00e1tku roku"},"content":{"rendered":"<p><font size=\"3\"><font face=\"Times New Roman, serif\"><u>Prvn&iacute; \u010dten&iacute;:<\/u><\/font><font face=\"Times New Roman, serif\"> Jan 15,18 &#8211; 22: &bdquo;Nen&aacute;vid&iacute;-li v&aacute;s sv\u011bt, v\u011bzte, \u017ee m\u011b nen&aacute;vid\u011b d\u0159&iacute;ve ne\u017e v&aacute;s. Kdybyste n&aacute;le\u017eeli sv\u011btu, sv\u011bt by miloval to, co je jeho. Proto\u017ee v&scaron;ak nejste ze sv\u011bta, ale j&aacute; jsem v&aacute;s ze sv\u011bta vyvolil, proto v&aacute;s sv\u011bt nen&aacute;vid&iacute;. Vzpome\u0148te si na slovo, kter&eacute; jsem v&aacute;m \u0159ekl: Sluha nen&iacute; nad sv&eacute;ho p&aacute;na. Jestli\u017ee pron&aacute;sledovali mne, i v&aacute;s budou pron&aacute;sledovat &#8211; jestli\u017ee m&eacute; slovo zachovali, i va&scaron;e zachovaj&iacute;. Ale to v&scaron;e v&aacute;m u\u010din&iacute; pro m&eacute; jm&eacute;no, pon\u011bvad\u017e neznaj&iacute; toho, kter&yacute; m\u011b poslal. Kdybych byl nep\u0159i&scaron;el a nemluvil k nim, byli by bez h\u0159&iacute;chu. Nyn&iacute; v&scaron;ak nemaj&iacute; v&yacute;mluvu pro sv\u016fj h\u0159&iacute;ch.&ldquo;<\/font><\/font><\/p>\n<p align=\"justify\" style=\"line-height: 150%; margin-bottom: 0cm\">&nbsp;<\/p>\n<p align=\"justify\" style=\"line-height: 150%; margin-bottom: 0cm\"><font size=\"3\"><font face=\"Times New Roman, serif\"><u>\u010cten&iacute; ke k&aacute;z&aacute;n&iacute;:<\/u><\/font><font face=\"Times New Roman, serif\"> \u017dalm 62,1 &#8211; 13: &bdquo;Pro p\u0159edn&iacute;ho zp\u011bv&aacute;ka, podle Jed&uacute;t&uacute;na. \u017dalm David\u016fv. Jen v Bohu se zti&scaron;&iacute; du&scaron;e m&aacute;, od n\u011bho vzejde mi sp&aacute;sa. Jen on je m&aacute; sk&aacute;la, m&aacute; sp&aacute;sa, m\u016fj nedobytn&yacute; hrad, mnou nikdy nic neot\u0159ese. Jak dlouho budete napadat \u010dlov\u011bka? Zabit&iacute;m hroz&iacute;te v&scaron;ichni jak st\u011bna nahnut&aacute;, jako ze\u010f podkopan&aacute;. St&aacute;le se rad&iacute;, jak strhnout ho z v&yacute;&scaron;e, ve lhan&iacute; z&aacute;libu na&scaron;li, \u017eehnaj&iacute; &uacute;sty, zlo\u0159e\u010d&iacute; v nitru. Jen zmlkni p\u0159ed Bohem, du&scaron;e m&aacute;, v\u017edy\u0165 on mi nad\u011bji vl&eacute;v&aacute;. Jen on je m&aacute; sk&aacute;la, m&aacute; sp&aacute;sa, m\u016fj nedobytn&yacute; hrad, mnou nic neot\u0159ese. M&aacute; sp&aacute;sa a sl&aacute;va je v Bohu, on je m&aacute; mocn&aacute; sk&aacute;la, v Bohu m&aacute;m &uacute;to\u010di&scaron;t\u011b. Lide, v ka\u017ed&yacute; \u010das v n\u011bho doufej, vyl&eacute;vej p\u0159ed n&iacute;m sv&eacute; srdce! B\u016fh je na&scaron;e &uacute;to\u010di&scaron;t\u011b. Lid&eacute; jsou jen v&aacute;nek, urozen&iacute; jsou jen l\u017eiv&eacute; zd&aacute;n&iacute;. Na v&aacute;ze stoupaj&iacute; vzh\u016fru, dohromady jsou leh\u010d&iacute; ne\u017e v&aacute;nek. Neslibujte si nic od &uacute;tisku, nedejte se &scaron;&aacute;lit t&iacute;m, \u017ee n\u011bco uchv&aacute;t&iacute;te, k jm\u011bn&iacute;, by\u0165 i p\u0159ib&yacute;valo, neupn\u011bte srdce. B\u016fh promluvil jednou, dvoj&iacute; v\u011bc jsem sly&scaron;el: Bohu pat\u0159&iacute; moc, i milosrdenstv&iacute; je, Panovn&iacute;ku, tvoje. Ty ka\u017ed&eacute;mu splat&iacute;&scaron; podle jeho skutk\u016f.&ldquo;<\/font><\/font><\/p>\n<p align=\"justify\" style=\"line-height: 150%; margin-bottom: 0cm\">\n&nbsp;<\/p>\n<p align=\"justify\" style=\"line-height: 150%; margin-bottom: 0cm\"><font size=\"3\"><font face=\"Times New Roman, serif\"><u>K&aacute;z&aacute;n&iacute;<\/u><\/font><font face=\"Times New Roman, serif\">:<\/font><\/font><\/p>\n<p align=\"justify\" style=\"line-height: 150%; text-indent: -0.64cm; margin-bottom: 0cm; margin-left: 0.64cm\">&nbsp;<\/p>\n<p align=\"justify\" style=\"line-height: 150%; margin-bottom: 0cm\"><font size=\"3\"><font face=\"Times New Roman, serif\">Mil&eacute; sestry a draz&iacute; brat\u0159i,<\/font><\/font><\/p>\n<p align=\"justify\" style=\"line-height: 150%; margin-bottom: 0cm\">&nbsp;<\/p>\n<p align=\"justify\" style=\"line-height: 150%; margin-bottom: 0cm\"><font size=\"3\"><font face=\"Times New Roman, serif\">&nbsp; stoj&iacute;me na prahu nov&eacute;ho roku, roku 2011. Star&yacute; rok 2010 n&aacute;m p\u0159inesl radostn&eacute; chv&iacute;le i chv&iacute;le smutn&eacute;. Ka\u017edop&aacute;dn\u011b jsem se v&scaron;ak do\u017eili dal&scaron;&iacute;ho roku. To nen&iacute; samoz\u0159ejmost. Mnoz&iacute; takov&eacute; &scaron;t\u011bst&iacute; jako my nem\u011bli. Proto m&aacute;me Bohu za co d\u011bkovat. <\/font><\/font><\/p>\n<p align=\"justify\" style=\"line-height: 150%; margin-bottom: 0cm\"><font size=\"3\"><font face=\"Times New Roman, serif\">&nbsp; \u017dijeme toti\u017e v nelehk&eacute; dob\u011b. Ned&aacute;vno jsem se na internetu do\u010detl, \u017ee k\u0159es\u0165an&eacute; jsou dnes ve sv\u011bt\u011b nejpron&aacute;sledovan\u011bj&scaron;&iacute; skupinou. Mno\u017e&iacute; se fyzick&eacute; &uacute;toky na n\u011b, zejm&eacute;na v rozvojov&eacute;m sv\u011bt\u011b. Ve vysp\u011bl&yacute;ch zem&iacute;ch zase prob&iacute;haj&iacute; r\u016fzn&eacute; proti n&aacute;bo\u017eensk&eacute; kampan\u011b a &scaron;&iacute;\u0159&iacute; se nek\u0159es\u0165ansk&eacute; n&aacute;zory a postoje. Zvl&aacute;&scaron;\u0165 u n&aacute;s, v \u010cesk&eacute; republice, slav&iacute; zesv\u011bt&scaron;t\u011bn&iacute; (sekularizace) nemal&eacute; &uacute;sp\u011bchy. Podle nejnov\u011bj&scaron;&iacute;ch &scaron;et\u0159en&iacute; u n&aacute;s v\u011b\u0159&iacute; v Boha 32 procent obyvatel a pouze 7 procent obyvatel se pravideln\u011b &uacute;\u010dastn&iacute; bohoslu\u017eeb. <\/font><\/font><\/p>\n<p align=\"justify\" style=\"line-height: 150%; margin-bottom: 0cm\"><font size=\"3\"><font face=\"Times New Roman, serif\">&nbsp; \u017d&iacute;t jako opravdov&iacute; k\u0159es\u0165an&eacute; nen&iacute; v sou\u010dasnosti nikde jednoduch&eacute;. Potvrzuje se biblick&aacute; pravda, \u017ee kdo zachov&aacute;v&aacute; Kristovo u\u010den&iacute;, b&yacute;v&aacute; pron&aacute;sledov&aacute;n. Jak jsme sly&scaron;eli v na&scaron;em prvn&iacute;m \u010dten&iacute;, ji\u017e s&aacute;m Je\u017e&iacute;&scaron; na to upozor\u0148oval slovy: &bdquo;Proto\u017ee v&scaron;ak nejste ze sv\u011bta, ale j&aacute; jsem v&aacute;s ze sv\u011bta vyvolil, proto v&aacute;s sv\u011bt nen&aacute;vid&iacute;. Vzpome\u0148te si na slovo, kter&eacute; jsem v&aacute;m \u0159ekl: Sluha nen&iacute; nad sv&eacute;ho p&aacute;na. Jestli\u017ee pron&aacute;sledovali mne, i v&aacute;s budou pron&aacute;sledovat &#8230;&ldquo; (Jan 15,19 &#8211; 21). Ne nadarmo uv&aacute;d&iacute; \u010cesk&aacute; konfese mezi znaky prav&eacute; c&iacute;rkve k\u0159&iacute;\u017e a &uacute;tisk pro pravdu. P\u0159itom plat&iacute;, \u017ee \u010d&iacute;m kdo v&iacute;ce zbo\u017en\u011b \u017eije, t&iacute;m v&iacute;ce pron&aacute;sledov&aacute;n&iacute; zakus&iacute;. A opa\u010dn\u011b: \u010d&iacute;m kdo m&eacute;n\u011b zbo\u017en\u011b \u017eije, t&iacute;m m\u011bn\u011b pron&aacute;sledov&aacute;n&iacute; zakus&iacute;. Hle, jak&eacute; zaj&iacute;mav&eacute; m\u011b\u0159&iacute;tko hloubky na&scaron;i v&iacute;ry!<\/font><\/font><\/p>\n<p align=\"justify\" style=\"line-height: 150%; margin-bottom: 0cm\"><font size=\"3\"><font face=\"Times New Roman, serif\">&nbsp; Toto m\u011b\u0159&iacute;tko platilo i v dob\u011b Star&eacute;ho z&aacute;kona. Kr&aacute;l David se sna\u017eil plnit Bo\u017e&iacute; v\u016fli, proto zakusil \u010detn&aacute; pron&aacute;sledov&aacute;n&iacute;. Sv\u011bd\u010d&iacute; o tom i n&aacute;sleduj&iacute;c&iacute; &uacute;ryvek z na&scaron;eho textu ke k&aacute;z&aacute;n&iacute;: &bdquo;Jak dlouho budete napadat \u010dlov\u011bka? Zabit&iacute;m hroz&iacute;te v&scaron;ichni jak st\u011bna nahnut&aacute;, jako ze\u010f podkopan&aacute;. St&aacute;le se rad&iacute;, jak strhnout ho z v&yacute;&scaron;e, ve lhan&iacute; z&aacute;libu na&scaron;li, \u017eehnaj&iacute; &uacute;sty, zlo\u0159e\u010d&iacute; v nitru.&ldquo; (\u017dalm 62, 4 &#8211; 5). <\/font><\/font><\/p>\n<p align=\"justify\" style=\"line-height: 150%; margin-bottom: 0cm\"><font size=\"3\"><font face=\"Times New Roman, serif\">&nbsp; Jako v\u011b\u0159&iacute;c&iacute; trp&iacute;me nejen t&iacute;mto vn\u011bj&scaron;&iacute;m pron&aacute;sledov&aacute;n&iacute;m, jako ka\u017ed&yacute; \u010dlov\u011bk se nem\u016f\u017eeme nav&iacute;c ve sv&eacute;m \u017eivot\u011b vyhnout utrpen&iacute;. Ne&scaron;t\u011bst&iacute;m, nemocem a smrti. V&iacute;me sice, \u017ee jsme z Boha, ale cel&yacute; sv\u011bt je jinak pod moc&iacute; Zl&eacute;ho, jak p&iacute;&scaron;e apo&scaron;tol Jan (1 Jan\u016fv 5,19). A apo&scaron;tol Petr k tomu dod&aacute;v&aacute;, \u017ee &bdquo;\u010f&aacute;bel, obch&aacute;z&iacute; jako `lev \u0159vouc&iacute;&acute; a hled&aacute;, koho by pohltil.&ldquo; (1 Petr\u016fv 5,8) Proto Martin Luther mohl opr&aacute;vn\u011bn\u011b napsat, \u017ee &bdquo;tento b&iacute;dn&yacute; \u017eivot je pln&yacute; n&aacute;\u0159ku, nebezpe\u010d&iacute; a nejistoty&ldquo; a \u017ee &ldquo;jsme skute\u010dn\u011b chud&iacute;, b\u011bdn&iacute;, slab&iacute; a uboz&iacute; lid&eacute;.&ldquo; Zem\u011b je vskutku, slzav&yacute;m &uacute;dol&iacute;m, jak se \u0159&iacute;k&aacute;,.<\/font><\/font><\/p>\n<p align=\"justify\" style=\"line-height: 150%; margin-bottom: 0cm\"><font size=\"3\"><font face=\"Times New Roman, serif\">&nbsp; Toto v&scaron;e by v&scaron;ak nem\u011blo n&aacute;s vrhnout do beznad\u011bje, &uacute;zkosti a pesimismu. V&iacute;me p\u0159ece, \u017ee v&scaron;echno &bdquo;napom&aacute;h&aacute; k dobr&eacute;mu t\u011bm, kdo miluj&iacute; Boha, kdo jsou povol&aacute;ni podle jeho rozhodnut&iacute;&ldquo;. (\u0158&iacute;man\u016fm 8,28) Ve&scaron;ker&eacute; pron&aacute;sledov&aacute;n&iacute; a sou\u017een&iacute; n&aacute;m nemohou u&scaron;kodit, naopak n&aacute;m mohou poslou\u017eit. Jako Josefu Egyptsk&eacute;mu Toho brat\u0159i prodali do otroctv&iacute; a v Egypt\u011b se dostal nespravedliv\u011b do v\u011bzen&iacute;. Ale nakonec se stal spr&aacute;vcem Egypta a zachr&aacute;nil tuto zemi i sv\u016fj rod p\u0159ed hladomoru (Genesis 37 &#8211; 50). Velice byl pron&aacute;sledov&aacute;n i David, nejd\u0159&iacute;ve kr&aacute;lem Saulem a pak vlastn&iacute;m synem Absolonem, ale ze v&scaron;eho vy&scaron;el v&iacute;t\u011bzn\u011b (viz Prvn&iacute; a Druh&aacute; kniha Samuelova). Proto David m\u016f\u017ee ve sv&yacute;ch \u017ealmech op\u011bvovat Hospodinovo d&iacute;lo takto: &bdquo;Mnoho zla dol&eacute;h&aacute; na spravedliv&eacute;ho, Hospodin ho v&scaron;ak ze v&scaron;eho vysvobod&iacute;.&ldquo; (\u017dalm 34,20) Nebo: &bdquo;Od sv&eacute; mladosti, a jsem u\u017e star&yacute;, jsem nevid\u011bl, \u017ee by byl opu&scaron;t\u011bn spravedliv&yacute;, nebo \u017ee by jeho potomci \u017eebrali o chl&eacute;b.&ldquo; (\u017dalm 37,25) <\/font><\/font><\/p>\n<p align=\"justify\" style=\"line-height: 150%; margin-bottom: 0cm\"><font size=\"3\"><font face=\"Times New Roman, serif\">&nbsp; To, \u010d&iacute;m n&aacute;m chce kdo u&scaron;kodit, m\u016f\u017ee B\u016fh pou\u017e&iacute;t k na&scaron;emu blahu. V\u011brn&yacute; k\u0159es\u0165an se tak nemus&iacute; b&aacute;t ni\u010deho, ani lid&iacute;, ani \u010f&aacute;bla. Apo&scaron;tol Pavel to ve sv&eacute;m List\u011b \u0158&iacute;man\u016fm vyj&aacute;d\u0159il jednozna\u010dn\u011b: &bdquo;Co k tomu dodat? Je-li B\u016fh s n&aacute;mi, kdo proti n&aacute;m? On neu&scaron;et\u0159il sv&eacute;ho vlastn&iacute;ho Syna, ale za n&aacute;s za v&scaron;ecky jej vydal; jak by n&aacute;m spolu s n&iacute;m nedaroval v&scaron;ecko? Kdo vznese \u017ealobu proti vyvolen&yacute;m Bo\u017e&iacute;m? V\u017edy\u0165 B\u016fh ospravedl\u0148uje! Kdo je odsoud&iacute;? V\u017edy\u0165 Kristus Je\u017e&iacute;&scaron;, kter&yacute; zem\u0159el a kter&yacute; byl vzk\u0159&iacute;&scaron;en, je na pravici Bo\u017e&iacute; a p\u0159imlouv&aacute; se za n&aacute;s! Kdo n&aacute;s odlou\u010d&iacute; od l&aacute;sky Kristovy? Snad sou\u017een&iacute; nebo &uacute;zkost, pron&aacute;sledov&aacute;n&iacute; nebo hlad, b&iacute;da, nebezpe\u010d&iacute; nebo me\u010d? Jak je ps&aacute;no: &quot;Denn\u011b jsme pro tebe vyd&aacute;v&aacute;ni na smrt, jsme jako ovce ur\u010den&eacute; na por&aacute;\u017eku. &quot;Ale v tom ve v&scaron;em slavn\u011b v&iacute;t\u011bz&iacute;me moc&iacute; toho, kter&yacute; si n&aacute;s zamiloval. Jsem jist, \u017ee ani smrt ani \u017eivot, ani and\u011bl&eacute; ani mocnosti, ani p\u0159&iacute;tomnost ani budoucnost, ani \u017e&aacute;dn&aacute; moc, ani v&yacute;&scaron;iny ani hlubiny, ani co jin&eacute;ho v cel&eacute;m tvorstvu nedok&aacute;\u017ee n&aacute;s odlou\u010dit od l&aacute;sky Bo\u017e&iacute;, kter&aacute; je v Kristu Je\u017e&iacute;&scaron;i, na&scaron;em P&aacute;nu.&ldquo; (\u0158&iacute;man\u016fm 8,31 &#8211; 38) <\/font><\/font><\/p>\n<p align=\"justify\" style=\"line-height: 150%; margin-bottom: 0cm\"><font size=\"3\"><font face=\"Times New Roman, serif\">&nbsp; Svou nad\u011bji mus&iacute;me upnut k sv&eacute;mu Bohu. Jak kr&aacute;l David v na&scaron;em textu ke k&aacute;z&aacute;n&iacute;: &bdquo;Jen zmlkni p\u0159ed Bohem, du&scaron;e m&aacute;, v\u017edy\u0165 on mi nad\u011bji vl&eacute;v&aacute;. Jen on je m&aacute; sk&aacute;la, m&aacute; sp&aacute;sa, m\u016fj nedobytn&yacute; hrad, mnou nic neot\u0159ese. M&aacute; sp&aacute;sa a sl&aacute;va je v Bohu, on je m&aacute; mocn&aacute; sk&aacute;la, v Bohu m&aacute;m &uacute;to\u010di&scaron;t\u011b. Lide, v ka\u017ed&yacute; \u010das v n\u011bho doufej, vyl&eacute;vej p\u0159ed n&iacute;m sv&eacute; srdce! B\u016fh je na&scaron;e &uacute;to\u010di&scaron;t\u011b. Lid&eacute; jsou jen v&aacute;nek, urozen&iacute; jsou jen l\u017eiv&eacute; zd&aacute;n&iacute;. Na v&aacute;ze stoupaj&iacute; vzh\u016fru, dohromady jsou leh\u010d&iacute; ne\u017e v&aacute;nek. Neslibujte si nic od &uacute;tisku, nedejte se &scaron;&aacute;lit t&iacute;m, \u017ee n\u011bco uchv&aacute;t&iacute;te, k jm\u011bn&iacute;, by\u0165 i p\u0159ib&yacute;valo, neupn\u011bte srdce. B\u016fh promluvil jednou, dvoj&iacute; v\u011bc jsem sly&scaron;el: Bohu pat\u0159&iacute; moc, i milosrdenstv&iacute; je, Panovn&iacute;ku, tvoje.&ldquo; (\u017dalm 62,6 &#8211; 13)<\/font><\/font><\/p>\n<p align=\"justify\" style=\"line-height: 150%; margin-bottom: 0cm\"><font size=\"3\"><font face=\"Times New Roman, serif\">&nbsp; Pokud bude B\u016fh na&scaron;e sk&aacute;la, n&aacute;&scaron; hrad nedobytn&yacute;, nic n&aacute;mi skute\u010dn\u011b neot\u0159ese. B\u016fh n&aacute;s nepodrob&iacute; \u017e&aacute;dn&eacute; zkou&scaron;ce, kterou bychom nemohli vydr\u017eet. V\u017edy toti\u017e se zkou&scaron;kou p\u0159iprav&iacute; i v&yacute;chodisko a d&aacute; n&aacute;m tak&eacute; s&iacute;lu, abychom mohli obst&aacute;t, jak n&aacute;s uji&scaron;\u0165uje apo&scaron;tol Pavel v Prvn&iacute;m list\u011b Korintsk&yacute;m(1 Korintsk&yacute;m 10,13). To, co s n&aacute;mi zam&yacute;&scaron;l&iacute;m B\u016fh, zn&aacute; jen on s&aacute;m. P&iacute;smo n&aacute;s p\u0159itom uji&scaron;\u0165uje, \u017ee jsou to my&scaron;lenky o pokoji, nikoli o zlu (Jeremj&aacute;&scaron; 29,11). A Je\u017e&iacute;&scaron; je dobr&yacute; past&yacute;\u0159, kter&yacute; p\u0159i&scaron;el, aby jeho ovce &bdquo;m\u011bly \u017eivot a m\u011bly ho v hojnosti&ldquo; (Jan 10,10). Kdo Ho poslouch&aacute;, ten nalezne vnit\u0159n&iacute; pokoj a m\u016f\u017ee se do budoucnosti d&iacute;vat bez obav a s nad\u011bj&iacute;. Proto i v nov&eacute;m roce 2011 zachovejme v\u011brnost Kristu, abychom se mohli i nad&aacute;le t\u011b&scaron;it jak nad\u011bj&iacute; pro tento \u010dasn&yacute; \u017eivot, tak nad\u011bj&iacute; i pro \u017eivot v\u011b\u010dn&yacute; (Prvn&iacute; Korintsk&yacute;m 15,19). Amen.<\/font><\/font><\/p>\n<p align=\"justify\" style=\"line-height: 150%; margin-bottom: 0cm\">\n&nbsp;<\/p>\n<p align=\"justify\" style=\"line-height: 150%; margin-bottom: 0cm\"><font size=\"3\"><font face=\"Times New Roman, serif\"><u>Modlitba po k&aacute;z&aacute;n&iacute;<\/u><\/font><font face=\"Times New Roman, serif\">:<\/font><\/font><\/p>\n<p align=\"justify\" style=\"line-height: 150%; margin-bottom: 0cm\">&nbsp;<\/p>\n<p align=\"justify\" style=\"line-height: 150%; margin-bottom: 0cm\"><font size=\"3\"><font face=\"Times New Roman, serif\">&nbsp; Nebesk&yacute; Ot\u010de, <\/font><\/font><\/p>\n<p align=\"justify\" style=\"line-height: 150%\">&nbsp;<\/p>\n<p align=\"justify\" style=\"line-height: 150%\"><font size=\"3\"><font face=\"Times New Roman, serif\">&nbsp; d\u011bkujeme Ti za to, \u017ee jsme se mohli do\u017e&iacute;t nov&eacute;ho roku. \u017de si n&aacute;s chr&aacute;nil v minul&eacute;m roce od v&scaron;eho zl&eacute;ho a nechal n&aacute;s proj&iacute;t v&scaron;emi jeho &uacute;skal&iacute;mi. Nen&iacute; to samoz\u0159ejmost. Mnoz&iacute; takov&eacute; &scaron;t\u011bst&iacute; jako my nem\u011bli. Proto m&aacute;me Ti za co d\u011bkovat.<\/font><\/font><\/p>\n<p align=\"justify\" style=\"line-height: 150%\"><font size=\"3\"><font face=\"Times New Roman, serif\">&nbsp; Neopustil jsi n&aacute;s, i kdy\u017e jsme mnohokr&aacute;t selhali. Jen st\u011b\u017e&iacute; se zbavujeme sv&yacute;ch h\u0159&iacute;ch\u016f a u\u010d&iacute;me se milovat Tebe a sv&eacute; bli\u017en&iacute;. O sob\u011b, o sv&yacute;ch \u010dinech a sv&eacute; s&iacute;le m\u016f\u017eeme jen pochybovat. Stoj&iacute; n&aacute;s opravdu velikou n&aacute;mahu p\u0159ed Tebou alespo\u0148 trochu obst&aacute;t. Na&scaron;e povaha n&aacute;s nenech&aacute;v&aacute; na pokoji. Kolikr&aacute;t se nedok&aacute;\u017eeme ovl&aacute;dnout. Jsme lhostejn&iacute;, nevd\u011b\u010dn&iacute; a nechov&aacute;me se tak, jak se m&aacute;me chovat. P\u0159esto v&scaron;echno jsi z\u016fstal na&scaron;im milostiv&yacute;m Bohem, kter&yacute; sv&yacute;ch dar\u016f a zasl&iacute;ben&iacute; nelituje a nebere je zp\u011bt. <\/font><\/font><\/p>\n<p align=\"justify\" style=\"line-height: 150%\"><font size=\"3\"><font face=\"Times New Roman, serif\">&nbsp; Sv&yacute;mi z&aacute;sluhami nem\u016f\u017eeme od Tebe nic z&iacute;skat. Pouze pro Tvoji otcovskou l&aacute;sku se n&aacute;m dost&aacute;v&aacute; odpu&scaron;t\u011bn&iacute; na&scaron;ich h\u0159&iacute;ch\u016f, vin a selh&aacute;n&iacute;, ochrany a v&scaron;elik&eacute;ho dobrodin&iacute;. Proto T\u011b, nebesk&yacute; Ot\u010de, nal&eacute;hav\u011b pros&iacute;me, abychom nad&aacute;le z\u016fstali ve Tv&eacute; milosti a l&aacute;sce. Odpou&scaron;t\u011bj n&aacute;m d&aacute;le na&scaron;e h\u0159&iacute;chy a nepravosti a chra\u0148 n&aacute;s od Zl&eacute;ho. Daruj n&aacute;m i v p\u0159&iacute;&scaron;t&iacute;m roce m&iacute;r, pokoj a zdrav&iacute;. Dej, abychom sv&eacute; &uacute;koly a svoji pr&aacute;ci dovedli zd&aacute;rn\u011b vykon&aacute;vat. <\/font><\/font><\/p>\n<p align=\"justify\" style=\"line-height: 150%\"><font size=\"3\"><font face=\"Times New Roman, serif\">&nbsp; Posiluj n&aacute;s na t\u011ble, du&scaron;i a duchu. Prom\u011b\u0148uj n&aacute;s moc&iacute; Ducha svat&eacute;ho k podob\u011b Je\u017e&iacute;&scaron;e Krista. A skrze N\u011bho n&aacute;m daruj dostatek s&iacute;ly, moci, l&aacute;sky, rozvahy, odvahy, moudrosti a v&scaron;eho pot\u0159ebn&eacute;ho k \u017eivotu, kter&yacute; se Ti l&iacute;b&iacute;. Nebo\u0165 bez Krista nem\u016f\u017eeme nic \u010dinit a v&scaron;echno pak m\u016f\u017eeme \u010dinit, pokud n&aacute;s posiluje. <\/font><\/font><\/p>\n<p align=\"justify\" style=\"line-height: 150%\"><font size=\"3\"><font face=\"Times New Roman, serif\">&nbsp; Za toto v&scaron;echno Ti, nebesk&yacute; Ot\u010de d\u011bkujeme a za toto v&scaron;echno T\u011b pros&iacute;me p\u0159ed tr\u016fnem Tv&eacute; milosti ve jm&eacute;nu P&aacute;na Je\u017e&iacute;&scaron;e Krista. Amen. <\/font><\/font><\/p>\n<p align=\"justify\" style=\"line-height: 150%; margin-bottom: 0cm; margin-left: 0.06cm\">\n&nbsp;<\/p>\n<p align=\"justify\" style=\"line-height: 150%; margin-bottom: 0cm\"><font face=\"Times New Roman, serif\"><font size=\"3\">Praha, leden 2011&nbsp;&nbsp;&nbsp;&nbsp;&nbsp;&nbsp;&nbsp;&nbsp;&nbsp;&nbsp;&nbsp;&nbsp;&nbsp;&nbsp;&nbsp;&nbsp;&nbsp;&nbsp;&nbsp;&nbsp;&nbsp;&nbsp;&nbsp;&nbsp;&nbsp;&nbsp;&nbsp;&nbsp;&nbsp;&nbsp;&nbsp;&nbsp; Stanislav Heczko <\/font><\/font><\/p>\n<p align=\"justify\" style=\"line-height: 150%; margin-bottom: 0cm\"><font size=\"3\"><font face=\"Times New Roman, serif\">&nbsp;&nbsp;&nbsp;&nbsp;&nbsp;&nbsp;&nbsp;&nbsp;&nbsp;&nbsp;&nbsp;&nbsp;&nbsp;&nbsp;&nbsp;&nbsp;&nbsp;&nbsp;&nbsp;&nbsp;&nbsp;&nbsp;&nbsp;&nbsp;&nbsp;&nbsp;&nbsp;&nbsp;&nbsp;&nbsp;&nbsp;&nbsp;&nbsp;&nbsp;&nbsp;&nbsp;&nbsp;&nbsp;&nbsp;&nbsp;&nbsp;&nbsp;&nbsp;&nbsp;&nbsp;&nbsp;&nbsp;&nbsp;&nbsp;&nbsp;&nbsp;&nbsp;&nbsp;&nbsp;&nbsp;&nbsp;&nbsp;&nbsp;&nbsp;&nbsp;&nbsp;&nbsp;&nbsp;&nbsp;(LECAV Praha)<\/font><\/font><\/p>\n<p align=\"justify\" style=\"line-height: 150%; margin-bottom: 0cm; margin-left: 0.06cm\">\n&nbsp;<\/p>\n<p align=\"justify\" style=\"line-height: 150%; margin-bottom: 0cm\">\n&nbsp;<\/p>\n<p align=\"justify\" style=\"line-height: 150%; margin-bottom: 0cm\">\n&nbsp;<\/p>\n<p align=\"justify\" style=\"line-height: 150%; margin-bottom: 0cm\">\n&nbsp;<\/p>\n<p align=\"justify\" style=\"line-height: 150%; margin-bottom: 0cm\">\n&nbsp;<\/p>\n<p align=\"justify\" style=\"line-height: 150%; margin-bottom: 0cm\">\n&nbsp;<\/p>\n<p align=\"justify\" style=\"line-height: 150%; margin-bottom: 0cm\">\n&nbsp;<\/p>\n<p align=\"justify\" style=\"line-height: 150%; margin-bottom: 0cm\">\n&nbsp;<\/p>\n","protected":false},"excerpt":{"rendered":"<p>Prvn&iacute; \u010dten&iacute;: Jan 15,18 &#8211; 22: &bdquo;Nen&aacute;vid&iacute;-li v&aacute;s sv\u011bt, v\u011bzte, \u017ee m\u011b nen&aacute;vid\u011b d\u0159&iacute;ve ne\u017e v&aacute;s. Kdybyste n&aacute;le\u017eeli sv\u011btu, sv\u011bt by miloval to, co je jeho. Proto\u017ee v&scaron;ak nejste ze sv\u011bta, ale j&aacute; jsem v&aacute;s ze sv\u011bta vyvolil, proto v&aacute;s sv\u011bt nen&aacute;vid&iacute;. Vzpome\u0148te si na slovo, kter&eacute; jsem v&aacute;m \u0159ekl: Sluha nen&iacute; nad sv&eacute;ho p&aacute;na. &#8230; <a title=\"K\u00e1z\u00e1n\u00ed k po\u010d\u00e1tku roku\" class=\"read-more\" href=\"https:\/\/www.e-anjelik.sk\/index.php\/2011\/02\/11\/kazani-k-pocatku-roku\/\" aria-label=\"Pre\u010d\u00edtajte si viac o K\u00e1z\u00e1n\u00ed k po\u010d\u00e1tku roku\">\u010c\u00edta\u0165 viac<\/a><\/p>\n","protected":false},"author":1,"featured_media":0,"comment_status":"open","ping_status":"open","sticky":false,"template":"","format":"standard","meta":{"footnotes":""},"categories":[121,15],"tags":[192],"class_list":["post-3379","post","type-post","status-publish","format-standard","hentry","category-kazne","category-novy-rok","tag-kazen"],"_links":{"self":[{"href":"https:\/\/www.e-anjelik.sk\/index.php\/wp-json\/wp\/v2\/posts\/3379","targetHints":{"allow":["GET"]}}],"collection":[{"href":"https:\/\/www.e-anjelik.sk\/index.php\/wp-json\/wp\/v2\/posts"}],"about":[{"href":"https:\/\/www.e-anjelik.sk\/index.php\/wp-json\/wp\/v2\/types\/post"}],"author":[{"embeddable":true,"href":"https:\/\/www.e-anjelik.sk\/index.php\/wp-json\/wp\/v2\/users\/1"}],"replies":[{"embeddable":true,"href":"https:\/\/www.e-anjelik.sk\/index.php\/wp-json\/wp\/v2\/comments?post=3379"}],"version-history":[{"count":0,"href":"https:\/\/www.e-anjelik.sk\/index.php\/wp-json\/wp\/v2\/posts\/3379\/revisions"}],"wp:attachment":[{"href":"https:\/\/www.e-anjelik.sk\/index.php\/wp-json\/wp\/v2\/media?parent=3379"}],"wp:term":[{"taxonomy":"category","embeddable":true,"href":"https:\/\/www.e-anjelik.sk\/index.php\/wp-json\/wp\/v2\/categories?post=3379"},{"taxonomy":"post_tag","embeddable":true,"href":"https:\/\/www.e-anjelik.sk\/index.php\/wp-json\/wp\/v2\/tags?post=3379"}],"curies":[{"name":"wp","href":"https:\/\/api.w.org\/{rel}","templated":true}]}}