{"id":33799,"date":"2020-07-31T14:01:33","date_gmt":"2020-07-31T12:01:33","guid":{"rendered":"http:\/\/e-anjelik.sk\/?p=33799"},"modified":"2020-07-31T14:01:33","modified_gmt":"2020-07-31T12:01:33","slug":"dobrocinnost-z-ochoty-nie-z-prinutenia","status":"publish","type":"post","link":"https:\/\/www.e-anjelik.sk\/index.php\/2020\/07\/31\/dobrocinnost-z-ochoty-nie-z-prinutenia\/","title":{"rendered":"Dobro\u010dinnos\u0165 z ochoty, nie z prin\u00fatenia"},"content":{"rendered":"\n<p><strong>&nbsp; &nbsp; &nbsp; &nbsp; &nbsp; &nbsp; Dobro\u010dinnos\u0165 z ochoty,&nbsp; nie z prin\u00fatenia&nbsp; &nbsp; &nbsp; &nbsp; &nbsp; &nbsp;<\/strong><\/p>\n\n\n\n<p><strong>2 K 9, 6 &#8211; 9: <\/strong><em>\u201cToto v\u0161ak hovor\u00edm: Kto sk\u00fapo rozsieva, sk\u00fapo bude aj \u017ea\u0165; kto v\u0161ak hojne rozsieva, hojne bude aj \u017ea\u0165. (7) Ka\u017ed\u00fd nech d\u00e1, ako si umienil v srdci, nie z neochoty alebo z prin\u00fatenia; lebo ochotn\u00e9ho darcu miluje Boh. (8) A Boh m\u00e1 moc vo v\u0161etkom rozhojni\u0165 pri v\u00e1s svoju milos\u0165, aby ste vo v\u0161etkom mali v\u017edy dostatok v\u0161etk\u00e9ho (pre seba) , aj nadbytok pre ka\u017ed\u00fd dobr\u00fd skutok, (9) ako je nap\u00edsan\u00e9: Rozsypal, dal chudobn\u00fdm, jeho spravodlivos\u0165 trv\u00e1 naveky\u201d. Amen<\/em><\/p>\n\n\n\n<p>&nbsp;&nbsp; Mil\u00ed bratia a sestry v P\u00e1novi!<\/p>\n\n\n\n<p>&nbsp; &nbsp; Mo\u017eno sa mnoh\u00ed z v\u00e1s, u\u017e \u010di v duchu a vo svojich my\u0161lienkach, alebo aj nahlas v rozhovore s priate\u013emi \u010di spolucirkevn\u00edkmi zaoberali my\u0161lienkou, ako by ste nalo\u017eili s ve\u013ekou v\u00fdhrou, ak by ste z\u00edskali napr\u00edklad prv\u00fa cenu v \u0161portke, \u010di v lote, alebo v nejakej lot\u00e9rii. Ur\u010dite by mnoh\u00ed do tak\u00e9ho sn\u00edvania, ako by nalo\u017eili s kopou z\u00edskan\u00fdch pe\u0148az\u00ed zakomponovali aj predstavu o tom, \u017ee by aspo\u0148 nejak\u00fa \u010das\u0165 obetovali nielen najbli\u017e\u0161\u00edm, ale aj bl\u00ed\u017enym v n\u00fadzi, alebo spolo\u010denstvu, ktor\u00e9 sa sna\u017e\u00ed kona\u0165 nejak\u00fa charitat\u00edvnu, alebo soci\u00e1lnu pr\u00e1cu. Mo\u017eno by nech\u00fdbalo aj vyjadrenie v\u010fa\u010dnosti vo\u010di P\u00e1nu Bohu a mnoh\u00ed by medzi obdarovan\u00fdch zahrnuli aj svoju cirkev, alebo cirkevn\u00fd zbor.<\/p>\n\n\n\n<p>&nbsp;&nbsp; &nbsp; &nbsp; \u010casto sa dnes stret\u00e1me s prosbami o podporu, alebo o milodar v prostred\u00ed nielen cirkvi, ale aj v ob\u010dianskej sf\u00e9re. Mnoh\u00e9 \u201c\u00fanie\u201d r\u00f4zne telesne postihnut\u00fdch, alebo hendikepovan\u00fdch \u013eud\u00ed sa s d\u00f4verou obracaj\u00fa na rodiny a jednotlivcov s prosbami o pomoc. Popul\u00e1rnou svetskou akciou je pomoc pre onkologick\u00fdch pacientov s n\u00e1zvom De\u0148 narcisov. V\u00fdzvy na dobro\u010dinos\u0165, pomoc v n\u00fadzi \u010di prosby o milodary s\u00fa umocnen\u00e9 vtedy, ak sa udeje nejak\u00e1 katastrofa, alebo \u017eiveln\u00e1 pohroma.Vtedy c\u00edtime na\u0161u povinnos\u0165 pom\u00f4c\u0165 postihnut\u00fdm \u010di u\u017e ako kres\u0165ania, alebo spoluob\u010dania. Oby\u010dajne v\u0161ak \u017eiadne v\u00fdhry a ve\u013ek\u00e9 peniaze nez\u00edskavame a mus\u00edme si vysta\u010di\u0165 s t\u00fdm, \u010do m\u00e1me.&nbsp;<\/p>\n\n\n\n<p>&nbsp;&nbsp; &nbsp; V na\u0161ej cirkvi m\u00e1me odd\u00e1vna zalo\u017een\u00fa<strong><em> Gener\u00e1lnu podporove\u0148<\/em><\/strong>, ktor\u00e1 sa sna\u017e\u00ed z\u00edska\u0165 finan\u010dn\u00e9 prostriedky z ofier a milodarov zo zborov a prerozdeli\u0165 ich t\u00fdm, \u010do ich s\u00farne a najviac potrebuj\u00fa. Preto m\u00e1me v cirkvi ofery nielen na dom\u00e1ce zborov\u00e9 ciele a v\u00fddavky, ale aj ciele mimozborov\u00e9. Podporu si zasluhuje aj na\u0161e cirkevn\u00e9 \u0161kolstvo, diakonia a neraz i niektor\u00ed jednotlivci. Napr\u00edklad \u010dakaj\u00faci na drah\u00fa lie\u010dbu, alebo oper\u00e1ciu. V\u00fdziev je ve\u013ea, prostriedkov neraz m\u00e1lo. Do n\u00e1\u0161ho kres\u0165ansk\u00e9ho vedomia a svedomia chce prehovori\u0165 na t\u00fato t\u00e9mu s\u00e1m Boh svoj\u00edm slovom. Dne\u0161n\u00e9 oslovenie by sme mohli vyjadri\u0165 nasledovne:<\/p>\n\n\n\n<p>&nbsp;&nbsp; &nbsp; &nbsp; &nbsp; <strong>&nbsp;<em> Dobro\u010dinnos\u0165 je plodom kres\u0165anskej viery a l\u00e1sky:<\/em><\/strong><\/p>\n\n\n\n<p><em>&nbsp; &nbsp; &nbsp; &nbsp; &nbsp; &nbsp; &nbsp; &nbsp; &nbsp; &nbsp; &nbsp; 1. ktor\u00e1 potreby na\u0161ich bl\u00ed\u017enych vid\u00ed,<\/em><\/p>\n\n\n\n<p><em>&nbsp;&nbsp; &nbsp; &nbsp; &nbsp; &nbsp; &nbsp; 2. ktor\u00fa Bo\u017eia milos\u0165 vzbud\u00ed<\/em><\/p>\n\n\n\n<p><em>&nbsp;&nbsp; &nbsp; &nbsp; &nbsp; &nbsp; &nbsp; 3. ktor\u00e1 v\u010fa\u010dnos\u0165 vo\u010di Bohu p\u00f4sob\u00ed&nbsp;<\/em><\/p>\n\n\n\n<p>Bratia a sestry v P\u00e1nu!<\/p>\n\n\n\n<p>&nbsp; &nbsp; Kres\u0165ansk\u00e1 dobro\u010dinnos\u0165 je zalo\u017een\u00e1 nielen na rozumovej a racion\u00e1lnej \u00favahe, \u017ee p\u00f4moc\u0165 je treba r\u00fdchlo a adresne, lebo napokon ani my nevieme, \u010di n\u00e1s nepostihne nejak\u00e9 ne\u0161\u0165astie, alebo n\u00fadza.&nbsp; &nbsp; &nbsp;<\/p>\n\n\n\n<p>&nbsp;&nbsp; &nbsp; &nbsp; Kres\u0165ansk\u00e1 dobro\u010dinnos\u0165 je zalo\u017een\u00e1 najm\u00e4 na viere, ktor\u00e1 je ovoc\u00edm Ducha Sv\u00e4t\u00e9ho. Dobro\u010dinnos\u0165 je jedn\u00fdm z jej plodov a prejavov, priamo a\u017e d\u00f4kazov. Je to ak\u00fdsi \u201elakmusov\u00fd papierik\u201c viery a skuto\u010dn\u00e1 sk\u00fa\u0161ka viery, ako to pripom\u00ednali aj apo\u0161tolovia. Napr\u00edklad apo\u0161tol Pavol, ktor\u00fd s\u00e1m organizoval zbierku (kolektu) po cirkevn\u00fdch zboroch, s prosbou, aby malo\u00e1zijsk\u00ed kres\u0165ania pomohli v \u010dase hladu najm\u00e4 chudobn\u00fdm kres\u0165anom v prvom cirkevnom zbore v Jeruzaleme. K tomu povedal a vydal mnoho konkr\u00e9tnych \u00faprav, ale aj v\u0161eobecn\u00fdch v\u00fdziev, ktor\u00e9 platia st\u00e1le. Niektor\u00e9 z nich zaznievaj\u00fa aj z n\u00e1\u0161ho dne\u0161n\u00e9ho sv\u00e4t\u00e9ho textu: \u201e<em>Toto v\u0161ak vrav\u00edm, kto sk\u00fapo rozsieva, sk\u00fapo bude aj \u017ea\u0165, kto v\u0161ak hojne rozsieva, hojne bude aj \u017ea\u0165\u201c.<\/em><\/p>\n\n\n\n<p>&nbsp;&nbsp; D\u00f4le\u017eit\u00e9 usmernenie o kres\u0165anskej dobro\u010dinnosti je: <em>\u201eKa\u017ed\u00fd nech d\u00e1, ako si umienil v srdci, nie z neochoty, alebo prin\u00fatenia, lebo ochotn\u00e9ho darcu miluje Boh\u201c. <\/em>Pr\u00e1ve tieto slov\u00e1 viedli v minulosti na\u0161e cirkevn\u00e9 zbory k tomu, \u017ee pri ve\u013ek\u00fdch a finan\u010dne n\u00e1ro\u010dn\u00fdch akci\u00e1ch ne\u0161li zbory cestou predpisovania len povinn\u00e9ho cirkevn\u00e9ho pr\u00edspevku, ale najm\u00e4 cestou ochoty a dobro\u010dinnosti na\u0161ich rod\u00edn. Ka\u017ed\u00fd zodpovedn\u00fd kres\u0165an &#8211; evanjelik nepochybne vid\u00ed aktu\u00e1lnu a ak\u00fatnu potrebu zboru a m\u00f4\u017ee adekv\u00e1tne odpoveda\u0165, reagova\u0165 a pomoc\u0165.<\/p>\n\n\n\n<p>&nbsp;&nbsp; &nbsp; Tak to bolo u\u017e v prvotnom jeruzalemskom zbore, kde v\u0161etci kres\u0165ania mali spolo\u010dn\u00fd majetok. Mnoh\u00ed, ke\u010f pred\u00e1vali polia, \u010di domy, peniaze prin\u00e1\u0161ali k noh\u00e1m apo\u0161tolov. Skuto\u010dnos\u0165ou je, \u017ee k dobro\u010dinnosti vyz\u00fdvala a vychov\u00e1vala u\u017e SZ. Ale sved\u010dia o nej tom aj evanjeli\u00e1, alebo listy apo\u0161tolov. Kres\u0165ansk\u00e1 l\u00e1ska sa teda prejavuje aj v dobro\u010dinnosti, ktor\u00e1 potreby svojich bl\u00ed\u017enych vid\u00ed.<\/p>\n\n\n\n<p>II:&nbsp; Bratia a setsry v P\u00e1novi!<\/p>\n\n\n\n<p>&nbsp; &nbsp; Pri dobro\u010dinosti vid\u00edme otvoren\u00e9 srdce a ruky \u010dloveka, ale za nimi pozn\u00e1vame a vid\u00edme otvoren\u00fa ruku Bo\u017eiu a l\u00e1sku, ktor\u00fd s\u00fdti denne v\u0161etko stvorenstvo. Aj P\u00e1n Je\u017ei\u0161 bohato nas\u00fdtil hladn\u00e9 z\u00e1stupy,&nbsp; ktor\u00e9 Ho po\u010d\u00favali. ( Mk 8, 1- 10)<\/p>\n\n\n\n<p>&nbsp;&nbsp; &nbsp; \u010casto sa vraciame k pr\u00edkladom z dej\u00edn na\u0161ej cikvi, poukazuj\u00fac na ve\u013ek\u00fdch dobrodincov a patr\u00f3nov cirkvi, ale aj na mnoh\u00fdch chudobn\u00fdch, ale ochotn\u00fdch dobrodincoch z pospolit\u00e9ho \u013eudu, nasleduj\u00facich milodar chudobnej vdovy, ktor\u00fd si v\u0161imol Je\u017ei\u0161 v chr\u00e1me. Mnoho n\u00e1dhern\u00fdch odkazov a pr\u00edkladov nach\u00e1dzame pri stavbe na\u0161ich chr\u00e1mov, \u010di u\u017e toleran\u010dn\u00fdch, ale aj v dne\u0161nej novej dobe. V\u00e4\u010d\u0161ina hodn\u00f4t: kostolov, f\u00e1r a \u0161k\u00f4l, ktor\u00e9 na\u0161a cirkev mala a m\u00e1, poch\u00e1dza najm\u00e4 z milodarov veriacich.&nbsp; &nbsp;<\/p>\n\n\n\n<p>&nbsp; &nbsp; V\u0161imnime si celocirkevn\u00fa akciu: <strong><em>Cirkev sebe<\/em><\/strong>, ktor\u00e1 sa konala po\u010das Slovensk\u00e9ho \u0161t\u00e1tu. Nov\u00e9 cirkevn\u00e9 z\u00e1kony po\u0161kodili vtedy najm\u00e4 na\u0161e cirkevn\u00e9 \u0161kolstvo, ktor\u00e9 dostalo dot\u00e1ciu od katol\u00edckeho \u0161t\u00e1tu, ale len pre tie cirkevn\u00e9 \u0161koly, kde boli 4\/5 \u017eiakov jedn\u00e9ho vyznania. Tak\u00fdch v na\u0161ej cirkvi bolo ve\u013emi m\u00e1lo. Ostatn\u00e9 deti by preto boli museli chodi\u0165 do \u0161t\u00e1tnych \u0161k\u00f4l, evanjelick\u00ed u\u010ditelia by boli museli by\u0165 prepusten\u00ed a vyu\u010dova\u0165 tie\u017e v \u0161t\u00e1tnych \u0161kol\u00e1ch, kde sa vyu\u010dovalo najm\u00e4 r.kat. n\u00e1bo\u017eenstvo. Aby sa tomu zabr\u00e1nilo, na\u0161a cirkev potrebovala z\u00edska\u0165 z vlastn\u00fdch zdrojov asi 1, 2 mili\u00f3na vtedaj\u0161\u00edch slovensk\u00fdch kor\u00fan. Cirkev sa rozhodla pre vysvet\u013eovaciu kampa\u0148 a v\u00fdber mimoriadneho pr\u00edspevku po v\u0161etk\u00fdch zboroch. Mnoh\u00ed boli skeptick\u00ed &#8211; pe\u0148az\u00ed nebolo nazvy\u0161. Napriek tomu na\u0161a cirkev najm\u00e4 na z\u00e1chranu evanj.\u0161kolstva a in\u00fdch potrieb z\u00edskala temer 2 mili\u00f3ny Sk, ako o tom sved\u010d\u00ed bro\u017e\u00farka s presn\u00fdm priebehom tejto akcie: Cirkev sebe. Zo zbytku na\u0161a cirkev mohla zak\u00fapi\u0165 napr. ve\u013ek\u00fd majetok v Beckovskej Vieske pri Novom Meste n.V., ktor\u00fd prin\u00e1\u0161al &#8211; \u017eia\u013e do zn\u00e1rodnenia &#8211; v\u00fdznamn\u00fd pr\u00ednos do rozpo\u010dtu gener\u00e1lnej cirkvi i niektor\u00fdch zborov. \u0160koda, \u017ee dnes s dedi\u010dstvom otcov \u013eahostajne, ba i nezodpovedne v cirkvi naklad\u00e1me&#8230;<\/p>\n\n\n\n<p>&nbsp; &nbsp; Spom\u00ednam si na rozpr\u00e1vanie star\u0161\u00edch \u013eud\u00ed o tom, \u017ee na Brezovej \u017eil pred \u010dasom \u010dlovek, ktor\u00fd si ve\u013emi u\u017e\u00edval sveta a potom, ke\u010f premrhal rodi\u010dovsk\u00fd majetok, \u017eobral u spoluob\u010danov takto: <em>\u201ePom\u00f4\u017ete mne, zle vyr\u00e1tan\u00e9mu\u201c\u2026<\/em><\/p>\n\n\n\n<p><em>&nbsp; &nbsp; &nbsp; <\/em>Tento pr\u00edbeh mi pripom\u00edna dne\u0161n\u00fa situ\u00e1ciu na\u0161ej cirkvi, ktor\u00e1 je pomerne v\u00e1\u017ena a dos\u0165 zlo\u017eit\u00e1. V stredu (22.7.2020), na Turej L\u00fake sa predsedn\u00edctva cirkevn\u00fdch zborov MyS dozvedeli viac o s\u00fa\u010dasnej situ\u00e1cii z \u00fast predsedu ZED J.Bun\u010d\u00e1ka. Tu informoval pr\u00edtomn\u00fdch o n\u00e1vrhoch, ktor\u00e9 sa pripravuj\u00fa u\u017e na tohtoro\u010dn\u00fa synodu, ako rie\u0161i\u0165 ak\u00fatny nedostatok financi\u00ed v cirkevnom rozpo\u010dte. Napriek \u010diasto\u010dne nav\u00fd\u0161enej dot\u00e1cie zo strany \u0161t\u00e1tu, ke\u010f\u017ee cirkev je s\u00fa\u010dasne viazan\u00e1 \u0161t\u00e1tnym z\u00e1kon vypl\u00e1ca\u0165 svoj\u00edm zamestnacom-k\u0148azom aspo\u0148 minim\u00e1lnu mzdu a t\u00e1to sa m\u00e1 v bud\u00facom roku op\u00e4\u0165podstatne zv\u00fd\u0161i\u0165, fina\u0161n\u00fdh zdrojov nie je dos\u0165. I ke\u010f presn\u00e1 v\u00fd\u0161ka minim\u00e1lnej mzdy e\u0161te nie je schv\u00e1len\u00e1, s\u00fa n\u00e1vrhy, aby to bolo okolo 620 &#8211; 640 Eur. To na\u0161a ECAV nedok\u00e1\u017ee zvl\u00e1dnu\u0165, ak si rozpo\u010det nedopln\u00ed z vlastn\u00fdch zdrojov. Gener\u00e1lne presbyterstvo predklad\u00e1 na rokovanie 4 modely, pod\u013ea ktor\u00fdch sa predpoklad\u00e1 nav\u00fd\u0161enie odvodu do gener\u00e1lnej cirkvi na 7, 8, i 12 Eur na du\u0161u, pod\u013ea doteraj\u0161ej evidencie.&nbsp;<\/p>\n\n\n\n<p>&nbsp; &nbsp; &nbsp; \u0160t\u00e1t v\u0161ak od bud\u00faceho roku bude poskytova\u0165 v\u00fd\u0161ku pr\u00edspevku pod\u013ea bud\u00facoro\u010dn\u00e9ho s\u010d\u00edtania \u013eudu. Ak zaznamen\u00e1me pokles du\u0161\u00ed, bude to znamena\u0165 aj pokles teraj\u0161ieho pr\u00edjmu. Predseda ZED navrhuje solid\u00e1rnej\u0161\u00ed model, s ni\u017e\u0161\u00edm nav\u00fd\u0161n\u00edm. Na synodu p\u00f4jde v\u0161ak len jeden, \u010di dva n\u00e1vrhy, o ktor\u00fdch sa bude hlasova\u0165. Po\u017eiadavka je teda zrejm\u00e1.&nbsp;<\/p>\n\n\n\n<p>&nbsp;&nbsp; &nbsp; Za chybu mo\u017eno pova\u017eova\u0165 to, \u017ee o tomto procese a zmen\u00e1ch nie s\u00fa CZ dostato\u010dne informovan\u00e9 a doteraz o takejto zmene v rozpo\u010dtoch nehlasovali ani presbytersk\u00e1, ani konventy zborov. To je \u00faloha, ktor\u00e1 stoj\u00ed aj pred vami a va\u0161\u00edm cirkevn\u00fdm zborom. Bude teda na v\u00e1s, mil\u00ed bratia a sestry, t\u00fato zlo\u017eit\u00fa a aktu\u00e1lnu situ\u00e1ciu rie\u0161i\u0165. \u017div\u00e1 cirkev v\u017edy vid\u00ed potreby in\u00fdch. Preto sa ka\u017ed\u00fd cirkevn\u00fd zbor podie\u013ea na dobro\u010dinnosti, dobrovo\u013en\u00fdmi oferami a, \u017eia\u013e, zd\u00e1 sa, \u017ee sa bude sa musie\u0165 zapoji\u0165 aj povinn\u00fdmi odvodmi. Ke\u010f\u017ee dobro\u010dinnos\u0165 je plodom kres\u0165anskej viery a l\u00e1sky, m\u00e1me&nbsp; prvorad\u00fa \u00falohu: Prosi\u0165 o milos\u0165, ktor\u00e1 tak\u00fato vieru a l\u00e1sku vzbud\u00ed.<\/p>\n\n\n\n<p>&nbsp;&nbsp; &nbsp; III.&nbsp; Bratia a sestry v P\u00e1novi!<\/p>\n\n\n\n<p>&nbsp; &nbsp; Ak sa p\u00fdtame, ako v na\u0161ej cirkvi pokra\u010dova\u0165 \u010falej, nazna\u010dujem tu cestu a odpove\u010f. Kres\u0165ansk\u00e1 l\u00e1ska potreby bl\u00ed\u017enych vid\u00ed. T\u00fato l\u00e1sku a dobro\u010dinnos\u0165 v\u017edy vzbudzuje v srdciach \u013eud\u00ed len viera v Bo\u017eiu milos\u0165 a dobrotu. D\u00f4vera, \u017ee P\u00e1n Boh n\u00e1m v\u017edy nanovo po\u017eehn\u00e1 potrebn\u00e9 dary telesn\u00e9 i duchovn\u00e9. Boh, bohat\u00fd na zmilovanie, sa ustavi\u010dne star\u00e1 o v\u0161etko stvorenstvo a po\u017eehn\u00e1va na\u0161u zem v\u017edy nov\u00fdmi \u00farodami. V tomto po\u017eehnan\u00ed <em>\u201cchleba ka\u017edodenn\u00e9ho <\/em>\u201c vid\u00edme hlavn\u00fd a prvorad\u00fd p\u00f4vod na\u0161ej dobro\u010dinnosti, vz\u00e1jomn\u00e9ho zdielania a solidarity bohat\u0161\u00edch cirkevn\u00fdch zborov so slab\u0161\u00edmi a mal\u00fdmi zbormi.&nbsp;<\/p>\n\n\n\n<p>&nbsp;&nbsp; &nbsp; Bo\u017eia dobrota a st\u00e1le otvoren\u00e1 \u0161tedr\u00e1 Bo\u017eia pravica je v\u0161ak aj d\u00f4vodom na\u0161ej v\u010faky a oslavy, ktor\u00e1 m\u00e1 by\u0165 v cirkvi i v srdci ka\u017ed\u00e9ho jednotliv\u00e9ho kres\u0165ana st\u00e1la a trval\u00e1. Nech i v\u00e1s dar viery povzbud\u00ed a posiln\u00ed k l\u00e1ske i ku kres\u0165anskej dobro\u010dinnosti a trvalej v\u010fa\u010dnosti k P\u00e1novi.Lebo iste plat\u00ed apo\u0161tolsk\u00e9 slovo:<em>\u201cBoh m\u00e1 moc vo v\u0161etkom rozhojni\u0165 pri v\u00e1s svoju milos\u0165, aby ste vo v\u0161etkom mali v\u017edy dostatok v\u0161etk\u00e9ho (pre seba), aj nadbytok pre ka\u017ed\u00fd dobr\u00fd skutok\u201d. <\/em>Kie\u017e d\u00f4vera v Bo\u017eiu milos\u0165 aj na\u010falej va\u0161u v\u010fa\u010dnos\u0165 vo\u010di Bohu p\u00f4sob\u00ed. Amen<\/p>\n\n\n\n<p>&nbsp; &nbsp; &nbsp; K\u00e1ze\u0148 v Skalici &#8211; v 7.nede\u013eu po Sv.Trojici 2020 -\u013dubom\u00edr Batka st.<\/p>\n","protected":false},"excerpt":{"rendered":"<p>&nbsp; &nbsp; &nbsp; &nbsp; &nbsp; &nbsp; Dobro\u010dinnos\u0165 z ochoty,&nbsp; nie z prin\u00fatenia&nbsp; &nbsp; &nbsp; &nbsp; &nbsp; &nbsp; 2 K 9, 6 &#8211; 9: \u201cToto v\u0161ak hovor\u00edm: Kto sk\u00fapo rozsieva, sk\u00fapo bude aj \u017ea\u0165; kto v\u0161ak hojne rozsieva, hojne bude aj \u017ea\u0165. (7) Ka\u017ed\u00fd nech d\u00e1, ako si umienil v srdci, nie z neochoty alebo z &#8230; <a title=\"Dobro\u010dinnos\u0165 z ochoty, nie z prin\u00fatenia\" class=\"read-more\" href=\"https:\/\/www.e-anjelik.sk\/index.php\/2020\/07\/31\/dobrocinnost-z-ochoty-nie-z-prinutenia\/\" aria-label=\"Pre\u010d\u00edtajte si viac o Dobro\u010dinnos\u0165 z ochoty, nie z prin\u00fatenia\">\u010c\u00edta\u0165 viac<\/a><\/p>\n","protected":false},"author":4,"featured_media":0,"comment_status":"open","ping_status":"open","sticky":false,"template":"","format":"standard","meta":{"footnotes":""},"categories":[119,121,7],"tags":[],"class_list":["post-33799","post","type-post","status-publish","format-standard","hentry","category-obdobie-po-sv-trojici","category-kazne","category-skalica"],"_links":{"self":[{"href":"https:\/\/www.e-anjelik.sk\/index.php\/wp-json\/wp\/v2\/posts\/33799","targetHints":{"allow":["GET"]}}],"collection":[{"href":"https:\/\/www.e-anjelik.sk\/index.php\/wp-json\/wp\/v2\/posts"}],"about":[{"href":"https:\/\/www.e-anjelik.sk\/index.php\/wp-json\/wp\/v2\/types\/post"}],"author":[{"embeddable":true,"href":"https:\/\/www.e-anjelik.sk\/index.php\/wp-json\/wp\/v2\/users\/4"}],"replies":[{"embeddable":true,"href":"https:\/\/www.e-anjelik.sk\/index.php\/wp-json\/wp\/v2\/comments?post=33799"}],"version-history":[{"count":1,"href":"https:\/\/www.e-anjelik.sk\/index.php\/wp-json\/wp\/v2\/posts\/33799\/revisions"}],"predecessor-version":[{"id":33800,"href":"https:\/\/www.e-anjelik.sk\/index.php\/wp-json\/wp\/v2\/posts\/33799\/revisions\/33800"}],"wp:attachment":[{"href":"https:\/\/www.e-anjelik.sk\/index.php\/wp-json\/wp\/v2\/media?parent=33799"}],"wp:term":[{"taxonomy":"category","embeddable":true,"href":"https:\/\/www.e-anjelik.sk\/index.php\/wp-json\/wp\/v2\/categories?post=33799"},{"taxonomy":"post_tag","embeddable":true,"href":"https:\/\/www.e-anjelik.sk\/index.php\/wp-json\/wp\/v2\/tags?post=33799"}],"curies":[{"name":"wp","href":"https:\/\/api.w.org\/{rel}","templated":true}]}}