{"id":33809,"date":"2020-08-11T20:41:58","date_gmt":"2020-08-11T18:41:58","guid":{"rendered":"http:\/\/e-anjelik.sk\/?p=33809"},"modified":"2020-08-11T20:41:58","modified_gmt":"2020-08-11T18:41:58","slug":"zomrela-ses-fararka-erika-sukovska","status":"publish","type":"post","link":"https:\/\/www.e-anjelik.sk\/index.php\/2020\/08\/11\/zomrela-ses-fararka-erika-sukovska\/","title":{"rendered":"Zomrela ses.far\u00e1rka Erika Sukovsk\u00e1"},"content":{"rendered":"\n<h1 class=\"wp-block-heading\">Zomrela Erika Sukovsk\u00e1<\/h1>\n\n\n\n<ul class=\"wp-block-list\"><li>\u00a011.08.20<\/li><li>\u00a0\u00a0Mari\u00e1n Ka\u0148uch, senior Tur\u010dianskeho senior\u00e1tu<\/li><\/ul>\n\n\n\n<figure class=\"wp-block-image\"><a href=\"https:\/\/www.ecav.sk\/rails\/active_storage\/blobs\/eyJfcmFpbHMiOnsibWVzc2FnZSI6IkJBaHBBcTZQIiwiZXhwIjpudWxsLCJwdXIiOiJibG9iX2lkIn19--240cb4dbdecef500f82c7004ff162daf4706cd16\/unnamed%20(3).jpg\"><img decoding=\"async\" src=\"https:\/\/www.ecav.sk\/rails\/active_storage\/representations\/eyJfcmFpbHMiOnsibWVzc2FnZSI6IkJBaHBBcTZQIiwiZXhwIjpudWxsLCJwdXIiOiJibG9iX2lkIn19--240cb4dbdecef500f82c7004ff162daf4706cd16\/eyJfcmFpbHMiOnsibWVzc2FnZSI6IkJBaDdCam9MY21WemFYcGxTU0lJT1RBd0Jqb0dSVlE9IiwiZXhwIjpudWxsLCJwdXIiOiJ2YXJpYXRpb24ifX0=--f83398908a42570f1be2d2870fc3e62f317d893b\/unnamed%20(3).jpg\" alt=\"Zomrela Erika Sukovsk\u00e1\"\/><\/a><\/figure>\n\n\n\n<p>Mil\u00e9 sestry, mil\u00ed bratia, v n\u00e1deji vzkriesenia v\u00e1m oznamujem, \u017ee na\u0161a mil\u00e1 spolusestra v olt\u00e1rnej slu\u017ebe&nbsp;<strong>Erika Sukovsk\u00e1<\/strong>&nbsp;v nede\u013eu 9.8.2020 n\u00e1s predi\u0161la z \u010dasnosti do ve\u010dnosti. Myslite pros\u00edm v modlitb\u00e1ch najm\u00e4 na v\u0161etk\u00fdch pozostal\u00fdch. &nbsp;<\/p>\n","protected":false},"excerpt":{"rendered":"<p>Zomrela Erika Sukovsk\u00e1 \u00a011.08.20 \u00a0\u00a0Mari\u00e1n Ka\u0148uch, senior Tur\u010dianskeho senior\u00e1tu Mil\u00e9 sestry, mil\u00ed bratia, v n\u00e1deji vzkriesenia v\u00e1m oznamujem, \u017ee na\u0161a mil\u00e1 spolusestra v olt\u00e1rnej slu\u017ebe&nbsp;Erika Sukovsk\u00e1&nbsp;v nede\u013eu 9.8.2020 n\u00e1s predi\u0161la z \u010dasnosti do ve\u010dnosti. Myslite pros\u00edm v modlitb\u00e1ch najm\u00e4 na v\u0161etk\u00fdch pozostal\u00fdch. &nbsp;<\/p>\n","protected":false},"author":4,"featured_media":0,"comment_status":"open","ping_status":"open","sticky":false,"template":"","format":"standard","meta":{"footnotes":""},"categories":[322,115],"tags":[],"class_list":["post-33809","post","type-post","status-publish","format-standard","hentry","category-nekrolog","category-ordinovanie-zien"],"_links":{"self":[{"href":"https:\/\/www.e-anjelik.sk\/index.php\/wp-json\/wp\/v2\/posts\/33809","targetHints":{"allow":["GET"]}}],"collection":[{"href":"https:\/\/www.e-anjelik.sk\/index.php\/wp-json\/wp\/v2\/posts"}],"about":[{"href":"https:\/\/www.e-anjelik.sk\/index.php\/wp-json\/wp\/v2\/types\/post"}],"author":[{"embeddable":true,"href":"https:\/\/www.e-anjelik.sk\/index.php\/wp-json\/wp\/v2\/users\/4"}],"replies":[{"embeddable":true,"href":"https:\/\/www.e-anjelik.sk\/index.php\/wp-json\/wp\/v2\/comments?post=33809"}],"version-history":[{"count":1,"href":"https:\/\/www.e-anjelik.sk\/index.php\/wp-json\/wp\/v2\/posts\/33809\/revisions"}],"predecessor-version":[{"id":33810,"href":"https:\/\/www.e-anjelik.sk\/index.php\/wp-json\/wp\/v2\/posts\/33809\/revisions\/33810"}],"wp:attachment":[{"href":"https:\/\/www.e-anjelik.sk\/index.php\/wp-json\/wp\/v2\/media?parent=33809"}],"wp:term":[{"taxonomy":"category","embeddable":true,"href":"https:\/\/www.e-anjelik.sk\/index.php\/wp-json\/wp\/v2\/categories?post=33809"},{"taxonomy":"post_tag","embeddable":true,"href":"https:\/\/www.e-anjelik.sk\/index.php\/wp-json\/wp\/v2\/tags?post=33809"}],"curies":[{"name":"wp","href":"https:\/\/api.w.org\/{rel}","templated":true}]}}