{"id":33815,"date":"2020-08-13T00:30:49","date_gmt":"2020-08-12T22:30:49","guid":{"rendered":"http:\/\/e-anjelik.sk\/?p=33815"},"modified":"2020-08-13T00:30:49","modified_gmt":"2020-08-12T22:30:49","slug":"zomrel-br-farar-pavel-sklenar-v-kovacici","status":"publish","type":"post","link":"https:\/\/www.e-anjelik.sk\/index.php\/2020\/08\/13\/zomrel-br-farar-pavel-sklenar-v-kovacici\/","title":{"rendered":"Zomrel br.far\u00e1r Pavel Sklen\u00e1r v Kova\u010dici"},"content":{"rendered":"\n<h1 class=\"wp-block-heading\">Zomrel ThMgr. Pavel Sklen\u00e1r, far\u00e1r kova\u010dick\u00fd a senior ban\u00e1tsky<\/h1>\n\n\n\n<figure class=\"wp-block-image\"><a href=\"https:\/\/www.ecav.sk\/rails\/active_storage\/blobs\/eyJfcmFpbHMiOnsibWVzc2FnZSI6IkJBaHBBcTJQIiwiZXhwIjpudWxsLCJwdXIiOiJibG9iX2lkIn19--abb4406e82e1eb7c8d4be624263034edcd5a4074\/117325820_1701134023373870_5843948698272380177_n.png\"><img decoding=\"async\" src=\"https:\/\/www.ecav.sk\/rails\/active_storage\/representations\/eyJfcmFpbHMiOnsibWVzc2FnZSI6IkJBaHBBcTJQIiwiZXhwIjpudWxsLCJwdXIiOiJibG9iX2lkIn19--abb4406e82e1eb7c8d4be624263034edcd5a4074\/eyJfcmFpbHMiOnsibWVzc2FnZSI6IkJBaDdCam9MY21WemFYcGxTU0lJT1RBd0Jqb0dSVlE9IiwiZXhwIjpudWxsLCJwdXIiOiJ2YXJpYXRpb24ifX0=--f83398908a42570f1be2d2870fc3e62f317d893b\/117325820_1701134023373870_5843948698272380177_n.png\" alt=\"Zomrel ThMgr. Pavel Sklen\u00e1r, far\u00e1r kova\u010dick\u00fd a senior ban\u00e1tsky\"\/><\/a><\/figure>\n\n\n\n<ul class=\"wp-block-list\"><li>\u00a010.08.20<\/li><li>\u00a0\u00a0Predsedn\u00edctvo ECAV na Slovensku<\/li><\/ul>\n\n\n\n<p><strong>Vo veku 71 rokov zomrel 10. augusta 2020 v predpolud\u0148aj\u0161\u00edch hodin\u00e1ch, v nemocnici v Pan\u010deve, brat Pavel Sklen\u00e1r, far\u00e1r cirkevn\u00e9ho zboru Kova\u010dica I. a senior ban\u00e1tsky.&nbsp;<\/strong><\/p>\n\n\n\n<p>Narodil sa 2. febru\u00e1ra 1949 v Lugu. Po skon\u010den\u00ed Teologickej fakulty v Bratislave bol 25. j\u00fala 1976 ordinovan\u00fd za k\u0148aza a do slu\u017eby slovenskej evanjelickej cirkvi nast\u00fapil 1. augusta toho ist\u00e9ho roku v J\u00e1no\u0161\u00edku. Tam za jeho p\u00f4sobenia postavili nov\u00fa farsk\u00fa budovu.&nbsp;<\/p>\n\n\n\n<p>Za far\u00e1ra v Kova\u010dici bol vymenovan\u00fd v decembri 1983 a na post far\u00e1ra v Cirkevnom zbore v Kova\u010dici bol zvolen\u00fd v janu\u00e1ri 1984. Slu\u017ebu seniora ban\u00e1tskeho senior\u00e1tu vykon\u00e1val 21 rokov.<\/p>\n\n\n\n<p>Za jeho p\u00f4sobenia bola v Kova\u010dici dostavan\u00e1 strecha na farskej budove, vystavan\u00fd nov\u00fd viac\u00fa\u010delov\u00fd zborov\u00fd dom s priestrannou sie\u0148ou a kancel\u00e1riami, gener\u00e1lne bol opraven\u00fd kostol k 200-st\u00e9mu v\u00fdro\u010diu zalo\u017eenia Kova\u010dice.&nbsp;<\/p>\n\n\n\n<p>Bol ideov\u00fdm tvorcom rozhlasovej rel\u00e1cie R\u00e1dio-telev\u00edzie Obce Kova\u010dica Nebesk\u00fd chv\u00e1lospev, \u010dlen redakcie Evanjelick\u00e9ho hl\u00e1snika, \u010dlen V\u00fdkonn\u00e9ho v\u00fdboru Zdru\u017eenia k\u0148azov a \u010dlen cirkevnej rady SEAVC v Srbsku.<\/p>\n\n\n\n<p>Predsedn\u00edctvo ECAV na Slovensku vyjadruje pozostal\u00fdm hlbok\u00fa s\u00fastras\u0165. &#8222;Stoj\u00edme s Vami v modlitb\u00e1ch a budeme prosi\u0165, aby V\u00e1m v\u0161emoh\u00faci Boh pomohol prejs\u0165 t\u00fdmto \u0165a\u017ek\u00fdm obdob\u00edm.&#8220;<\/p>\n\n\n\n<p><\/p>\n\n\n\n<p>   Redakcia www.evanjelik.sk sa prip\u00e1ja k vysloveniu najhlb\u0161ej s\u00fastrasti pozostal\u00fdm a CZ. <\/p>\n","protected":false},"excerpt":{"rendered":"<p>Zomrel ThMgr. Pavel Sklen\u00e1r, far\u00e1r kova\u010dick\u00fd a senior ban\u00e1tsky \u00a010.08.20 \u00a0\u00a0Predsedn\u00edctvo ECAV na Slovensku Vo veku 71 rokov zomrel 10. augusta 2020 v predpolud\u0148aj\u0161\u00edch hodin\u00e1ch, v nemocnici v Pan\u010deve, brat Pavel Sklen\u00e1r, far\u00e1r cirkevn\u00e9ho zboru Kova\u010dica I. a senior ban\u00e1tsky.&nbsp; Narodil sa 2. febru\u00e1ra 1949 v Lugu. Po skon\u010den\u00ed Teologickej fakulty v Bratislave bol 25. &#8230; <a title=\"Zomrel br.far\u00e1r Pavel Sklen\u00e1r v Kova\u010dici\" class=\"read-more\" href=\"https:\/\/www.e-anjelik.sk\/index.php\/2020\/08\/13\/zomrel-br-farar-pavel-sklenar-v-kovacici\/\" aria-label=\"Pre\u010d\u00edtajte si viac o Zomrel br.far\u00e1r Pavel Sklen\u00e1r v Kova\u010dici\">\u010c\u00edta\u0165 viac<\/a><\/p>\n","protected":false},"author":4,"featured_media":0,"comment_status":"open","ping_status":"open","sticky":false,"template":"","format":"standard","meta":{"footnotes":""},"categories":[322,535],"tags":[],"class_list":["post-33815","post","type-post","status-publish","format-standard","hentry","category-nekrolog","category-umrtia"],"_links":{"self":[{"href":"https:\/\/www.e-anjelik.sk\/index.php\/wp-json\/wp\/v2\/posts\/33815","targetHints":{"allow":["GET"]}}],"collection":[{"href":"https:\/\/www.e-anjelik.sk\/index.php\/wp-json\/wp\/v2\/posts"}],"about":[{"href":"https:\/\/www.e-anjelik.sk\/index.php\/wp-json\/wp\/v2\/types\/post"}],"author":[{"embeddable":true,"href":"https:\/\/www.e-anjelik.sk\/index.php\/wp-json\/wp\/v2\/users\/4"}],"replies":[{"embeddable":true,"href":"https:\/\/www.e-anjelik.sk\/index.php\/wp-json\/wp\/v2\/comments?post=33815"}],"version-history":[{"count":1,"href":"https:\/\/www.e-anjelik.sk\/index.php\/wp-json\/wp\/v2\/posts\/33815\/revisions"}],"predecessor-version":[{"id":33816,"href":"https:\/\/www.e-anjelik.sk\/index.php\/wp-json\/wp\/v2\/posts\/33815\/revisions\/33816"}],"wp:attachment":[{"href":"https:\/\/www.e-anjelik.sk\/index.php\/wp-json\/wp\/v2\/media?parent=33815"}],"wp:term":[{"taxonomy":"category","embeddable":true,"href":"https:\/\/www.e-anjelik.sk\/index.php\/wp-json\/wp\/v2\/categories?post=33815"},{"taxonomy":"post_tag","embeddable":true,"href":"https:\/\/www.e-anjelik.sk\/index.php\/wp-json\/wp\/v2\/tags?post=33815"}],"curies":[{"name":"wp","href":"https:\/\/api.w.org\/{rel}","templated":true}]}}