{"id":33828,"date":"2020-08-19T00:15:02","date_gmt":"2020-08-18T22:15:02","guid":{"rendered":"http:\/\/e-anjelik.sk\/?p=33828"},"modified":"2020-08-19T00:15:02","modified_gmt":"2020-08-18T22:15:02","slug":"navrh-sas-na-odluku-cirkvi-a-statu","status":"publish","type":"post","link":"https:\/\/www.e-anjelik.sk\/index.php\/2020\/08\/19\/navrh-sas-na-odluku-cirkvi-a-statu\/","title":{"rendered":"N\u00e1vrh SAS na odluku cirkvi a \u0161t\u00e1tu"},"content":{"rendered":"\n<h1 class=\"wp-block-heading\">Asigna\u010dn\u00fd model financovania cirkvi<\/h1>\n\n\n\n<figure class=\"wp-block-image\"><a href=\"https:\/\/www.ecav.sk\/rails\/active_storage\/blobs\/eyJfcmFpbHMiOnsibWVzc2FnZSI6IkJBaHBBc09QIiwiZXhwIjpudWxsLCJwdXIiOiJibG9iX2lkIn19--3d436477dd646ef32102443f29eedeb8de2a694b\/photo-1519774233202-512ca272d8b2.jpg\"><img decoding=\"async\" src=\"https:\/\/www.ecav.sk\/rails\/active_storage\/representations\/eyJfcmFpbHMiOnsibWVzc2FnZSI6IkJBaHBBc09QIiwiZXhwIjpudWxsLCJwdXIiOiJibG9iX2lkIn19--3d436477dd646ef32102443f29eedeb8de2a694b\/eyJfcmFpbHMiOnsibWVzc2FnZSI6IkJBaDdCam9MY21WemFYcGxTU0lJT1RBd0Jqb0dSVlE9IiwiZXhwIjpudWxsLCJwdXIiOiJ2YXJpYXRpb24ifX0=--f83398908a42570f1be2d2870fc3e62f317d893b\/photo-1519774233202-512ca272d8b2.jpg\" alt=\"Asigna\u010dn\u00fd model financovania cirkvi\"\/><\/a><\/figure>\n\n\n\n<ul class=\"wp-block-list\"><li>&nbsp;18.08.20<\/li><li>&nbsp;&nbsp;Predsedn\u00edctvo ECAV na Slovensku<\/li><li>&nbsp;<a href=\"https:\/\/www.ecav.sk\/aktuality\/stanoviska-a-vyjadrenia\">&nbsp;Stanovisk\u00e1 a vyjadrenia<\/a><\/li><\/ul>\n\n\n\n<p>Strana Sloboda a Solidarita dnes prostredn\u00edctvom m\u00e9di\u00ed otvorila t\u00e9mu o odluke cirkvi od \u0161t\u00e1tu. Zatia\u013e nevieme, ak\u00fa konkr\u00e9tnu predstavu maj\u00fa. Vyjadrenie, \u017ee by i\u0161lo o asigna\u010dn\u00fd model, je ve\u013emi stru\u010dn\u00e9, tak\u017ee o \u0148om zatia\u013e nevieme us\u00fadi\u0165 skoro v\u00f4bec ni\u010d.<\/p>\n\n\n\n<p>Do diskusie n\u00e1s ako Evanjelick\u00fa cirkev a. v. zatia\u013e nikto nepozval a otvorenie tejto t\u00e9my nikto neavizoval. O celej z\u00e1le\u017eitosti vieme iba z m\u00e9di\u00ed, kde bola prezentovan\u00e1 akoby iniciat\u00edva jedn\u00e9ho poslanca, ktor\u00fd sa odvol\u00e1va na program strany. Ke\u010f ak\u00e1ko\u013evek vl\u00e1da t\u00fato t\u00e9mu otvor\u00ed, bude na\u0161ou povinnos\u0165ou, aj \u017eivotnou nevyhnutnos\u0165ou, akt\u00edvne sa diskusie z\u00fa\u010dastni\u0165.<\/p>\n\n\n\n<p>Bez ak\u00e9hoko\u013evek alibizmu hovor\u00edme, \u017ee o navrhovanom modele v tejto chv\u00edli nevieme vlastne ni\u010d, okrem toho, \u017ee je asigna\u010dn\u00fdm. To je ale st\u00e1le povedan\u00e9 ve\u013emi m\u00e1lo. Nevieme napr\u00edklad, ak\u00e9 percento z dane by malo by\u0165 asignovan\u00e9, ak\u00fdm sp\u00f4sobom, ak\u00e1 bude povinnos\u0165 asign\u00e1cie pre \u010dlenov cirkvi a ak\u00e9 bud\u00fa mo\u017enosti pre ne\u010dlenov. Nerozumieme tie\u017e tomu, pre\u010do politick\u00e1 strana, ktor\u00e1 by rada oddelila sf\u00e9ru \u0161t\u00e1tu a sf\u00e9ru cirkv\u00ed navrhuje pr\u00e1ve tak\u00fdto model, z ktor\u00e9ho bud\u00fa vypl\u00fdva\u0165 pre da\u0148ov\u00fa spr\u00e1vu \u0161t\u00e1tu mnoh\u00e9 povinnosti a napokon &#8211; pr\u00edde o \u010das\u0165 dane a ve\u013emi si teda nepom\u00f4\u017ee z h\u013eadiska toho, \u017ee na cirkv\u00e1ch treba u\u0161etri\u0165. Inform\u00e1cie, ktor\u00e9 zatia\u013e m\u00e1me vytv\u00e1raj\u00fa dojem, \u017ee sa jedn\u00e1 zo strany navrhovate\u013ea o nie\u010do ve\u013emi \u017eiveln\u00e9.<\/p>\n\n\n\n<p>V z\u00e1sade plat\u00ed, \u017ee jestvovanie a \u010dinnos\u0165 akejko\u013evek cirkvi na tomto svete nem\u00f4\u017ee a nesmie nab\u00fara\u0165 \u017eiadna zmena vo financovan\u00ed cirkvi zo strany \u0161t\u00e1tu, ak sa tak\u00e9to financovanie deje. &nbsp;<\/p>\n\n\n\n<p>Len ned\u00e1vno, po nieko\u013ek\u00fdch rokoch rokovania \u0161t\u00e1tu s cirkvami, prijal parlament nov\u00fd z\u00e1kon o finan\u010dnej podpore cirkv\u00ed a n\u00e1bo\u017eensk\u00fdch spolo\u010dnost\u00ed. Jeho parametre sme akceptovali. Ako ale u\u017e samotn\u00fd n\u00e1zov z\u00e1kona napoved\u00e1, \u0161t\u00e1t cirkev finan\u010dne nezabezpe\u010duje kompletne, ako si to verejnos\u0165 \u010dastokr\u00e1t mysl\u00ed. \u0160t\u00e1t cirkev iba podporuje. Prakticky to znamen\u00e1, \u017ee bal\u00edk pe\u0148az\u00ed, ktor\u00fd na z\u00e1klade tohto z\u00e1kona dostane od \u0161t\u00e1tu evanjelick\u00e1 cirkev, tvor\u00ed iba jednu \u0161tvrtinu z celkov\u00e9ho bal\u00edka, ktor\u00fd evanjelick\u00e1 cirkev potrebuje ro\u010dne na svoju \u010dinnos\u0165. Tri \u0161tvrtiny poch\u00e1dzaj\u00fa predov\u0161etk\u00fdm z pe\u0148a\u017eeniek samotn\u00fdch \u010dlenov cirkvi a tie\u017e z v\u00fdnosov z nie ve\u013ek\u00e9ho majetku. Za jeden zo svojich cie\u013eov pova\u017eujeme budovanie akt\u00edvneho povedomia finan\u010dn\u00e9ho darcovstva a materi\u00e1lnej dobro\u010dinnosti u svojich \u010dlenov, \u010d\u00edm sa evanjelici vyzna\u010dovali u\u017e v minulosti.&nbsp;<\/p>\n\n\n\n<p>Ak by malo d\u00f4js\u0165 k \u00faplnej odluke cirkvi od \u0161t\u00e1tu, musela by by\u0165 prinajmen\u0161om splnen\u00e1 podmienka, ktor\u00fa vo\u010di cirkv\u00e1m splnil \u010desk\u00fd \u0161t\u00e1t &#8211; \u00faplne ich finan\u010dne od\u0161kodnil za minul\u00e9 majetkov\u00e9 krivdy. O tejto t\u00e9me, o \u00fapln\u00fdch a dokon\u010den\u00fdch re\u0161tit\u00faci\u00e1ch cirkevn\u00e9ho majetku a o od\u0161kodnen\u00ed za majetkov\u00e9 krivdy, na ktor\u00e9 sa nevz\u0165ahuje re\u0161titu\u010dn\u00fd z\u00e1kon \/napr. povojnov\u00e9 zn\u00e1rodnenie cirkevn\u00e9ho \u0161kolstva, ktor\u00e9 znamenalo zhabanie ve\u013ek\u00e9ho mno\u017estva \u0161k\u00f4l, \u0161kolsk\u00fdch bytov, ale aj nehnute\u013enost\u00ed, ktor\u00e9 nemali so \u0161kolami ni\u010d spolo\u010dn\u00e9, alebo od\u0161kodnenie za nev\u00fdhodn\u00e9 predaje majetku pod tlakom a pod.\/, sa zatia\u013e ml\u010d\u00ed. Pod\u013ea n\u00e1s je to ale v slu\u0161nej a slobodnej spolo\u010dnosti integr\u00e1lna s\u00fa\u010das\u0165 akejko\u013evek diskusie o odluke cirkvi od \u0161t\u00e1tu.<\/p>\n\n\n\n<p>Jestvuje rad \u010fal\u0161\u00edch ot\u00e1zok, ktor\u00e9 my\u0161lienka na odluku cirkvi od \u0161t\u00e1tu vyvol\u00e1va. Ak m\u00e1 by\u0165 n\u00e1vrh strany SaS kozistentn\u00fd a seri\u00f3zny, ur\u010dite m\u00e1 na ne pripraven\u00e9 odpovede. V tejto chv\u00edli v\u0161ak m\u00e1me iba minimum inform\u00e1ci\u00ed.<\/p>\n","protected":false},"excerpt":{"rendered":"<p>Asigna\u010dn\u00fd model financovania cirkvi &nbsp;18.08.20 &nbsp;&nbsp;Predsedn\u00edctvo ECAV na Slovensku &nbsp;&nbsp;Stanovisk\u00e1 a vyjadrenia Strana Sloboda a Solidarita dnes prostredn\u00edctvom m\u00e9di\u00ed otvorila t\u00e9mu o odluke cirkvi od \u0161t\u00e1tu. Zatia\u013e nevieme, ak\u00fa konkr\u00e9tnu predstavu maj\u00fa. Vyjadrenie, \u017ee by i\u0161lo o asigna\u010dn\u00fd model, je ve\u013emi stru\u010dn\u00e9, tak\u017ee o \u0148om zatia\u013e nevieme us\u00fadi\u0165 skoro v\u00f4bec ni\u010d. Do diskusie n\u00e1s ako &#8230; <a title=\"N\u00e1vrh SAS na odluku cirkvi a \u0161t\u00e1tu\" class=\"read-more\" href=\"https:\/\/www.e-anjelik.sk\/index.php\/2020\/08\/19\/navrh-sas-na-odluku-cirkvi-a-statu\/\" aria-label=\"Pre\u010d\u00edtajte si viac o N\u00e1vrh SAS na odluku cirkvi a \u0161t\u00e1tu\">\u010c\u00edta\u0165 viac<\/a><\/p>\n","protected":false},"author":4,"featured_media":0,"comment_status":"open","ping_status":"open","sticky":false,"template":"","format":"standard","meta":{"footnotes":""},"categories":[193,368,94],"tags":[],"class_list":["post-33828","post","type-post","status-publish","format-standard","hentry","category-co-pisu-ini","category-politika"],"_links":{"self":[{"href":"https:\/\/www.e-anjelik.sk\/index.php\/wp-json\/wp\/v2\/posts\/33828","targetHints":{"allow":["GET"]}}],"collection":[{"href":"https:\/\/www.e-anjelik.sk\/index.php\/wp-json\/wp\/v2\/posts"}],"about":[{"href":"https:\/\/www.e-anjelik.sk\/index.php\/wp-json\/wp\/v2\/types\/post"}],"author":[{"embeddable":true,"href":"https:\/\/www.e-anjelik.sk\/index.php\/wp-json\/wp\/v2\/users\/4"}],"replies":[{"embeddable":true,"href":"https:\/\/www.e-anjelik.sk\/index.php\/wp-json\/wp\/v2\/comments?post=33828"}],"version-history":[{"count":1,"href":"https:\/\/www.e-anjelik.sk\/index.php\/wp-json\/wp\/v2\/posts\/33828\/revisions"}],"predecessor-version":[{"id":33829,"href":"https:\/\/www.e-anjelik.sk\/index.php\/wp-json\/wp\/v2\/posts\/33828\/revisions\/33829"}],"wp:attachment":[{"href":"https:\/\/www.e-anjelik.sk\/index.php\/wp-json\/wp\/v2\/media?parent=33828"}],"wp:term":[{"taxonomy":"category","embeddable":true,"href":"https:\/\/www.e-anjelik.sk\/index.php\/wp-json\/wp\/v2\/categories?post=33828"},{"taxonomy":"post_tag","embeddable":true,"href":"https:\/\/www.e-anjelik.sk\/index.php\/wp-json\/wp\/v2\/tags?post=33828"}],"curies":[{"name":"wp","href":"https:\/\/api.w.org\/{rel}","templated":true}]}}