{"id":3384,"date":"2011-02-15T10:36:11","date_gmt":"2011-02-15T10:36:11","guid":{"rendered":"http:\/\/e-anjelik.sk\/?p=3384"},"modified":"2011-02-15T10:36:11","modified_gmt":"2011-02-15T10:36:11","slug":"zasadne-ustredny-vybor-svetovej-rady-cirkvi-v-zeneve","status":"publish","type":"post","link":"https:\/\/www.e-anjelik.sk\/index.php\/2011\/02\/15\/zasadne-ustredny-vybor-svetovej-rady-cirkvi-v-zeneve\/","title":{"rendered":"Zasadne \u00fastredn\u00fd v\u00fdbor Svetovej rady cirkv\u00ed v \u017deneve"},"content":{"rendered":"<p>V stredu 16. febru&aacute;ra 2011 sa v \u017deneve za\u010dne zasadnutie &uacute;stredn&eacute;ho v&yacute;boru Svetovej rady cirkv&iacute;. Rokovanie potrv&aacute; do 22. febru&aacute;ra 2011. Na programe tohto 150 \u010dlenn&eacute;ho gr&eacute;mia je prerokovanie stavu kres\u0165anov na Bl&iacute;zkom V&yacute;chode, pr&iacute;prava ekumenickej v&yacute;zvy za mier a pr&iacute;prava najbli\u017e&scaron;ieho Valn&eacute;ho zhroma\u017edenia SRC, ktor&eacute; sa bude kona\u0165 v r. 2013 v juhok&oacute;rejskom Busane. &nbsp;SRC je stre&scaron;nou organiz&aacute;ciou 350 \u010dlensk&yacute;ch kres\u0165ansk&yacute;ch cirkv&iacute; sveta, okrem r&iacute;mskokatol&iacute;ckej, ktor&aacute; je iba pozorovate\u013ekou. &Uacute;stredn&yacute; v&yacute;bor sa sch&aacute;dza pod\u013ea potreby&nbsp;raz za osem alebo dvan&aacute;s\u0165 mesiacov&nbsp;medzi zasadnutiami VZ a riadi pr&aacute;cu SRC .<\/p>\n<p>(<a href=\"http:\/\/www.epd.de\">www.epd.de<\/a>)<\/p>\n","protected":false},"excerpt":{"rendered":"<p>V stredu 16. febru&aacute;ra 2011 sa v \u017deneve za\u010dne zasadnutie &uacute;stredn&eacute;ho v&yacute;boru Svetovej rady cirkv&iacute;. Rokovanie potrv&aacute; do 22. febru&aacute;ra 2011. Na programe tohto 150 \u010dlenn&eacute;ho gr&eacute;mia je prerokovanie stavu kres\u0165anov na Bl&iacute;zkom V&yacute;chode, pr&iacute;prava ekumenickej v&yacute;zvy za mier a pr&iacute;prava najbli\u017e&scaron;ieho Valn&eacute;ho zhroma\u017edenia SRC, ktor&eacute; sa bude kona\u0165 v r. 2013 v juhok&oacute;rejskom Busane. &#8230; <a title=\"Zasadne \u00fastredn\u00fd v\u00fdbor Svetovej rady cirkv\u00ed v \u017deneve\" class=\"read-more\" href=\"https:\/\/www.e-anjelik.sk\/index.php\/2011\/02\/15\/zasadne-ustredny-vybor-svetovej-rady-cirkvi-v-zeneve\/\" aria-label=\"Pre\u010d\u00edtajte si viac o Zasadne \u00fastredn\u00fd v\u00fdbor Svetovej rady cirkv\u00ed v \u017deneve\">\u010c\u00edta\u0165 viac<\/a><\/p>\n","protected":false},"author":22,"featured_media":0,"comment_status":"open","ping_status":"open","sticky":false,"template":"","format":"standard","meta":{"footnotes":""},"categories":[2],"tags":[],"class_list":["post-3384","post","type-post","status-publish","format-standard","hentry","category-ekumena"],"_links":{"self":[{"href":"https:\/\/www.e-anjelik.sk\/index.php\/wp-json\/wp\/v2\/posts\/3384","targetHints":{"allow":["GET"]}}],"collection":[{"href":"https:\/\/www.e-anjelik.sk\/index.php\/wp-json\/wp\/v2\/posts"}],"about":[{"href":"https:\/\/www.e-anjelik.sk\/index.php\/wp-json\/wp\/v2\/types\/post"}],"author":[{"embeddable":true,"href":"https:\/\/www.e-anjelik.sk\/index.php\/wp-json\/wp\/v2\/users\/22"}],"replies":[{"embeddable":true,"href":"https:\/\/www.e-anjelik.sk\/index.php\/wp-json\/wp\/v2\/comments?post=3384"}],"version-history":[{"count":0,"href":"https:\/\/www.e-anjelik.sk\/index.php\/wp-json\/wp\/v2\/posts\/3384\/revisions"}],"wp:attachment":[{"href":"https:\/\/www.e-anjelik.sk\/index.php\/wp-json\/wp\/v2\/media?parent=3384"}],"wp:term":[{"taxonomy":"category","embeddable":true,"href":"https:\/\/www.e-anjelik.sk\/index.php\/wp-json\/wp\/v2\/categories?post=3384"},{"taxonomy":"post_tag","embeddable":true,"href":"https:\/\/www.e-anjelik.sk\/index.php\/wp-json\/wp\/v2\/tags?post=3384"}],"curies":[{"name":"wp","href":"https:\/\/api.w.org\/{rel}","templated":true}]}}