{"id":3385,"date":"2011-02-16T09:43:47","date_gmt":"2011-02-16T09:43:47","guid":{"rendered":"http:\/\/e-anjelik.sk\/?p=3385"},"modified":"2011-02-16T09:43:47","modified_gmt":"2011-02-16T09:43:47","slug":"profesor-reinhard-slenczka-80-rocny","status":"publish","type":"post","link":"https:\/\/www.e-anjelik.sk\/index.php\/2011\/02\/16\/profesor-reinhard-slenczka-80-rocny\/","title":{"rendered":"Profesor Reinhard Slenczka 80 ro\u010dn\u00fd"},"content":{"rendered":"<p>Patr&iacute; k renomovan&yacute;m z&aacute;stupcom konzervat&iacute;vnej luter&aacute;nskej teol&oacute;gie v Nemecku. Prof. R. Slenczka z Erlangenu sa 16. febru&aacute;ra 2011 do\u017e&iacute;va 80 rokov. Opakovane kritizuje vedenia evanjelick&yacute;ch cirkv&iacute; v Nemecku za ich nebiblick&eacute; tendencie. Ostatne tak robil pri veden&iacute; lut. krajinskej cirkvi v Bavorsku, za jej rozhodnutie umo\u017e\u0148ova\u0165 za ist&yacute;ch podmienok b&yacute;vanie vo fare homosexu&aacute;ln&yacute;m partnerom. Za tento po\u010din \u017eiadal odvolanie krajinsk&eacute;ho biskupa J. Friedricha. Slenczka pova\u017euje za nebiblick&eacute; aj zavedenie ordin&aacute;cie \u017eien v cirkv&aacute;ch a prax&nbsp;po\u017eehn&aacute;vania homosexu&aacute;lnych p&aacute;rov. Narodil sa v Kasseli a bol profesorom systematickej teol&oacute;gie v Berne, Heidelbergu a Erlangene. V rokoch 1997 a\u017e 2005 bol rektorom Lutherovej akad&eacute;mie v Rige. S&uacute;\u010dasne viedol vzdel&aacute;vanie far&aacute;rov, u\u010dite\u013eov n&aacute;bo\u017eenstva a cirkevn&yacute;ch hudobn&iacute;kov v Evanjelicko-luter&aacute;nskej cirkvi v Loty&scaron;sku. Jeho b&aacute;danie ako teol&oacute;ga konal v\u017edy so z&aacute;sadou &quot; Zvestovanie v cirkvi potrebuje jasn&eacute; u\u010denie.&quot;<\/p>\n<p>(<a href=\"http:\/\/www.idea.de\">www.idea.de<\/a>)<\/p>\n","protected":false},"excerpt":{"rendered":"<p>Patr&iacute; k renomovan&yacute;m z&aacute;stupcom konzervat&iacute;vnej luter&aacute;nskej teol&oacute;gie v Nemecku. Prof. R. Slenczka z Erlangenu sa 16. febru&aacute;ra 2011 do\u017e&iacute;va 80 rokov. Opakovane kritizuje vedenia evanjelick&yacute;ch cirkv&iacute; v Nemecku za ich nebiblick&eacute; tendencie. Ostatne tak robil pri veden&iacute; lut. krajinskej cirkvi v Bavorsku, za jej rozhodnutie umo\u017e\u0148ova\u0165 za ist&yacute;ch podmienok b&yacute;vanie vo fare homosexu&aacute;ln&yacute;m partnerom. Za &#8230; <a title=\"Profesor Reinhard Slenczka 80 ro\u010dn\u00fd\" class=\"read-more\" href=\"https:\/\/www.e-anjelik.sk\/index.php\/2011\/02\/16\/profesor-reinhard-slenczka-80-rocny\/\" aria-label=\"Pre\u010d\u00edtajte si viac o Profesor Reinhard Slenczka 80 ro\u010dn\u00fd\">\u010c\u00edta\u0165 viac<\/a><\/p>\n","protected":false},"author":22,"featured_media":0,"comment_status":"open","ping_status":"open","sticky":false,"template":"","format":"standard","meta":{"footnotes":""},"categories":[1,14],"tags":[],"class_list":["post-3385","post","type-post","status-publish","format-standard","hentry","category-adventna-modlitba","category-osobnosti"],"_links":{"self":[{"href":"https:\/\/www.e-anjelik.sk\/index.php\/wp-json\/wp\/v2\/posts\/3385","targetHints":{"allow":["GET"]}}],"collection":[{"href":"https:\/\/www.e-anjelik.sk\/index.php\/wp-json\/wp\/v2\/posts"}],"about":[{"href":"https:\/\/www.e-anjelik.sk\/index.php\/wp-json\/wp\/v2\/types\/post"}],"author":[{"embeddable":true,"href":"https:\/\/www.e-anjelik.sk\/index.php\/wp-json\/wp\/v2\/users\/22"}],"replies":[{"embeddable":true,"href":"https:\/\/www.e-anjelik.sk\/index.php\/wp-json\/wp\/v2\/comments?post=3385"}],"version-history":[{"count":0,"href":"https:\/\/www.e-anjelik.sk\/index.php\/wp-json\/wp\/v2\/posts\/3385\/revisions"}],"wp:attachment":[{"href":"https:\/\/www.e-anjelik.sk\/index.php\/wp-json\/wp\/v2\/media?parent=3385"}],"wp:term":[{"taxonomy":"category","embeddable":true,"href":"https:\/\/www.e-anjelik.sk\/index.php\/wp-json\/wp\/v2\/categories?post=3385"},{"taxonomy":"post_tag","embeddable":true,"href":"https:\/\/www.e-anjelik.sk\/index.php\/wp-json\/wp\/v2\/tags?post=3385"}],"curies":[{"name":"wp","href":"https:\/\/api.w.org\/{rel}","templated":true}]}}