{"id":33851,"date":"2020-08-31T15:08:04","date_gmt":"2020-08-31T13:08:04","guid":{"rendered":"http:\/\/e-anjelik.sk\/?p=33851"},"modified":"2020-08-31T15:08:04","modified_gmt":"2020-08-31T13:08:04","slug":"gen-biskup-na-pietnej-spomienke-v-leopoldove","status":"publish","type":"post","link":"https:\/\/www.e-anjelik.sk\/index.php\/2020\/08\/31\/gen-biskup-na-pietnej-spomienke-v-leopoldove\/","title":{"rendered":"Gen.biskup na pietnej spomienke v Leopoldove"},"content":{"rendered":"\n<h1 class=\"wp-block-heading\">Pietna spomienka na nespravodlivo a protipr\u00e1vne v\u00e4znen\u00fdch komunistick\u00fdm re\u017eimom v Leopoldove<\/h1>\n\n\n\n<figure class=\"wp-block-image\"><a href=\"https:\/\/www.ecav.sk\/rails\/active_storage\/blobs\/eyJfcmFpbHMiOnsibWVzc2FnZSI6IkJBaHBBdGlQIiwiZXhwIjpudWxsLCJwdXIiOiJibG9iX2lkIn19--8f858a02eb0114c86374b1fdbe8727121037aabe\/MPK_3456.JPG\"><img decoding=\"async\" src=\"https:\/\/www.ecav.sk\/rails\/active_storage\/representations\/eyJfcmFpbHMiOnsibWVzc2FnZSI6IkJBaHBBdGlQIiwiZXhwIjpudWxsLCJwdXIiOiJibG9iX2lkIn19--8f858a02eb0114c86374b1fdbe8727121037aabe\/eyJfcmFpbHMiOnsibWVzc2FnZSI6IkJBaDdCam9MY21WemFYcGxTU0lJT1RBd0Jqb0dSVlE9IiwiZXhwIjpudWxsLCJwdXIiOiJ2YXJpYXRpb24ifX0=--f83398908a42570f1be2d2870fc3e62f317d893b\/MPK_3456.JPG\" alt=\"Pietna spomienka na nespravodlivo a protipr\u00e1vne v\u00e4znen\u00fdch komunistick\u00fdm re\u017eimom v Leopoldove\"\/><\/a><\/figure>\n\n\n\n<ul class=\"wp-block-list\"><li>&nbsp;24.08.20<\/li><li>&nbsp;&nbsp;Peter Sandtner<\/li><li>&nbsp;<a href=\"https:\/\/www.ecav.sk\/aktuality\/spravodajstvo\">&nbsp;Spravodajstvo<\/a><\/li><\/ul>\n\n\n\n<p>V Leopoldove sa 22. 8. konala pietna spomienka na nespravodlivo a protipr\u00e1vne v\u00e4znen\u00fdch komunistick\u00fdm re\u017eimom, ktorej organiz\u00e1torom bola Konfeder\u00e1cia politick\u00fdch v\u00e4z\u0148ov Slovenska. Kon\u00e1 sa tradi\u010dne koncom augusta od 1999, kedy bola v Leopoldove odhalen\u00e1 prv\u00e1 pam\u00e4tn\u00e1 tabu\u013ea na v\u00e4znici na Slovensku. &nbsp;<\/p>\n\n\n\n<p>Kladenie vencov k pam\u00e4tnej tabuli pred \u00daVTOS a \u00daVV Leopoldov absolvovali: predseda N\u00e1rodnej rady SR Boris Koll\u00e1r, \u0161t\u00e1tny tajomn\u00edk Ministerstva obrany SR Marian Majer, z\u00e1stupca velite\u013ea \u010cestnej str\u00e1\u017ee prezidenta SR pplk. J\u00e1n Kraj\u010dovi\u010d, z\u00e1stupca ve\u013evyslanectva \u010cR Vladim\u00edr \u0160\u00e1l, gener\u00e1lny biskup Evanjelickej cirkvi a. v. na Slovensku Ivan E\u013eko, biskupsk\u00fd vik\u00e1r Ministerstva vn\u00fatra SR &nbsp;plk. Jozef Paluba, dekan-riadite\u013e kancel\u00e1rie \u00dastredia ekumenickej pastora\u010dnej slu\u017eby v OS SR a OZ SR kpt. D\u00e1vid Vargae\u0161tok, riadite\u013e Sekcie dokument\u00e1cie \u00dastavu pam\u00e4ti n\u00e1roda Michal Miklovi\u010d, n\u00e1mestn\u00edk gener\u00e1lneho riadite\u013ea Zboru v\u00e4zenskej a justi\u010dnej str\u00e1\u017ee plk. Michal Sedliak, z\u00e1stupca prim\u00e1torky mesta Leopoldov Juraj Hladk\u00fd, \u010dlen Predsedn\u00edctva Konfeder\u00e1cie politick\u00fdch v\u00e4z\u0148ov \u010ceskej republiky Vladim\u00edr Stehl\u00edk a duchovn\u00fd organiz\u00e1cie Politick\u00ed v\u00e4zni Zv\u00e4z protikomunistick\u00e9ho odboja III. odboj J\u00e1n Ko\u0161iar.&nbsp;<\/p>\n\n\n\n<p>Ivan E\u013eko v prejave pribl\u00ed\u017eil \u017eivotn\u00e9 osudy najdlh\u0161ie v\u00e4znen\u00e9ho evanjelick\u00e9ho far\u00e1ra Jozefa Jur\u00e1\u0161a. N\u00e1sledne b\u00fdval\u00fd politick\u00fd v\u00e4ze\u0148 August Mas\u00e1r za KPVS a J. Ko\u0161iar za PV-ZPKO polo\u017eili vence k pam\u00e4tn\u00edku pr\u00edslu\u0161n\u00edkov ZVJS, zavra\u017eden\u00fdch v roku 1991. Z\u00e1ver programu bol na b\u00fdvalom v\u00e4zenskom cintor\u00edne. K pam\u00e4tn\u00edku na cintor\u00edne za KPVS polo\u017eil veniec M. \u0160imko a spomienky politick\u00e9ho v\u00e4z\u0148a, k\u0148aza-redemptoristu August\u00edna Kraj\u010d\u00edka na smr\u0165 spoluv\u00e4z\u0148ov pre\u010d\u00edtala Gabriella Hl\u00f4\u0161kov\u00e1. Pri symbolickom hrobe nezn\u00e1meho politick\u00e9ho v\u00e4z\u0148a sa prihovorila predsedn\u00ed\u010dka KPV \u010cR Milena Blatn\u00e1, ktor\u00e1 k nemu polo\u017eila kyticu. Veniec za KPVS polo\u017eil politick\u00fd v\u00e4ze\u0148 Jaroslav \u017dil\u00e1k. Panych\u00eddu za zomrel\u00fdch politick\u00fdch v\u00e4z\u0148ov odsl\u00fa\u017eil v\u00e4zensk\u00fd kapl\u00e1n v Leopoldove kpt. Rastislav Firment a na konci udelil \u00e1ronovsk\u00e9 po\u017eehnanie gener\u00e1lny biskup ECAV Ivan E\u013eko.<\/p>\n\n\n\n<p><strong><em>Leopoldov \u2013 symbol utrpenia politick\u00fdch v\u00e4z\u0148ov<\/em><\/strong><em><\/em><\/p>\n\n\n\n<p><em>Sotva tri roky po druhej svetovej vojne nahradilo povojnov\u00fd optimizmus budovanie socializmu. Ved\u00facu \u00falohu si privlastnili komunisti \u2013 vl\u00e1da Klementa Gottwalda. Obrnila sa mil\u00edciami a hne\u010f sa pustila do pr\u00e1ce. Toti\u017e objavila triednych nepriate\u013eov, medzi ktor\u00fdmi, pravda\u017ee, nech\u00fdbali &nbsp;nielen &nbsp;podnikatelia a predstavitelia str\u00e1n, ktor\u00e9 Komunistick\u00e1 strana zmietla z povrchu zemsk\u00e9ho, ale aj Katol\u00edcka cirkev. Pre vl\u00e1du nebol probl\u00e9m rozpusti\u0165 mu\u017esk\u00e9 i \u017eensk\u00e9 kl\u00e1\u0161tory, demokratick\u00e9 strany a jej funkcion\u00e1rov zadupa\u0165 pod zem, alebo &nbsp;aj posla\u0165 do Leopoldova, &nbsp;statk\u00e1rov vyhnala z ich domovov, \u010distky na vysok\u00fdch \u0161kol\u00e1ch vyhnali ich synov a dc\u00e9ry zo \u0161kolsk\u00fdch lav\u00edc, \u010distky v just\u00edcii vyhnali pr\u00e1vo a spravodlivos\u0165 a &nbsp;nahradilo ich spravodlivos\u0165ou v\u0161emocnej &nbsp;Strany. Pre istotu &nbsp;vl\u00e1da dala urobi\u0165 klietku, do ktorej sa vmestila cel\u00e1 republika, \u010d\u00edm zabezpe\u010dila na\u0161u bezpe\u010dnos\u0165, ale beda t\u00fdm, \u010do sa bud\u00fa chcie\u0165 cez \u0148u prestriha\u0165 a &nbsp;odsko\u010di\u0165 do kapitalistick\u00e9ho sveta, alebo naopak. &nbsp;\u00dadajn\u00ed triedni nepriatelia &nbsp;&#8211; &nbsp; biskupi, k\u0148azi, reho\u013en\u00edci, \u00faspe\u0161n\u00ed podnikatelia, reho\u013en\u00e9 sestry, organiz\u00e1cie, gener\u00e1li, aj b\u00fdval\u00ed partiz\u00e1ni, &nbsp;ro\u013en\u00edci a robotn\u00edci- r\u00f4znymi sp\u00f4sobmi vyjadrovali svoj nes\u00fahlas s re\u017eimom, a &nbsp;ten odpovedal zat\u00fdkan\u00edm neprajn\u00edkov budovania socializmu, odsudzova\u0165 ich, v\u00e4zni\u0165, ba i popravova\u0165. Prvou obe\u0165ou bola Milada Hor\u00e1kov\u00e1 a po nej 240 mu\u017eov &#8211; d\u00f4stojn\u00edkov, partiz\u00e1nov, ro\u013en\u00edkov, \u0161tudentov&#8230; Leopoldov, Valdice M\u00edrov, &nbsp;Ilavsk\u00e1 v\u00e4znica, pracovn\u00e9 t\u00e1bory na Slavkovsku, J\u00e1chymovsku a P\u0159\u00edbramsku trpezlivo \u010dakali na svojich \u201eklientov\u201c. \u017deny posielali do Pardubickej v\u00e4znice a pracovn\u00e9ho t\u00e1bora v \u017deliezovciach, reho\u013en\u00e9 sestry i reho\u013en\u00edkov vyhnali na pr\u00e1ce do \u010ciech.<\/em><br><em>Symbolicky aj dnes v\u00edta n\u00e1v\u0161tevn\u00edkov t\u00e1bora Vojna na P\u0159\u00edbramsku d\u00e1vno zn\u00e1me heslo: Prac\u00ed k svobode! \u2013 p\u00f4vodne Arbat macht frei! &#8211; poch\u00e1dzaj\u00face z hitlerovsk\u00fdch koncentra\u010dn\u00fdch t\u00e1borov. V Novembri 1989 sme si s\u013e\u00fabili l\u00e1sku a premena spolo\u010dnosti &nbsp;sa rozbehla bez v\u00e4\u010d\u0161\u00edch probl\u00e9mov. Desa\u0165tis\u00edce b\u00fdval\u00fdch politick\u00fdch v\u00e4z\u0148ov sa mohli uk\u00e1za\u0165 na verejnosti a pok\u00fasi\u0165 sa \u017ei\u0165 svoj \u017eivot. Nesta\u010dilo v\u0161ak len zabudn\u00fa\u0165 a odpusti\u0165.<\/em><br><em>Bansk\u00e9 chodby a v\u00e4zensk\u00e9 cely si vy\u017eiadali svoje dane, medzi\u010dasom sme pochovali ve\u013ea na\u0161ich kamar\u00e1tov , tak si si \u010das s istotou v\u00ed\u0165aza roz\u0161iroval svoj &nbsp;priestor pre zab\u00fadanie. Na\u0161\u0165astie trad\u00edcia \u201eLeopoldov, symbol utrpenia politick\u00fdch v\u00e4z\u0148ov\u201c , zalo\u017een\u00e1 &nbsp;r. 1999 JUDr. J\u00e1nom \u010carnogursk\u00fdm, sa medzi\u010dasom hlboko zakorenila v povedom\u00ed politick\u00fdch v\u00e4z\u0148ov a ich pr\u00edbuzn\u00fdch, ktor\u00ed sa odvtedy koncom augusta stret\u00e1vaj\u00fa na spomienkovom &nbsp;stretnut\u00ed b\u00fdval\u00fdch politick\u00fdch v\u00e4z\u0148ov pred br\u00e1nou leopoldovskej pevnosti. Organiz\u00e1cie &nbsp;politick\u00fdch v\u00e4z\u0148ov v \u010cR a v SR vniesli do svojich vz\u0165ahov priate\u013esk\u00e9 prostredie, v akom sme &nbsp;pre\u017e\u00edvali &nbsp;svoj pobyt &nbsp;vo v\u00e4zniciach a pracovn\u00fdch t\u00e1boroch, &nbsp;kde sme spolo\u010dne, &nbsp;bez oh\u013eadu na n\u00e1rodnos\u0165, vzdorovali \u00fatlaku komunistickej diktat\u00fary. Biskupi i k\u0148azi, &nbsp;reho\u013en\u00edci, reho\u013en\u00e9 sestry, matky a otcovia &nbsp;rod\u00edn, &nbsp;ro\u013en\u00edci a remeseln\u00edci, profesori aj \u0161tudenti spolu tvorili ve\u013ek\u00fa arm\u00e1du odhodlan\u00fdch bojovn\u00edkov za slobodu. &nbsp;Ve\u013ea na\u0161ich kamar\u00e1tov, &nbsp;b\u00fdval\u00fdch v\u00e4z\u0148ov &nbsp;i v\u00e4zenk\u00fd\u0148 &nbsp;medzi\u010dasom opustili na\u0161e rady, alebo &nbsp;\u0165a\u017eko chor\u00ed do\u017e\u00edvaj\u00fa svoju \u017eivotn\u00fa anab\u00e1zu. \u010eakujem V\u00e1m v\u0161etk\u00fdm, ktor\u00ed ste &nbsp;sa z\u00fa\u010dastnili na tohtoro\u010dnom podujat\u00ed. Mne m\u00f4j zdravotn\u00fd stav nedovolil pobudn\u00fa\u0165 medzi Vami. Skuto\u010dnos\u0165, \u017ee dnes op\u00e4\u0165 stoj\u00edte pred br\u00e1nou jednej z naj\u0165a\u017e\u0161\u00edch v\u00e4zn\u00edc b\u00fdvalej \u010cSR, cez ktor\u00fa okrem tis\u00edcok ods\u00faden\u00fdch na dlh\u00e9 roky straty slobody, &nbsp;pre\u0161li aj desiatky ods\u00faden\u00fdch na smr\u0165, je v skuto\u010dnosti &nbsp;va\u0161\u00edm svedectvom o zlo\u010dinoch komunizmu. My\u0161lienka politick\u00e9ho v\u00e4z\u0148a Vincenta Samuelyho, \u201e\u010c\u00edm v\u00e4\u010d\u0161\u00ed je ide\u00e1l, v slu\u017eb\u00e1ch ktor\u00e9ho \u017eijeme, t\u00fdm v\u00e4\u010d\u0161ia a \u0165a\u017e\u0161ia je aj obe\u0165, ktor\u00fa treba polo\u017ei\u0165 v boji o jeho dosiahnutie. Boh i sloboda s\u00fa ide\u00e1ly ve\u010dn\u00e9, za tie &nbsp;je hodno polo\u017ei\u0165 i \u017eivot. Tak\u00fd \u017eivot sa ne\u017eije nadarmo a smr\u0165 nie je zbyto\u010dn\u00e1 obe\u0165\u201c vysvet\u013euje, &nbsp;pre\u010do t\u00edto hrdinovia obetovali nielen svoju slobodu, ale i \u017eivoty. \u017dia\u013e, aj n\u00e1\u0161 priate\u013e Vincent odi\u0161iel do Ve\u010dnosti. &nbsp;Ve\u010dn\u00e1 sl\u00e1va t\u00fdm, ktor\u00ed to dok\u00e1zali.\u201c &nbsp;<\/em><br><em>Pozdravuje V\u00e1s Rudolf Dobi\u00e1\u0161, jeden z posledn\u00fdch j\u00e1chymovsk\u00fdch chlapcov.&nbsp;<\/em><\/p>\n\n\n\n<h4 class=\"wp-block-heading\">Gal\u00e9ria k \u010dl\u00e1nku<\/h4>\n\n\n\n<p>&nbsp;Martin Petr\u00edk<a href=\"https:\/\/www.ecav.sk\/rails\/active_storage\/blobs\/eyJfcmFpbHMiOnsibWVzc2FnZSI6IkJBaHBBdHFQIiwiZXhwIjpudWxsLCJwdXIiOiJibG9iX2lkIn19--639858ecc6789f05919df4daa1da9a624382ec6a\/MPK_3460.JPG\"><\/a><a href=\"https:\/\/www.ecav.sk\/rails\/active_storage\/blobs\/eyJfcmFpbHMiOnsibWVzc2FnZSI6IkJBaHBBdHVQIiwiZXhwIjpudWxsLCJwdXIiOiJibG9iX2lkIn19--6129d33e1c39e776733f79af20d6c545336f46c6\/MPK_3476.JPG\"><\/a><a href=\"https:\/\/www.ecav.sk\/rails\/active_storage\/blobs\/eyJfcmFpbHMiOnsibWVzc2FnZSI6IkJBaHBBdHlQIiwiZXhwIjpudWxsLCJwdXIiOiJibG9iX2lkIn19--6b3ed580f9bd581204f0e1c35a81e063261dd438\/MPK_3212.JPG\"><\/a><a href=\"https:\/\/www.ecav.sk\/rails\/active_storage\/blobs\/eyJfcmFpbHMiOnsibWVzc2FnZSI6IkJBaHBBdDZQIiwiZXhwIjpudWxsLCJwdXIiOiJibG9iX2lkIn19--0be68c0dbc0813465d77d397c548f96bd5b25a5e\/MPK_3401.JPG\"><\/a><a href=\"https:\/\/www.ecav.sk\/rails\/active_storage\/blobs\/eyJfcmFpbHMiOnsibWVzc2FnZSI6IkJBaHBBdCtQIiwiZXhwIjpudWxsLCJwdXIiOiJibG9iX2lkIn19--8978eed573c841acaa86f936645dc962867bebcd\/MPK_3519.JPG\"><\/a><\/p>\n","protected":false},"excerpt":{"rendered":"<p>Pietna spomienka na nespravodlivo a protipr\u00e1vne v\u00e4znen\u00fdch komunistick\u00fdm re\u017eimom v Leopoldove &nbsp;24.08.20 &nbsp;&nbsp;Peter Sandtner &nbsp;&nbsp;Spravodajstvo V Leopoldove sa 22. 8. konala pietna spomienka na nespravodlivo a protipr\u00e1vne v\u00e4znen\u00fdch komunistick\u00fdm re\u017eimom, ktorej organiz\u00e1torom bola Konfeder\u00e1cia politick\u00fdch v\u00e4z\u0148ov Slovenska. Kon\u00e1 sa tradi\u010dne koncom augusta od 1999, kedy bola v Leopoldove odhalen\u00e1 prv\u00e1 pam\u00e4tn\u00e1 tabu\u013ea na v\u00e4znici na &#8230; <a title=\"Gen.biskup na pietnej spomienke v Leopoldove\" class=\"read-more\" href=\"https:\/\/www.e-anjelik.sk\/index.php\/2020\/08\/31\/gen-biskup-na-pietnej-spomienke-v-leopoldove\/\" aria-label=\"Pre\u010d\u00edtajte si viac o Gen.biskup na pietnej spomienke v Leopoldove\">\u010c\u00edta\u0165 viac<\/a><\/p>\n","protected":false},"author":4,"featured_media":0,"comment_status":"open","ping_status":"open","sticky":false,"template":"","format":"standard","meta":{"footnotes":""},"categories":[4,73,133,94],"tags":[],"class_list":["post-33851","post","type-post","status-publish","format-standard","hentry","category-akcie","category-ecav","category-evanjelizacia","category-politika"],"_links":{"self":[{"href":"https:\/\/www.e-anjelik.sk\/index.php\/wp-json\/wp\/v2\/posts\/33851","targetHints":{"allow":["GET"]}}],"collection":[{"href":"https:\/\/www.e-anjelik.sk\/index.php\/wp-json\/wp\/v2\/posts"}],"about":[{"href":"https:\/\/www.e-anjelik.sk\/index.php\/wp-json\/wp\/v2\/types\/post"}],"author":[{"embeddable":true,"href":"https:\/\/www.e-anjelik.sk\/index.php\/wp-json\/wp\/v2\/users\/4"}],"replies":[{"embeddable":true,"href":"https:\/\/www.e-anjelik.sk\/index.php\/wp-json\/wp\/v2\/comments?post=33851"}],"version-history":[{"count":1,"href":"https:\/\/www.e-anjelik.sk\/index.php\/wp-json\/wp\/v2\/posts\/33851\/revisions"}],"predecessor-version":[{"id":33852,"href":"https:\/\/www.e-anjelik.sk\/index.php\/wp-json\/wp\/v2\/posts\/33851\/revisions\/33852"}],"wp:attachment":[{"href":"https:\/\/www.e-anjelik.sk\/index.php\/wp-json\/wp\/v2\/media?parent=33851"}],"wp:term":[{"taxonomy":"category","embeddable":true,"href":"https:\/\/www.e-anjelik.sk\/index.php\/wp-json\/wp\/v2\/categories?post=33851"},{"taxonomy":"post_tag","embeddable":true,"href":"https:\/\/www.e-anjelik.sk\/index.php\/wp-json\/wp\/v2\/tags?post=33851"}],"curies":[{"name":"wp","href":"https:\/\/api.w.org\/{rel}","templated":true}]}}