{"id":33868,"date":"2020-09-04T20:42:29","date_gmt":"2020-09-04T18:42:29","guid":{"rendered":"http:\/\/e-anjelik.sk\/?p=33868"},"modified":"2020-09-04T20:42:29","modified_gmt":"2020-09-04T18:42:29","slug":"jakob-jakobeus-ev-knaz","status":"publish","type":"post","link":"https:\/\/www.e-anjelik.sk\/index.php\/2020\/09\/04\/jakob-jakobeus-ev-knaz\/","title":{"rendered":"Jakob Jakobeus, ev.k\u0148az"},"content":{"rendered":"\n<h1 class=\"wp-block-heading\">Spom\u00edname na vz\u00e1cnych evanjelikov: Jakub Jakobeus<\/h1>\n\n\n\n<figure class=\"wp-block-image\"><a href=\"https:\/\/www.ecav.sk\/rails\/active_storage\/blobs\/eyJfcmFpbHMiOnsibWVzc2FnZSI6IkJBaHBBaDZRIiwiZXhwIjpudWxsLCJwdXIiOiJibG9iX2lkIn19--15a631e744ed0dbd122b9a03bdc9ab20743adcff\/jakobeus.jpg\"><img decoding=\"async\" src=\"https:\/\/www.ecav.sk\/rails\/active_storage\/representations\/eyJfcmFpbHMiOnsibWVzc2FnZSI6IkJBaHBBaDZRIiwiZXhwIjpudWxsLCJwdXIiOiJibG9iX2lkIn19--15a631e744ed0dbd122b9a03bdc9ab20743adcff\/eyJfcmFpbHMiOnsibWVzc2FnZSI6IkJBaDdCam9MY21WemFYcGxTU0lJT1RBd0Jqb0dSVlE9IiwiZXhwIjpudWxsLCJwdXIiOiJ2YXJpYXRpb24ifX0=--f83398908a42570f1be2d2870fc3e62f317d893b\/jakobeus.jpg\" alt=\"Spom\u00edname na vz\u00e1cnych evanjelikov: Jakub Jakobeus\"\/><\/a><\/figure>\n\n\n\n<ul class=\"wp-block-list\"><li>&nbsp;03.09.20<\/li><li>&nbsp;&nbsp;Tibor Moln\u00e1r, zborov\u00fd far\u00e1r, CZ ECAV Mengusovce<\/li><li>&nbsp;<a href=\"https:\/\/www.ecav.sk\/aktuality\/spravodajstvo\">&nbsp;Spravodajstvo<\/a><\/li><\/ul>\n\n\n\n<p>Dnes si pripom\u00edname 375. v\u00fdro\u010die od \u00famrtia K\u0147AZA, U\u010cITE\u013dA a B\u00c1SNIKA Jakuba Jakobeusa. Narodil sa v roku 1591 na Kutnej hore a zomrel 3.9.1645 v Pre\u0161ove.<\/p>\n\n\n\n<p>Narodil sa v \u010deskej me\u0161tianskej rodine v Kutnej hore v r. 1591. V rokoch 1612 \u2014 1616 \u0161tudoval na Karlovej univerzite. U\u017e od roku 1613 p\u00f4sobil ako u\u010dite\u013e (v Su\u0161iciach a v P\u00edsku). V roku 1618 bol vysv\u00e4ten\u00fd za utrakvistick\u00e9ho k\u0148aza. Po bitke na Bielej Hore opustil \u010cechy. Nieko\u013eko rokov pre\u017eil v saskom meste Schandau. V roku 1624 sa natrvalo usadil na \u00fazem\u00ed Slovenska, pod ochranou Ga\u0161para Ille\u0161h\u00e1ziho v Tren\u010d\u00edne a Juraja R\u00e1kocziho (p\u00f4sobil ako far\u00e1r v Ku\u010d\u00edne, v Soli). Od roku 1629 bol u\u010dite\u013eom a nesk\u00f4r rektorom pre\u0161ovsk\u00e9ho l\u00fdcea, od roku 1639 aj tamoj\u0161\u00edm ev. far\u00e1rom.<br><br>Za\u010diatky Jakobeovej liter\u00e1rnej tvorby spadaj\u00fa do obdobia pred odchodom do exilu. Popri latinskej pr\u00edle\u017eitostnej po\u00e9zii svetsk\u00e9ho charakteru sa vtedy okrajovo venoval aj p\u00edsaniu \u010deskej n\u00e1bo\u017eenskej a k\u00e1z\u0148ovej pr\u00f3zy. Mnoh\u00e9 z jeho epitalami\u00ed, epic\u00e9di\u00ed, enk\u00f3mi\u00ed vy\u0161li v rozli\u010dn\u00fdch humanistick\u00fdch tla\u010diach a zborn\u00edkoch. Samostatne vydal zbierku Symbolon mentis gratae (Vyznanie v\u010fa\u010dn\u00e9ho srdca, 1612). Jednu z b\u00e1sn\u00ed venoval aj svojmu rodn\u00e9mu mestu (Ad Gutnam). N\u00e1bo\u017eensky zameran\u00e9 s\u00fa diela Poean admirandae et adorandae Christi theantropiae (Chv\u00e1lospev na podivuhodn\u00e9 a zvelebovaniahodn\u00e9 boho\u010dlove\u010denstvo Krista, 1615), Dianoia nativitatis Johannis Baptistae, to jest: Spis, rozd\u00edlnost soud\u016f v sob\u011b zdr\u017euj\u00edc\u00ed, jen\u017e povstal p\u0159i narozen\u00ed sv. J\u00e1na K\u0159titele (1619) a K\u00e1z\u00e1n\u00ed poh\u0159ebn\u00ed o sl\u00e1v\u011b, ochran\u011b, vz\u00e1ctnosti a bezpe\u010dnosti du\u0161\u00ed lid\u00ed spravedliv\u00fdch, jen\u017e v rukou Bo\u017e\u00edch z\u016fst\u00e1vaj\u00ed (1621).<br><br>V exile nap\u00edsal cirkevno-historick\u00fa pr\u00f3zu Idea mutationum Bohemo-evangelicorum ecclesiarum in florentissimo regno Bohemiae (Obraz premien \u010desk\u00fdch evanjelick\u00fdch cirkv\u00ed v prekvitaj\u00facom \u010deskom kr\u00e1\u013eovstve, 1624), ktor\u00e1 b\u00fdva ozna\u010dovan\u00e1 za prv\u00e9 propaga\u010dn\u00e9 cirkevnohistorick\u00e9 dielo \u010desk\u00fdch exulantov v cudzine. Zbierku oslavn\u00fdch b\u00e1sn\u00ed Otii vernalis anni M.DC.XXVII et vota (Bl\u00fazniv\u00e9 sny o vo\u013enom \u010dase na jar v roku 1627, 1627) venoval ochrancom evanjelickej cirkvi. Pr\u00edle\u017eitostn\u00e9 k\u00e1zne vydal pod n\u00e1zvom Anamnisis, to jest: ve\u010dn\u00e1 a neum\u00edraj\u00edc\u00ed pam\u011b\u0165 (1642) a Pascha lachrymosum inclutae urbi Eppriensi, to jest k\u00e1z\u00e1n\u00ed bo\u017e\u00edho slova na den velikono\u010dn\u00ed (1643).<br><br>Najzn\u00e1mej\u0161\u00edm Jakobeov\u00fdm dielom je b\u00e1se\u0148 Gentis Slavonicae lacrumae, suspiria et vota (Slzy, vzdychy a prosby slovensk\u00e9ho n\u00e1roda,1642), ktor\u00e1 mala by\u0165 dodatkom k dodnes nezvestn\u00e9mu dielu Viva gentis Slavonicae delinaetio (\u017div\u00fd opis slovensk\u00e9ho n\u00e1roda). Nadviazal v nej na nieko\u013eko svojich predch\u00e1dzaj\u00facich u\u017e v\u00fdraznej\u0161ie protivojnovo \u010di spolo\u010densky i n\u00e1bo\u017eensky anga\u017eovan\u00fdch b\u00e1sn\u00ed. Azda preto sa zvykne zara\u010fova\u0165 aj medzi autorov ob\u010diansko-politickej humanistickej po\u00e9zie.<br><br>Zomrel v Pre\u0161ove 3. septembra 1645.<\/p>\n","protected":false},"excerpt":{"rendered":"<p>Spom\u00edname na vz\u00e1cnych evanjelikov: Jakub Jakobeus &nbsp;03.09.20 &nbsp;&nbsp;Tibor Moln\u00e1r, zborov\u00fd far\u00e1r, CZ ECAV Mengusovce &nbsp;&nbsp;Spravodajstvo Dnes si pripom\u00edname 375. v\u00fdro\u010die od \u00famrtia K\u0147AZA, U\u010cITE\u013dA a B\u00c1SNIKA Jakuba Jakobeusa. Narodil sa v roku 1591 na Kutnej hore a zomrel 3.9.1645 v Pre\u0161ove. Narodil sa v \u010deskej me\u0161tianskej rodine v Kutnej hore v r. 1591. V rokoch &#8230; <a title=\"Jakob Jakobeus, ev.k\u0148az\" class=\"read-more\" href=\"https:\/\/www.e-anjelik.sk\/index.php\/2020\/09\/04\/jakob-jakobeus-ev-knaz\/\" aria-label=\"Pre\u010d\u00edtajte si viac o Jakob Jakobeus, ev.k\u0148az\">\u010c\u00edta\u0165 viac<\/a><\/p>\n","protected":false},"author":4,"featured_media":0,"comment_status":"open","ping_status":"open","sticky":false,"template":"","format":"standard","meta":{"footnotes":""},"categories":[193,386,14,437],"tags":[],"class_list":["post-33868","post","type-post","status-publish","format-standard","hentry","category-co-pisu-ini","category-historicke-okienko","category-osobnosti","category-presov"],"_links":{"self":[{"href":"https:\/\/www.e-anjelik.sk\/index.php\/wp-json\/wp\/v2\/posts\/33868","targetHints":{"allow":["GET"]}}],"collection":[{"href":"https:\/\/www.e-anjelik.sk\/index.php\/wp-json\/wp\/v2\/posts"}],"about":[{"href":"https:\/\/www.e-anjelik.sk\/index.php\/wp-json\/wp\/v2\/types\/post"}],"author":[{"embeddable":true,"href":"https:\/\/www.e-anjelik.sk\/index.php\/wp-json\/wp\/v2\/users\/4"}],"replies":[{"embeddable":true,"href":"https:\/\/www.e-anjelik.sk\/index.php\/wp-json\/wp\/v2\/comments?post=33868"}],"version-history":[{"count":1,"href":"https:\/\/www.e-anjelik.sk\/index.php\/wp-json\/wp\/v2\/posts\/33868\/revisions"}],"predecessor-version":[{"id":33869,"href":"https:\/\/www.e-anjelik.sk\/index.php\/wp-json\/wp\/v2\/posts\/33868\/revisions\/33869"}],"wp:attachment":[{"href":"https:\/\/www.e-anjelik.sk\/index.php\/wp-json\/wp\/v2\/media?parent=33868"}],"wp:term":[{"taxonomy":"category","embeddable":true,"href":"https:\/\/www.e-anjelik.sk\/index.php\/wp-json\/wp\/v2\/categories?post=33868"},{"taxonomy":"post_tag","embeddable":true,"href":"https:\/\/www.e-anjelik.sk\/index.php\/wp-json\/wp\/v2\/tags?post=33868"}],"curies":[{"name":"wp","href":"https:\/\/api.w.org\/{rel}","templated":true}]}}