{"id":3387,"date":"2011-02-17T08:23:09","date_gmt":"2011-02-17T08:23:09","guid":{"rendered":"http:\/\/e-anjelik.sk\/?p=3387"},"modified":"2011-02-17T08:23:09","modified_gmt":"2011-02-17T08:23:09","slug":"v-madarsku-riesili-otazku-romskej-strategie","status":"publish","type":"post","link":"https:\/\/www.e-anjelik.sk\/index.php\/2011\/02\/17\/v-madarsku-riesili-otazku-romskej-strategie\/","title":{"rendered":"V Ma\u010farsku rie\u0161ili ot\u00e1zku r\u00f3mskej strat\u00e9gie"},"content":{"rendered":"<p>14. febru&aacute;ra 2011 sa v Budape&scaron;ti z iniciat&iacute;vy ma\u010farsk&eacute;ho predsedn&iacute;ctva EU konalo stretnutie z&aacute;stupcov EU a z&aacute;stupcov ekumenick&yacute;ch organiz&aacute;ci&iacute; a cirkv&iacute; Ma\u010farska , na ktorom prerokovali ot&aacute;zky&nbsp;r&oacute;mskej strat&eacute;gie EU ako aj&nbsp;ma\u010farskej r&oacute;mskej strat&eacute;gie .Poradu odborn&iacute;kov&nbsp;zorganizovala Reformovan&aacute; cirkev v Ma\u010farsku. Evanjelick&uacute; cirkev v Ma\u010farsku zastupoval &nbsp;&nbsp;Bakay P&eacute;ter ,referent pre&nbsp; misiu Cig&aacute;nov.<\/p>\n<p>(<a href=\"http:\/\/www.evangelikus.hu\">www.evangelikus.hu<\/a>)<\/p>\n","protected":false},"excerpt":{"rendered":"<p>14. febru&aacute;ra 2011 sa v Budape&scaron;ti z iniciat&iacute;vy ma\u010farsk&eacute;ho predsedn&iacute;ctva EU konalo stretnutie z&aacute;stupcov EU a z&aacute;stupcov ekumenick&yacute;ch organiz&aacute;ci&iacute; a cirkv&iacute; Ma\u010farska , na ktorom prerokovali ot&aacute;zky&nbsp;r&oacute;mskej strat&eacute;gie EU ako aj&nbsp;ma\u010farskej r&oacute;mskej strat&eacute;gie .Poradu odborn&iacute;kov&nbsp;zorganizovala Reformovan&aacute; cirkev v Ma\u010farsku. Evanjelick&uacute; cirkev v Ma\u010farsku zastupoval &nbsp;&nbsp;Bakay P&eacute;ter ,referent pre&nbsp; misiu Cig&aacute;nov. (www.evangelikus.hu)<\/p>\n","protected":false},"author":22,"featured_media":0,"comment_status":"open","ping_status":"open","sticky":false,"template":"","format":"standard","meta":{"footnotes":""},"categories":[2,9,10],"tags":[],"class_list":["post-3387","post","type-post","status-publish","format-standard","hentry","category-ekumena","category-europa","category-zo-sveta"],"_links":{"self":[{"href":"https:\/\/www.e-anjelik.sk\/index.php\/wp-json\/wp\/v2\/posts\/3387","targetHints":{"allow":["GET"]}}],"collection":[{"href":"https:\/\/www.e-anjelik.sk\/index.php\/wp-json\/wp\/v2\/posts"}],"about":[{"href":"https:\/\/www.e-anjelik.sk\/index.php\/wp-json\/wp\/v2\/types\/post"}],"author":[{"embeddable":true,"href":"https:\/\/www.e-anjelik.sk\/index.php\/wp-json\/wp\/v2\/users\/22"}],"replies":[{"embeddable":true,"href":"https:\/\/www.e-anjelik.sk\/index.php\/wp-json\/wp\/v2\/comments?post=3387"}],"version-history":[{"count":0,"href":"https:\/\/www.e-anjelik.sk\/index.php\/wp-json\/wp\/v2\/posts\/3387\/revisions"}],"wp:attachment":[{"href":"https:\/\/www.e-anjelik.sk\/index.php\/wp-json\/wp\/v2\/media?parent=3387"}],"wp:term":[{"taxonomy":"category","embeddable":true,"href":"https:\/\/www.e-anjelik.sk\/index.php\/wp-json\/wp\/v2\/categories?post=3387"},{"taxonomy":"post_tag","embeddable":true,"href":"https:\/\/www.e-anjelik.sk\/index.php\/wp-json\/wp\/v2\/tags?post=3387"}],"curies":[{"name":"wp","href":"https:\/\/api.w.org\/{rel}","templated":true}]}}