{"id":33870,"date":"2020-09-10T21:01:18","date_gmt":"2020-09-10T19:01:18","guid":{"rendered":"http:\/\/e-anjelik.sk\/?p=33870"},"modified":"2020-09-10T21:01:18","modified_gmt":"2020-09-10T19:01:18","slug":"zpravy-z-gen-presbyterstva","status":"publish","type":"post","link":"https:\/\/www.e-anjelik.sk\/index.php\/2020\/09\/10\/zpravy-z-gen-presbyterstva\/","title":{"rendered":"Zpr\u00e1vy z Gen.presbyterstva"},"content":{"rendered":"\n<h1 class=\"wp-block-heading\">Zasadnutie Gener\u00e1lneho presbyterstva 4.9.2020 v Pre\u0161ove<\/h1>\n\n\n\n<figure class=\"wp-block-image\"><a href=\"https:\/\/www.ecav.sk\/rails\/active_storage\/blobs\/eyJfcmFpbHMiOnsibWVzc2FnZSI6IkJBaHBBbUdRIiwiZXhwIjpudWxsLCJwdXIiOiJibG9iX2lkIn19--e638e9fb527773df29f8211f6ce4b5bac2438762\/118771372_1175874919457028_7765721150633110433_o.jpg\"><img decoding=\"async\" src=\"https:\/\/www.ecav.sk\/rails\/active_storage\/representations\/eyJfcmFpbHMiOnsibWVzc2FnZSI6IkJBaHBBbUdRIiwiZXhwIjpudWxsLCJwdXIiOiJibG9iX2lkIn19--e638e9fb527773df29f8211f6ce4b5bac2438762\/eyJfcmFpbHMiOnsibWVzc2FnZSI6IkJBaDdCam9MY21WemFYcGxTU0lJT1RBd0Jqb0dSVlE9IiwiZXhwIjpudWxsLCJwdXIiOiJ2YXJpYXRpb24ifX0=--f83398908a42570f1be2d2870fc3e62f317d893b\/118771372_1175874919457028_7765721150633110433_o.jpg\" alt=\"Zasadnutie Gener\u00e1lneho presbyterstva 4.9.2020 v Pre\u0161ove\"\/><\/a><\/figure>\n\n\n\n<ul class=\"wp-block-list\"><li>&nbsp;09.09.20<\/li><li>&nbsp;&nbsp;Zuzana Pol\u00e1kov\u00e1, sekreteri\u00e1t GB\u00da<\/li><li>&nbsp;<a href=\"https:\/\/www.ecav.sk\/aktuality\/spravodajstvo\">&nbsp;Spravodajstvo<\/a><\/li><\/ul>\n\n\n\n<p>Po letnej prest\u00e1vke sa rovnako ako \u017eiaci do \u0161k\u00f4l vr\u00e1tilo k rokovaciemu stolu aj Gener\u00e1lne presbyterstvo ECAV na Slovensku, ktor\u00e9ho \u00f4sme zasadnutie v tomto roku, sa konalo d\u0148a 4. septembra v Pre\u0161ove.<\/p>\n\n\n\n<p>\u0164a\u017eiskom programu rokovania bola pokra\u010duj\u00faca diskusia k pripravovan\u00fdm legislat\u00edvnym \u00faprav\u00e1m v oblasti financovania cirkvi a pr\u00e1vnemu r\u00e1mcu Elektronick\u00e9ho informa\u010dn\u00e9ho syst\u00e9mu (EIS). Gener\u00e1lne presbyterstvo skon\u0161tatovalo, \u017ee predlo\u017een\u00fd n\u00e1vrh ZED-u k &nbsp;financovaniu cirkvi sp\u013a\u0148a potrebn\u00e9 n\u00e1le\u017eitosti pod\u013ea \u00a76 ods. 5 z\u00e1kona 15\/1994 a rozhodlo sa ho post\u00fapi\u0165 na spracovanie pr\u00e1vnemu v\u00fdboru a n\u00e1sledne na rokovanie synode. Synoda vyberie jeden z dvoch odpor\u00fa\u010dan\u00fdch modelov financovania. V rozprave gener\u00e1lni presbyteri vyjadrili s\u00fahlas aj s predlo\u017een\u00fdm z\u00e1merom cirkevn\u00e9ho z\u00e1kona o EIS. V s\u00favislosti s t\u00fdm, bol prerokovan\u00fd a schv\u00e1len\u00fd aj n\u00e1vrh zmluvy o poskytovan\u00ed slu\u017eby spr\u00e1vy serverov medzi Setrex, s.r.o. a ECAV na Slovensku.<\/p>\n\n\n\n<p>Gener\u00e1lne presbyterstvo \u010falej zobralo na vedomie doru\u010den\u00e9 spr\u00e1vy synod\u00e1lnych v\u00fdborov, organiz\u00e1ci\u00ed a \u00fa\u010delov\u00fdch zariaden\u00ed, ktor\u00e9 pos\u00fava na rokovanie synode. Na programe bolo aj prerozdelenie finan\u010dnej podpory pre ute\u010dencov z vyzbieranej ofery pre tento \u00fa\u010del.<\/p>\n\n\n\n<p>S\u00fa\u010das\u0165ou rokovacieho poriadku boli aj dopl\u0148ovacie vo\u013eby do v\u00fdborov a komisi\u00ed ECAV. Do Bohoslu\u017eobn\u00e9ho v\u00fdboru boli zvolen\u00ed bratia: Mari\u00e1n Grega a Milan Jur\u00edk. Do Rev\u00edznej komisie gener\u00e1lni presbyteri zvolili br. \u013dubo\u0161a Kuba\u010dku. Do V\u00fdboru cirkevnej hudby a hymnol\u00f3gie bol zvolen\u00fd br.Martin Meli\u0161\u00edk a do Gener\u00e1lneho hospod\u00e1rskeho v\u00fdboru br.Michal \u0160ebesta. Medzi \u010dlenov V\u00fdboru na ochranu Bo\u017eieho stvorenstva sa vo\u013ebou zaradil br. Michal Belanji.<\/p>\n\n\n\n<p>Gener\u00e1lne presbyterstvo prerokovalo aj person\u00e1lne zmeny na GB\u00da v zmysle \u010dl. 31 ods. (3) p\u00edsm. g) \u00dastavy ECAV. Na vlastn\u00fa \u017eiados\u0165 pracovn\u00ed\u010dky GB\u00da Mgr. Miroslavy Hor\u0148\u00e1kovej s\u00fahlasilo presbyterstvo s jej uvo\u013enen\u00edm z pracovn\u00e9ho pomeru k 31.10.2020 a z\u00e1rove\u0148 do pracovn\u00e9ho pomeru na GB\u00da prijalo Ing. \u0160tefana Pol\u00e1ka na systematizovan\u00e9 miesto spr\u00e1vcu informa\u010dn\u00fdch technol\u00f3gi\u00ed a technick\u00e9ho hospod\u00e1rstva.<\/p>\n\n\n\n<p>Na zasadnut\u00ed bola \u010falej ods\u00fahlasen\u00e1 cenov\u00e1 ponuka t\u00fdkaj\u00faca sa n\u00e1kupu slu\u017eobn\u00e9ho motorov\u00e9ho vozidla pre gener\u00e1lneho biskupa. Prerokovan\u00e9 boli aj legislat\u00edvne n\u00e1vrhy na \u00fapravu cirkevn\u00fdch z\u00e1konov, predlo\u017een\u00e9 deleg\u00e1tmi na synodu za neordinovan\u00fdch z DNS a TAS. &nbsp;<br>\u010eal\u0161\u00edm bodom programu bolo prehodnotenie spolupr\u00e1ce medzi SEJ (Slovensk\u00e1 evanjelick\u00e1 jednota) a ECAV. Na z\u00e1klade postoja predsedn\u00edctva SEJ k ASLOZ-u, ktor\u00fd deklarovali vo svojom stanovisku, ako aj vzh\u013eadom ku kon\u0161tatovaniu, \u017ee vo\u013eby \u010dlenov predsedn\u00edctiev ECAV, ako aj v\u00fdsledok t\u00fdchto volieb s\u00fa \u201enelegit\u00edmne\u201c, nevid\u00ed presbyterstvo nateraz spolupr\u00e1cu so SEJ ako re\u00e1lnu.<\/p>\n\n\n\n<p>Gener\u00e1lni presbyteri sa zaoberali tie\u017e podnetom na zriadenie spevn\u00edkovej komisie, ktorej n\u00e1vrhom pr\u00edpravy boli poveren\u00ed bratia di\u0161triktu\u00e1lni biskupi a venovali sa aj koncepcii zriadenia metodicko-pedagogick\u00e9ho centra, ako aj uzneseniam prijat\u00fdm DP ZD (di\u0161triktu\u00e1lnym presbyterstvom z\u00e1padn\u00e9ho di\u0161triktu).<\/p>\n\n\n\n<p>Bodom programu bola aj \u00fa\u010dtovn\u00e1 z\u00e1vierka za rok 2019 a n\u00e1vrh rozpo\u010dtu na rok 2021. K tomuto bodu programu, ako aj k pos\u00fadeniu \u017eiadost\u00ed o zahrani\u010dn\u00fa pomoc bola otvoren\u00e1 diskusia, ktor\u00e1 bude pokra\u010dova\u0165 aj na nasleduj\u00facom zasadnut\u00ed, ktor\u00e9 je napl\u00e1novan\u00e9 na 23.9.2020.<\/p>\n\n\n\n<p>Upozor\u0148ujeme \u010ditate\u013eov, \u017ee tieto inform\u00e1cie s\u00fa zverej\u0148ovan\u00e9 s cie\u013eom napom\u00f4c\u0165 otvorenosti a informovanosti v na\u0161ej cirkvi; o presnom znen\u00ed prijat\u00fdch uznesen\u00ed bud\u00fa dotknut\u00e9 COJ a osoby informovan\u00e9 \u00faradn\u00fdm postupom. &nbsp; &nbsp; &nbsp; &nbsp; &nbsp; &nbsp; &nbsp; &nbsp; &nbsp; &nbsp; &nbsp; &nbsp; &nbsp; &nbsp; &nbsp; &nbsp; &nbsp; &nbsp; &nbsp; &nbsp; &nbsp; &nbsp; &nbsp; &nbsp; &nbsp; &nbsp; &nbsp; &nbsp; &nbsp; &nbsp; &nbsp; &nbsp; &nbsp; &nbsp; &nbsp; &nbsp; &nbsp; &nbsp; &nbsp;&nbsp;<\/p>\n\n\n\n<p><\/p>\n","protected":false},"excerpt":{"rendered":"<p>Zasadnutie Gener\u00e1lneho presbyterstva 4.9.2020 v Pre\u0161ove &nbsp;09.09.20 &nbsp;&nbsp;Zuzana Pol\u00e1kov\u00e1, sekreteri\u00e1t GB\u00da &nbsp;&nbsp;Spravodajstvo Po letnej prest\u00e1vke sa rovnako ako \u017eiaci do \u0161k\u00f4l vr\u00e1tilo k rokovaciemu stolu aj Gener\u00e1lne presbyterstvo ECAV na Slovensku, ktor\u00e9ho \u00f4sme zasadnutie v tomto roku, sa konalo d\u0148a 4. septembra v Pre\u0161ove. \u0164a\u017eiskom programu rokovania bola pokra\u010duj\u00faca diskusia k pripravovan\u00fdm legislat\u00edvnym \u00faprav\u00e1m v &#8230; <a title=\"Zpr\u00e1vy z Gen.presbyterstva\" class=\"read-more\" href=\"https:\/\/www.e-anjelik.sk\/index.php\/2020\/09\/10\/zpravy-z-gen-presbyterstva\/\" aria-label=\"Pre\u010d\u00edtajte si viac o Zpr\u00e1vy z Gen.presbyterstva\">\u010c\u00edta\u0165 viac<\/a><\/p>\n","protected":false},"author":4,"featured_media":0,"comment_status":"open","ping_status":"open","sticky":false,"template":"","format":"standard","meta":{"footnotes":""},"categories":[4,73,104],"tags":[],"class_list":["post-33870","post","type-post","status-publish","format-standard","hentry","category-akcie","category-ecav","category-synoda"],"_links":{"self":[{"href":"https:\/\/www.e-anjelik.sk\/index.php\/wp-json\/wp\/v2\/posts\/33870","targetHints":{"allow":["GET"]}}],"collection":[{"href":"https:\/\/www.e-anjelik.sk\/index.php\/wp-json\/wp\/v2\/posts"}],"about":[{"href":"https:\/\/www.e-anjelik.sk\/index.php\/wp-json\/wp\/v2\/types\/post"}],"author":[{"embeddable":true,"href":"https:\/\/www.e-anjelik.sk\/index.php\/wp-json\/wp\/v2\/users\/4"}],"replies":[{"embeddable":true,"href":"https:\/\/www.e-anjelik.sk\/index.php\/wp-json\/wp\/v2\/comments?post=33870"}],"version-history":[{"count":1,"href":"https:\/\/www.e-anjelik.sk\/index.php\/wp-json\/wp\/v2\/posts\/33870\/revisions"}],"predecessor-version":[{"id":33871,"href":"https:\/\/www.e-anjelik.sk\/index.php\/wp-json\/wp\/v2\/posts\/33870\/revisions\/33871"}],"wp:attachment":[{"href":"https:\/\/www.e-anjelik.sk\/index.php\/wp-json\/wp\/v2\/media?parent=33870"}],"wp:term":[{"taxonomy":"category","embeddable":true,"href":"https:\/\/www.e-anjelik.sk\/index.php\/wp-json\/wp\/v2\/categories?post=33870"},{"taxonomy":"post_tag","embeddable":true,"href":"https:\/\/www.e-anjelik.sk\/index.php\/wp-json\/wp\/v2\/tags?post=33870"}],"curies":[{"name":"wp","href":"https:\/\/api.w.org\/{rel}","templated":true}]}}