{"id":3388,"date":"2011-02-17T08:39:05","date_gmt":"2011-02-17T08:39:05","guid":{"rendered":"http:\/\/e-anjelik.sk\/?p=3388"},"modified":"2011-02-17T08:39:05","modified_gmt":"2011-02-17T08:39:05","slug":"v-kijeve-sa-bude-konat-v-medzinarodny-festival-krestanskych-knih","status":"publish","type":"post","link":"https:\/\/www.e-anjelik.sk\/index.php\/2011\/02\/17\/v-kijeve-sa-bude-konat-v-medzinarodny-festival-krestanskych-knih\/","title":{"rendered":"V Kijeve sa bude kona\u0165 V.Medzin\u00e1rodn\u00fd festival kres\u0165ansk\u00fdch kn\u00edh"},"content":{"rendered":"<p>Od 7. do 14. apr&iacute;la t.r. sa v hlavnom meste Ukrajiny Kijeve bude kona\u0165 V. Medzin&aacute;rodn&yacute; festival kres\u0165ansk&yacute;ch kn&iacute;h. Z&iacute;du sa tam vydavatelia a distrib&uacute;tori , predstavuj&uacute;ci liter&aacute;rne slu\u017eby r&ocirc;znych konfesi&iacute; a denomin&aacute;ci&iacute;. Osobitn&yacute;m hos\u0165om na festivale bude spisovate\u013e William Paul Young, autor svetozn&aacute;meho bestseleru &quot;Chata&quot;, ktor&yacute; bol prelo\u017een&yacute; do 37 jazykov v celkovom n&aacute;klade 15 mili&oacute;nov exempl&aacute;rov v 40 krajin&aacute;ch sveta. Jeho pr&iacute;tomnos\u0165 je spojen&aacute; s vydan&iacute;m jeho knihy v ukrajin\u010dine. Festival kres\u0165ansk&yacute;ch kn&iacute;h je najv&auml;\u010d&scaron;&iacute;m podujat&iacute;m tohto druhu v krajin&aacute;ch Spolo\u010denstva nez&aacute;visl&yacute;ch &scaron;t&aacute;tov.<\/p>\n<p>(<a href=\"http:\/\/www.baznica.info\">www.baznica.info<\/a>)<\/p>\n","protected":false},"excerpt":{"rendered":"<p>Od 7. do 14. apr&iacute;la t.r. sa v hlavnom meste Ukrajiny Kijeve bude kona\u0165 V. Medzin&aacute;rodn&yacute; festival kres\u0165ansk&yacute;ch kn&iacute;h. Z&iacute;du sa tam vydavatelia a distrib&uacute;tori , predstavuj&uacute;ci liter&aacute;rne slu\u017eby r&ocirc;znych konfesi&iacute; a denomin&aacute;ci&iacute;. Osobitn&yacute;m hos\u0165om na festivale bude spisovate\u013e William Paul Young, autor svetozn&aacute;meho bestseleru &quot;Chata&quot;, ktor&yacute; bol prelo\u017een&yacute; do 37 jazykov v celkovom n&aacute;klade &#8230; <a title=\"V Kijeve sa bude kona\u0165 V.Medzin\u00e1rodn\u00fd festival kres\u0165ansk\u00fdch kn\u00edh\" class=\"read-more\" href=\"https:\/\/www.e-anjelik.sk\/index.php\/2011\/02\/17\/v-kijeve-sa-bude-konat-v-medzinarodny-festival-krestanskych-knih\/\" aria-label=\"Pre\u010d\u00edtajte si viac o V Kijeve sa bude kona\u0165 V.Medzin\u00e1rodn\u00fd festival kres\u0165ansk\u00fdch kn\u00edh\">\u010c\u00edta\u0165 viac<\/a><\/p>\n","protected":false},"author":22,"featured_media":0,"comment_status":"open","ping_status":"open","sticky":false,"template":"","format":"standard","meta":{"footnotes":""},"categories":[2],"tags":[],"class_list":["post-3388","post","type-post","status-publish","format-standard","hentry","category-ekumena"],"_links":{"self":[{"href":"https:\/\/www.e-anjelik.sk\/index.php\/wp-json\/wp\/v2\/posts\/3388","targetHints":{"allow":["GET"]}}],"collection":[{"href":"https:\/\/www.e-anjelik.sk\/index.php\/wp-json\/wp\/v2\/posts"}],"about":[{"href":"https:\/\/www.e-anjelik.sk\/index.php\/wp-json\/wp\/v2\/types\/post"}],"author":[{"embeddable":true,"href":"https:\/\/www.e-anjelik.sk\/index.php\/wp-json\/wp\/v2\/users\/22"}],"replies":[{"embeddable":true,"href":"https:\/\/www.e-anjelik.sk\/index.php\/wp-json\/wp\/v2\/comments?post=3388"}],"version-history":[{"count":0,"href":"https:\/\/www.e-anjelik.sk\/index.php\/wp-json\/wp\/v2\/posts\/3388\/revisions"}],"wp:attachment":[{"href":"https:\/\/www.e-anjelik.sk\/index.php\/wp-json\/wp\/v2\/media?parent=3388"}],"wp:term":[{"taxonomy":"category","embeddable":true,"href":"https:\/\/www.e-anjelik.sk\/index.php\/wp-json\/wp\/v2\/categories?post=3388"},{"taxonomy":"post_tag","embeddable":true,"href":"https:\/\/www.e-anjelik.sk\/index.php\/wp-json\/wp\/v2\/tags?post=3388"}],"curies":[{"name":"wp","href":"https:\/\/api.w.org\/{rel}","templated":true}]}}