{"id":3389,"date":"2011-02-17T09:17:28","date_gmt":"2011-02-17T09:17:28","guid":{"rendered":"http:\/\/e-anjelik.sk\/?p=3389"},"modified":"2011-02-17T09:17:28","modified_gmt":"2011-02-17T09:17:28","slug":"kongres-krestanskych-manazerov-v-norimberku","status":"publish","type":"post","link":"https:\/\/www.e-anjelik.sk\/index.php\/2011\/02\/17\/kongres-krestanskych-manazerov-v-norimberku\/","title":{"rendered":"Kongres kres\u0165ansk\u00fdch mana\u017e\u00e9rov v Norimberku"},"content":{"rendered":"<p>Od 24. do 26. febru&aacute;ra 2011 sa v Norimberku bude kona\u0165 kongres kres\u0165ansk&yacute;ch ved&uacute;cich pracovn&iacute;kov s &uacute;\u010das\u0165ou okolo 4 tis&iacute;c os&ocirc;b a 250 vystavovate\u013eov. Podujatie m&aacute; motto :&nbsp;&quot;S hodnotami &iacute;s\u0165 do vedenia.&quot; Prominentn&yacute;mi re\u010dn&iacute;kmi bud&uacute;: spolkov&yacute; minister obrany Karl-Theodor zu Guttenberg (CS&Uacute;), bavorsk&yacute; ev. krajinsk&yacute; biskup J. Friedrich a katol&iacute;cky biskup z Eichst&auml;ttu Gregor Maria Hanke. 60 semin&aacute;rov prejedn&aacute; t&eacute;my , ako s&uacute; napr. &quot; Hospod&aacute;rstvo a etika&quot;, &quot;Viera na pracovisku&quot;, &quot;Vedenie v \u010dase kr&iacute;zy&quot;, &quot;Etika vo vz\u0165ahu k z&aacute;kazn&iacute;kom&quot; . Od roku 1999 je to v porad&iacute; u\u017e 7. kongres. Organizuj&uacute; ho akad&eacute;mia &quot;Tempus&quot; z Giessenu a evanjelick&aacute; tla\u010dov&aacute; agent&uacute;ra &quot;idea&quot; z Wetzlaru. Kongres sa za\u010dne v stredu 23. febru&aacute;&iacute;ra slu\u017ebami Bo\u017e&iacute;mi v kostole sv. Sebalda. Nasleduj&uacute;ci de\u0148 u\u017e po &scaron;tvrt&yacute; raz bude udelen&aacute;&nbsp; &quot; Cena pre kres\u0165ansk&yacute;ch mana\u017e&eacute;rov&quot;.<\/p>\n<p>(<a href=\"http:\/\/www.epd.de\">www.epd.de<\/a>)&nbsp;<\/p>\n","protected":false},"excerpt":{"rendered":"<p>Od 24. do 26. febru&aacute;ra 2011 sa v Norimberku bude kona\u0165 kongres kres\u0165ansk&yacute;ch ved&uacute;cich pracovn&iacute;kov s &uacute;\u010das\u0165ou okolo 4 tis&iacute;c os&ocirc;b a 250 vystavovate\u013eov. Podujatie m&aacute; motto :&nbsp;&quot;S hodnotami &iacute;s\u0165 do vedenia.&quot; Prominentn&yacute;mi re\u010dn&iacute;kmi bud&uacute;: spolkov&yacute; minister obrany Karl-Theodor zu Guttenberg (CS&Uacute;), bavorsk&yacute; ev. krajinsk&yacute; biskup J. Friedrich a katol&iacute;cky biskup z Eichst&auml;ttu Gregor Maria &#8230; <a title=\"Kongres kres\u0165ansk\u00fdch mana\u017e\u00e9rov v Norimberku\" class=\"read-more\" href=\"https:\/\/www.e-anjelik.sk\/index.php\/2011\/02\/17\/kongres-krestanskych-manazerov-v-norimberku\/\" aria-label=\"Pre\u010d\u00edtajte si viac o Kongres kres\u0165ansk\u00fdch mana\u017e\u00e9rov v Norimberku\">\u010c\u00edta\u0165 viac<\/a><\/p>\n","protected":false},"author":22,"featured_media":0,"comment_status":"open","ping_status":"open","sticky":false,"template":"","format":"standard","meta":{"footnotes":""},"categories":[9,10],"tags":[],"class_list":["post-3389","post","type-post","status-publish","format-standard","hentry","category-europa","category-zo-sveta"],"_links":{"self":[{"href":"https:\/\/www.e-anjelik.sk\/index.php\/wp-json\/wp\/v2\/posts\/3389","targetHints":{"allow":["GET"]}}],"collection":[{"href":"https:\/\/www.e-anjelik.sk\/index.php\/wp-json\/wp\/v2\/posts"}],"about":[{"href":"https:\/\/www.e-anjelik.sk\/index.php\/wp-json\/wp\/v2\/types\/post"}],"author":[{"embeddable":true,"href":"https:\/\/www.e-anjelik.sk\/index.php\/wp-json\/wp\/v2\/users\/22"}],"replies":[{"embeddable":true,"href":"https:\/\/www.e-anjelik.sk\/index.php\/wp-json\/wp\/v2\/comments?post=3389"}],"version-history":[{"count":0,"href":"https:\/\/www.e-anjelik.sk\/index.php\/wp-json\/wp\/v2\/posts\/3389\/revisions"}],"wp:attachment":[{"href":"https:\/\/www.e-anjelik.sk\/index.php\/wp-json\/wp\/v2\/media?parent=3389"}],"wp:term":[{"taxonomy":"category","embeddable":true,"href":"https:\/\/www.e-anjelik.sk\/index.php\/wp-json\/wp\/v2\/categories?post=3389"},{"taxonomy":"post_tag","embeddable":true,"href":"https:\/\/www.e-anjelik.sk\/index.php\/wp-json\/wp\/v2\/tags?post=3389"}],"curies":[{"name":"wp","href":"https:\/\/api.w.org\/{rel}","templated":true}]}}