{"id":3390,"date":"2011-02-17T09:58:52","date_gmt":"2011-02-17T09:58:52","guid":{"rendered":"http:\/\/e-anjelik.sk\/?p=3390"},"modified":"2011-02-17T09:58:52","modified_gmt":"2011-02-17T09:58:52","slug":"18-februara-uplynie-465-rokov-od-smrti-reformatora-dr-martina-luthera","status":"publish","type":"post","link":"https:\/\/www.e-anjelik.sk\/index.php\/2011\/02\/17\/18-februara-uplynie-465-rokov-od-smrti-reformatora-dr-martina-luthera\/","title":{"rendered":"18. febru\u00e1ra uplynie 465 rokov od smrti reform\u00e1tora Dr. Martina Luthera"},"content":{"rendered":"<p>&quot;Nem&ocirc;\u017ee dobre nap&iacute;sa\u0165 o viere ,alebo pochopi\u0165 to, \u010do u\u017e bolo o nej nap&iacute;san&eacute; ten, kto v tej \u010di inej dobe nec&iacute;til odvahu, ktor&aacute; viera d&aacute;va \u010dloveku, postihnut&eacute;mu ne&scaron;\u0165ast&iacute;m a &uacute;tlakom. Ten kto zak&uacute;sil aspo\u0148 mal&eacute; mno\u017estvo viery, nikdy nebude m&ocirc;c\u0165 dos\u0165 o nej nap&iacute;sa\u0165, vyjadri\u0165 sa, prem&yacute;&scaron;\u013ea\u0165 alebo napo\u010d&uacute;va\u0165 sa.&quot; M.Luther<\/p>\n<p>(<a href=\"http:\/\/www.elci.ru\">www.elci.ru<\/a>)<\/p>\n","protected":false},"excerpt":{"rendered":"<p>&quot;Nem&ocirc;\u017ee dobre nap&iacute;sa\u0165 o viere ,alebo pochopi\u0165 to, \u010do u\u017e bolo o nej nap&iacute;san&eacute; ten, kto v tej \u010di inej dobe nec&iacute;til odvahu, ktor&aacute; viera d&aacute;va \u010dloveku, postihnut&eacute;mu ne&scaron;\u0165ast&iacute;m a &uacute;tlakom. Ten kto zak&uacute;sil aspo\u0148 mal&eacute; mno\u017estvo viery, nikdy nebude m&ocirc;c\u0165 dos\u0165 o nej nap&iacute;sa\u0165, vyjadri\u0165 sa, prem&yacute;&scaron;\u013ea\u0165 alebo napo\u010d&uacute;va\u0165 sa.&quot; M.Luther (www.elci.ru)<\/p>\n","protected":false},"author":22,"featured_media":0,"comment_status":"open","ping_status":"open","sticky":false,"template":"","format":"standard","meta":{"footnotes":""},"categories":[1,14],"tags":[],"class_list":["post-3390","post","type-post","status-publish","format-standard","hentry","category-adventna-modlitba","category-osobnosti"],"_links":{"self":[{"href":"https:\/\/www.e-anjelik.sk\/index.php\/wp-json\/wp\/v2\/posts\/3390","targetHints":{"allow":["GET"]}}],"collection":[{"href":"https:\/\/www.e-anjelik.sk\/index.php\/wp-json\/wp\/v2\/posts"}],"about":[{"href":"https:\/\/www.e-anjelik.sk\/index.php\/wp-json\/wp\/v2\/types\/post"}],"author":[{"embeddable":true,"href":"https:\/\/www.e-anjelik.sk\/index.php\/wp-json\/wp\/v2\/users\/22"}],"replies":[{"embeddable":true,"href":"https:\/\/www.e-anjelik.sk\/index.php\/wp-json\/wp\/v2\/comments?post=3390"}],"version-history":[{"count":0,"href":"https:\/\/www.e-anjelik.sk\/index.php\/wp-json\/wp\/v2\/posts\/3390\/revisions"}],"wp:attachment":[{"href":"https:\/\/www.e-anjelik.sk\/index.php\/wp-json\/wp\/v2\/media?parent=3390"}],"wp:term":[{"taxonomy":"category","embeddable":true,"href":"https:\/\/www.e-anjelik.sk\/index.php\/wp-json\/wp\/v2\/categories?post=3390"},{"taxonomy":"post_tag","embeddable":true,"href":"https:\/\/www.e-anjelik.sk\/index.php\/wp-json\/wp\/v2\/tags?post=3390"}],"curies":[{"name":"wp","href":"https:\/\/api.w.org\/{rel}","templated":true}]}}