{"id":33910,"date":"2020-09-29T20:48:06","date_gmt":"2020-09-29T18:48:06","guid":{"rendered":"http:\/\/e-anjelik.sk\/?p=33910"},"modified":"2020-09-29T20:48:06","modified_gmt":"2020-09-29T18:48:06","slug":"v-r-2021-bude-scitanie-ludu-a","status":"publish","type":"post","link":"https:\/\/www.e-anjelik.sk\/index.php\/2020\/09\/29\/v-r-2021-bude-scitanie-ludu-a\/","title":{"rendered":"V r.2021 bude s\u010d\u00edtanie \u013eudu a&#8230;"},"content":{"rendered":"\n<h1 class=\"wp-block-heading\">S\u010c\u00cdTANIE obyvate\u013eov 2021<\/h1>\n\n\n\n<figure class=\"wp-block-image\"><a href=\"https:\/\/www.ecav.sk\/rails\/active_storage\/blobs\/eyJfcmFpbHMiOnsibWVzc2FnZSI6IkJBaHBBakNSIiwiZXhwIjpudWxsLCJwdXIiOiJibG9iX2lkIn19--e652e8aafaa61e6f67481e2ca69074f9e2d116a4\/ecav.png\"><img decoding=\"async\" src=\"https:\/\/www.ecav.sk\/rails\/active_storage\/representations\/eyJfcmFpbHMiOnsibWVzc2FnZSI6IkJBaHBBakNSIiwiZXhwIjpudWxsLCJwdXIiOiJibG9iX2lkIn19--e652e8aafaa61e6f67481e2ca69074f9e2d116a4\/eyJfcmFpbHMiOnsibWVzc2FnZSI6IkJBaDdCam9MY21WemFYcGxTU0lJT1RBd0Jqb0dSVlE9IiwiZXhwIjpudWxsLCJwdXIiOiJ2YXJpYXRpb24ifX0=--f83398908a42570f1be2d2870fc3e62f317d893b\/ecav.png\" alt=\"S\u010c\u00cdTANIE obyvate\u013eov 2021\"\/><\/a><\/figure>\n\n\n\n<ul class=\"wp-block-list\"><li>&nbsp;24.09.20<\/li><li>&nbsp;&nbsp;Ivan E\u013eko, gener\u00e1lny biskup ECAV na Slovensku<\/li><li>&nbsp;<a href=\"https:\/\/www.ecav.sk\/aktuality\/stanoviska-a-vyjadrenia\">&nbsp;Stanovisk\u00e1 a vyjadrenia<\/a><\/li><\/ul>\n\n\n\n<p>V roku 2021 \u010dak\u00e1 ob\u010danov Slovenska znova po desiatich rokoch s\u010d\u00edtanie obyvate\u013estva. Jeho v\u00fdsledky bud\u00fa pre v\u0161etky sf\u00e9ry \u017eivota, verejn\u00fd a s\u00fakromn\u00fd sektor, odborn\u00fa i laick\u00fa verejnos\u0165 jedine\u010dn\u00fdm a nenahradite\u013en\u00fdm zdrojom d\u00f4le\u017eit\u00fdch inform\u00e1ci\u00ed.<\/p>\n\n\n\n<p>&nbsp; &nbsp; &nbsp;Pre cirkvi m\u00e1 s\u010d\u00edtanie obyvate\u013estva, okrem \u0161tatistick\u00e9ho a d\u00e1tov\u00e9ho v\u00fdznamu, e\u0161te o jeden d\u00f4le\u017eit\u00fd rozmer naviac. Vypl\u00fdva z nastavenia Z\u00e1kona o finan\u010dnej podpore cirkv\u00ed a n\u00e1bo\u017eensk\u00fdch spolo\u010dnost\u00ed, ktor\u00fd plat\u00ed od 1. janu\u00e1ra 2020. Povedan\u00e9 \u00faplne pragmaticky: od po\u010dtu \u010dlenov cirkv\u00ed z\u00e1vis\u00ed v\u00fd\u0161ka finan\u010dnej podpory, ktor\u00fa dost\u00e1vaj\u00fa cirkvi od \u0161t\u00e1tu.<\/p>\n\n\n\n<p>&nbsp; &nbsp; &nbsp;Amb\u00edciou zdravej, v evanjeliu ukotvenej a \u017eivotaschopnej cirkvi samozrejme nem\u00f4\u017ee by\u0165 iba to, aby sa k nej pri s\u010d\u00edtan\u00ed obyvate\u013estva prihl\u00e1silo \u010do najviac os\u00f4b. \u017divot cirkvi nie s\u00fa tak\u00e9to preteky. Nie je to s\u00fa\u0165a\u017e o vysok\u00fa spolo\u010densk\u00fa prest\u00ed\u017e, popularitu a \u017eiariv\u00fd status. A tob\u00f4\u017e nie s\u00fa\u0165a\u017e, na konci ktorej je finan\u010dn\u00fd profit v podobe vy\u0161\u0161ej \u0161t\u00e1tnej dot\u00e1cie.<\/p>\n\n\n\n<p>&nbsp; &nbsp; &nbsp;Amb\u00edcia Evanjelickej cirkvi augsbursk\u00e9ho vyznania na Slovensku je trojak\u00e1. Podot\u00fdkame, \u017ee si ju nevymyslela, nedala si ju sama. Poch\u00e1dza z najrannej\u0161\u00edch \u010dias cirkvi, ako vz\u00e1cne poznanie, \u017ee pre toto chce ma\u0165 P\u00e1n Je\u017ei\u0161 Kristus cirkev na svete. Predov\u0161etk\u00fdm prin\u00e1\u0161a\u0165 \u013eu\u010fom aktu\u00e1lnej doby, \u010di s\u00fa to u\u017e jej \u010dlenovia, alebo sekul\u00e1rni \u013eudia, zrozumite\u013en\u00fdm a pravdiv\u00fdm sp\u00f4sobom radostn\u00fa spr\u00e1vu o z\u00e1chrane \u010dloveka v Je\u017ei\u0161ovi Kristovi a o novom \u017eivote, ktor\u00fd je v \u0147om. Tie\u017e prakticky sl\u00fa\u017ei\u0165 v mene Kristovej l\u00e1sky v\u0161etk\u00fdm t\u00fdm, ktor\u00ed pomoc a slu\u017ebu potrebuj\u00fa. A napokon budova\u0165 spolo\u010denstvo, v ktorom panuj\u00fa vr\u00facne vz\u0165ahy, schopn\u00e9 jednotliv\u00fdch \u013eud\u00ed nies\u0165 a sprostredkova\u0165 im sk\u00fasenos\u0165 l\u00e1sky, d\u00f4very a prijatia. &nbsp;&nbsp;<\/p>\n\n\n\n<p>&nbsp; &nbsp; &nbsp;Aby evanjelick\u00e1 cirkev t\u00fato amb\u00edciu naplnila, u\u017e p\u00e4\u0165sto rokov sa sna\u017e\u00ed o \u017eivot svedectva, slu\u017eby a spolo\u010denstva. Aj dnes otv\u00e1ra \u013eu\u010fom \u0161irok\u00e9 mo\u017enosti sl\u00e1vi\u0165 rozli\u010dn\u00e9 typy liturgick\u00fdch Slu\u017eieb Bo\u017e\u00edch, &nbsp;z\u00fa\u010dast\u0148ova\u0165 sa vzdel\u00e1vaj\u00facich a vieru buduj\u00facich stretnut\u00ed men\u0161\u00edch spolo\u010denstiev, nav\u0161tevova\u0165 misijn\u00e9 podujatia, \u010di podujatia, ktor\u00e9 z prostredia cirkvi maj\u00fa presah do kult\u00fary, umenia, \u010di vlastenectva. Vybudovala funguj\u00facu sie\u0165 diakonick\u00fdch a soci\u00e1lnych zariaden\u00ed. Podporuje diakonick\u00e9, soci\u00e1lne a v\u00fdchovn\u00e9 projekty cirkevn\u00fdch zborov a v cirkevnom prostred\u00ed zriaden\u00fdch tre\u0165osektorov\u00fdch organiz\u00e1ci\u00ed. Venuje sa pomoci R\u00f3mom, bezdomovcom, \u013eu\u010fom v kr\u00edzov\u00fdch situ\u00e1ci\u00e1ch. Vybudovala funguj\u00face a \u00faspe\u0161n\u00e9 evanjelick\u00e9 cirkevn\u00e9 \u0161kolstvo. Vyu\u010duje n\u00e1bo\u017eenstvo na \u0161t\u00e1tnych \u0161kol\u00e1ch. Venuje sa de\u0165om v prostred\u00ed detsk\u00fdch besiedok, v\u00fdchovne a misijne p\u00f4sob\u00ed medzi dorastom a ml\u00e1de\u017eou. Svoje posolstvo a ponuku spolo\u010denstva nesie man\u017eelsk\u00fdm p\u00e1rom, mu\u017eov, \u017een\u00e1m, seniorom, \u010di in\u00fdm \u0161peci\u00e1lnym skupin\u00e1m. Tradi\u010dne pri tom v\u0161etkom okrem autentick\u00fdch kres\u0165ansk\u00fdch d\u00f4razov pr\u00edzvukuje hodnoty vzdelania, pracovitosti, \u010destnosti, demokracie, vlastenectva, tolerancie, solidarity a obetavosti.<\/p>\n\n\n\n<p>&nbsp; &nbsp; &nbsp;Skuto\u010dne n\u00e1m v cirkvi nejde iba o samotn\u00e9 \u010d\u00edsla a profit z nich, ale o prastar\u00e9 princ\u00edpy ktor\u00e9 poch\u00e1dzaj\u00fa z apo\u0161tolsk\u00fdch \u010dias, ktor\u00fdmi sa c\u00edtime by\u0165 principi\u00e1lne zaviazan\u00ed, ktor\u00e9 v\u017edy zdobili evanjelick\u00fa cirkev, tvorili jej nezamenite\u013en\u00fd charakter a ktor\u00fdm chceme by\u0165 vern\u00ed aj dnes.<\/p>\n\n\n\n<p>&nbsp; &nbsp; &nbsp;Ak je tu ale s\u010d\u00edtanie obyvate\u013estva, ktor\u00e9 m\u00f4\u017ee op\u00e4\u0165 potvrdi\u0165 fakt, maj\u00faci historick\u00fa, duchovn\u00fa, kult\u00farnu a spolo\u010densk\u00fa z\u00e1va\u017enos\u0165, toti\u017e \u017ee evanjelick\u00e1 cirkev je a zost\u00e1va druhou najv\u00e4\u010d\u0161ou na Slovensku (v roku 2011 sa k nej prihl\u00e1silo 5,9% obyvate\u013eov Slovenska, \u010do je 316 250 os\u00f4b), a ak by sa tento fakt mal napokon priaznivo odrazi\u0165 aj na v\u00fd\u0161ke finan\u010dnej podpory, ktor\u00fa na\u0161a cirkev dostane od \u0161t\u00e1tu, bolo by skuto\u010dne nepochopite\u013en\u00fdm, ak by sa evanjelik, ktor\u00fd akt\u00edvne v cirkvi \u017eije, alebo ob\u010dan, ktor\u00fd vie o svojich kore\u0148och v evanjelickej cirkvi, ale jej praktick\u00e9mu \u017eivotu je vzdialen\u00fd, predsa len k vlastnej cirkvi, k vlastn\u00fdm kore\u0148om, k vlastnej \u013eudskej identite nepriznal. &nbsp;<\/p>\n\n\n\n<p>&nbsp; &nbsp; &nbsp;S\u010d\u00edtanie obyvate\u013estva je mo\u017enos\u0165ou manifestova\u0165 \u010di u\u017e svoje povedom\u00e9, \u017eiv\u00e9, akt\u00edvne, alebo kult\u00farne po\u0148at\u00e9, pas\u00edvne, ale predsa evanjelictvo, s t\u00fdmto praktick\u00fdm dopadom &#8211; pomocou vlastnej cirkvi.<\/p>\n\n\n\n<p>&nbsp; &nbsp; &nbsp;Ani na chv\u00ed\u013eu nechceme z\u013eavi\u0165 z t\u00fdch amb\u00edci\u00ed, ktor\u00e9 skuto\u010dne zdobia cirkev a tvoria jej autentick\u00e9 poslanie vo svete. &nbsp;Nechceme ich vymeni\u0165 za ni\u010d pragmatick\u00e9, ploch\u00e9 a form\u00e1lne. Aj to je reforma\u010dnou hodnotou a postojom slovensk\u00e9ho evanjelictva. Z\u00e1rove\u0148 sa v\u0161ak na v\u00e1s obraciame a pros\u00edme o jednoduch\u00e9 vyznava\u010dsk\u00e9, manifesta\u010dn\u00e9 a pom\u00e1haj\u00face gesto: priznajte sa ku svojej Evanjelickej cirkvi augsbursk\u00e9ho vyznania na Slovensku, pri s\u010d\u00edtan\u00ed obyvate\u013estva v roku 2021!&nbsp;<\/p>\n\n\n\n<p><\/p>\n","protected":false},"excerpt":{"rendered":"<p>S\u010c\u00cdTANIE obyvate\u013eov 2021 &nbsp;24.09.20 &nbsp;&nbsp;Ivan E\u013eko, gener\u00e1lny biskup ECAV na Slovensku &nbsp;&nbsp;Stanovisk\u00e1 a vyjadrenia V roku 2021 \u010dak\u00e1 ob\u010danov Slovenska znova po desiatich rokoch s\u010d\u00edtanie obyvate\u013estva. Jeho v\u00fdsledky bud\u00fa pre v\u0161etky sf\u00e9ry \u017eivota, verejn\u00fd a s\u00fakromn\u00fd sektor, odborn\u00fa i laick\u00fa verejnos\u0165 jedine\u010dn\u00fdm a nenahradite\u013en\u00fdm zdrojom d\u00f4le\u017eit\u00fdch inform\u00e1ci\u00ed. &nbsp; &nbsp; &nbsp;Pre cirkvi m\u00e1 s\u010d\u00edtanie obyvate\u013estva, okrem &#8230; <a title=\"V r.2021 bude s\u010d\u00edtanie \u013eudu a&#8230;\" class=\"read-more\" href=\"https:\/\/www.e-anjelik.sk\/index.php\/2020\/09\/29\/v-r-2021-bude-scitanie-ludu-a\/\" aria-label=\"Pre\u010d\u00edtajte si viac o V r.2021 bude s\u010d\u00edtanie \u013eudu a&#8230;\">\u010c\u00edta\u0165 viac<\/a><\/p>\n","protected":false},"author":4,"featured_media":0,"comment_status":"open","ping_status":"open","sticky":false,"template":"","format":"standard","meta":{"footnotes":""},"categories":[4,193,177],"tags":[],"class_list":["post-33910","post","type-post","status-publish","format-standard","hentry","category-akcie","category-co-pisu-ini","category-gbu"],"_links":{"self":[{"href":"https:\/\/www.e-anjelik.sk\/index.php\/wp-json\/wp\/v2\/posts\/33910","targetHints":{"allow":["GET"]}}],"collection":[{"href":"https:\/\/www.e-anjelik.sk\/index.php\/wp-json\/wp\/v2\/posts"}],"about":[{"href":"https:\/\/www.e-anjelik.sk\/index.php\/wp-json\/wp\/v2\/types\/post"}],"author":[{"embeddable":true,"href":"https:\/\/www.e-anjelik.sk\/index.php\/wp-json\/wp\/v2\/users\/4"}],"replies":[{"embeddable":true,"href":"https:\/\/www.e-anjelik.sk\/index.php\/wp-json\/wp\/v2\/comments?post=33910"}],"version-history":[{"count":1,"href":"https:\/\/www.e-anjelik.sk\/index.php\/wp-json\/wp\/v2\/posts\/33910\/revisions"}],"predecessor-version":[{"id":33911,"href":"https:\/\/www.e-anjelik.sk\/index.php\/wp-json\/wp\/v2\/posts\/33910\/revisions\/33911"}],"wp:attachment":[{"href":"https:\/\/www.e-anjelik.sk\/index.php\/wp-json\/wp\/v2\/media?parent=33910"}],"wp:term":[{"taxonomy":"category","embeddable":true,"href":"https:\/\/www.e-anjelik.sk\/index.php\/wp-json\/wp\/v2\/categories?post=33910"},{"taxonomy":"post_tag","embeddable":true,"href":"https:\/\/www.e-anjelik.sk\/index.php\/wp-json\/wp\/v2\/tags?post=33910"}],"curies":[{"name":"wp","href":"https:\/\/api.w.org\/{rel}","templated":true}]}}