{"id":33924,"date":"2020-10-11T20:40:54","date_gmt":"2020-10-11T18:40:54","guid":{"rendered":"http:\/\/e-anjelik.sk\/?p=33924"},"modified":"2020-10-11T20:40:54","modified_gmt":"2020-10-11T18:40:54","slug":"vcera-synoda-bola","status":"publish","type":"post","link":"https:\/\/www.e-anjelik.sk\/index.php\/2020\/10\/11\/vcera-synoda-bola\/","title":{"rendered":"V\u010dera synoda bola"},"content":{"rendered":"\n<h1 class=\"wp-block-heading\">Zasadnutie synody sa skon\u010dilo<\/h1>\n\n\n\n<figure class=\"wp-block-image\"><a href=\"https:\/\/www.ecav.sk\/rails\/active_storage\/blobs\/eyJfcmFpbHMiOnsibWVzc2FnZSI6IkJBaHBBaEtTIiwiZXhwIjpudWxsLCJwdXIiOiJibG9iX2lkIn19--b1178c360228e817c3b76908e31f0b92e8093418\/1602324641909.jpg\"><img decoding=\"async\" src=\"https:\/\/www.ecav.sk\/rails\/active_storage\/representations\/eyJfcmFpbHMiOnsibWVzc2FnZSI6IkJBaHBBaEtTIiwiZXhwIjpudWxsLCJwdXIiOiJibG9iX2lkIn19--b1178c360228e817c3b76908e31f0b92e8093418\/eyJfcmFpbHMiOnsibWVzc2FnZSI6IkJBaDdCam9MY21WemFYcGxTU0lJT1RBd0Jqb0dSVlE9IiwiZXhwIjpudWxsLCJwdXIiOiJ2YXJpYXRpb24ifX0=--f83398908a42570f1be2d2870fc3e62f317d893b\/1602324641909.jpg\" alt=\"Zasadnutie synody sa skon\u010dilo\"\/><\/a><\/figure>\n\n\n\n<ul class=\"wp-block-list\"><li>&nbsp;10.10.20<\/li><li>&nbsp;&nbsp;Jana Nunv\u00e1\u0159ov\u00e1, tla\u010dov\u00e1 tajomn\u00ed\u010dka<\/li><li>&nbsp;<a href=\"https:\/\/www.ecav.sk\/aktuality\/spravodajstvo\">&nbsp;Spravodajstvo<\/a><\/li><\/ul>\n\n\n\n<p>V priestoroch Kult\u00farnom dome Andreja Hlinku sa 10. okt\u00f3bra 2020 od 9:00 do 21:00 uskuto\u010dnilo zasadnutie najvy\u0161\u0161ieho org\u00e1nu Evanjelickej cirkvi a. v. na Slovensku. Na zasadnut\u00ed sa z\u00fa\u010dastnilo viac ako 50 synod\u00e1lov.<\/p>\n\n\n\n<p>Po \u00favodnom schv\u00e1len\u00ed rokovacieho poriadku, vo\u013ebe s\u010d\u00edtacej komisie a splnen\u00ed \u010fal\u0161\u00edch n\u00e1le\u017eitost\u00ed sa pr\u00edtomn\u00ed venovali spr\u00e1ve o plnen\u00ed uznesen\u00ed zo Synody 2019. Pr\u00edtomn\u00ed sa dotkli t\u00e9my Reformaty a po diskusii navrhli prija\u0165 uznesenie, \u017ee Synoda ECAV po\u017eaduje likvid\u00e1ciu spolo\u010dnosti Reformata a n\u00e1sledne zaradi\u0165 spr\u00e1vu majetku v r\u00e1mci novovytvoren\u00e9ho strediska spr\u00e1vy majetku ECAV pri GB\u00da. Uznesenie bolo schv\u00e1len\u00e9.<\/p>\n\n\n\n<p>Spr\u00e1va predsedn\u00edctva ECAV na Slovensku prednesen\u00e1 gener\u00e1lnym biskupom ECAV Ivanom E\u013ekom vyvolala \u010fal\u0161iu diskusiu. V jej z\u00e1vere zaznelo \u017eelanie: \u201ePane neop\u00fa\u0161\u0165aj n\u00e1s&#8230;\u201c Spr\u00e1va bola schv\u00e1len\u00e1.<\/p>\n\n\n\n<p>Po schv\u00e1len\u00ed \u010fal\u0161\u00edch spr\u00e1v Gener\u00e1lneho predsedn\u00edctva a Zboru biskupov nasledovali vo\u013eby do org\u00e1nov ECAV na Slovensku. Do komisie pre far\u00e1rske sk\u00fa\u0161ky aj kapl\u00e1nske sk\u00fa\u0161ky bol zvolen\u00fd brat Peter Miho\u010d, za predsedu GHV bol zvolen\u00fd brat Mari\u00e1n Damanko\u0161, predsedn\u00ed\u010dkou medi\u00e1lneho v\u00fdboru sa stala Jana Nunv\u00e1\u0159ov\u00e1 a Gener\u00e1lnym pr\u00e1vnym z\u00e1stupcom sa stal Vladim\u00edr Cipciar. \u010eal\u0161\u00ed zvolen\u00ed kandid\u00e1ti bola Zuzana Kuba\u010dkov\u00e1 do Rev\u00edznej komisie. Za riadneho \u010dlena gener\u00e1lneho s\u00fadu zbolili synod\u00e1li Mari\u00e1na Krivu\u0161a a za n\u00e1hradn\u00fdch \u010dlenov Zuzanu Monco\u013eov\u00fa a Jarmilu Balkov\u00fa; do Gener\u00e1lneho presbyterstva boli za riadnych \u010dlenov zvolen\u00ed Slavom\u00edr Sabol a Roman Porub\u00e4n a ako n\u00e1hradn\u00fd \u010dlen Jaroslav Petro.&nbsp;<\/p>\n\n\n\n<p>Po prest\u00e1vke sa pr\u00edtomn\u00ed venovali \u00faprav\u00e1m \u00fastavy ECAV a legislat\u00edvnym \u00faloh\u00e1m. Po diskusii o s\u00fadnej reforme synoda tento n\u00e1vrh neschv\u00e1lila.&nbsp;<\/p>\n\n\n\n<p>Z\u00e1kon o Elektronickom informa\u010dnom syst\u00e9me ECAV na Slovensku bol prijat\u00fd a syst\u00e9m, ktor\u00fd je u\u017e 3 roky pripraven\u00fd pre pou\u017eitie do cirkevn\u00fdch zborov, by mal nahradi\u0165 papierov\u00e9 kartot\u00e9ky do elektronickej podoby. Od 1. j\u00fala 2021 by mal syst\u00e9m fungova\u0165, dovtedy by mal prebehn\u00fa\u0165 syst\u00e9m implement\u00e1cie v samotn\u00fdch cirkevn\u00fdch zboroch. &nbsp;<\/p>\n\n\n\n<p>Po dlhej rozprave synod\u00e1lov bol prijat\u00fd cirkevn\u00fd \u00fastavn\u00fd Z\u00e1kon o finan\u010dnom zabezpe\u010den\u00ed poslania a \u010dinnosti ECAV na Slovensku. Jednotliv\u00e9 pr\u00edspevky cirkevn\u00fdch zborov bud\u00fa v roku 2021 vypo\u010d\u00edtan\u00e9 pod\u013ea modelu, ktor\u00fd navrhlo Zdru\u017eenie evanjelick\u00fdch duchovn\u00fdch.<\/p>\n\n\n\n<p>V \u010fal\u0161om programe schv\u00e1lili synod\u00e1li \u00fa\u010dtovn\u00fa z\u00e1vierku za rok 2019 a takisto rozpo\u010det na rok 2021.<\/p>\n\n\n\n<p>Spolo\u010dne h\u013ead\u00e1me cestu pre na\u0161u cirkev.<\/p>\n\n\n\n<p><\/p>\n","protected":false},"excerpt":{"rendered":"<p>Zasadnutie synody sa skon\u010dilo &nbsp;10.10.20 &nbsp;&nbsp;Jana Nunv\u00e1\u0159ov\u00e1, tla\u010dov\u00e1 tajomn\u00ed\u010dka &nbsp;&nbsp;Spravodajstvo V priestoroch Kult\u00farnom dome Andreja Hlinku sa 10. okt\u00f3bra 2020 od 9:00 do 21:00 uskuto\u010dnilo zasadnutie najvy\u0161\u0161ieho org\u00e1nu Evanjelickej cirkvi a. v. na Slovensku. Na zasadnut\u00ed sa z\u00fa\u010dastnilo viac ako 50 synod\u00e1lov. Po \u00favodnom schv\u00e1len\u00ed rokovacieho poriadku, vo\u013ebe s\u010d\u00edtacej komisie a splnen\u00ed \u010fal\u0161\u00edch n\u00e1le\u017eitost\u00ed sa &#8230; <a title=\"V\u010dera synoda bola\" class=\"read-more\" href=\"https:\/\/www.e-anjelik.sk\/index.php\/2020\/10\/11\/vcera-synoda-bola\/\" aria-label=\"Pre\u010d\u00edtajte si viac o V\u010dera synoda bola\">\u010c\u00edta\u0165 viac<\/a><\/p>\n","protected":false},"author":4,"featured_media":0,"comment_status":"open","ping_status":"open","sticky":false,"template":"","format":"standard","meta":{"footnotes":""},"categories":[510,193,177,104],"tags":[],"class_list":["post-33924","post","type-post","status-publish","format-standard","hentry","category-cu-a-cpp-ecav","category-co-pisu-ini","category-gbu","category-synoda"],"_links":{"self":[{"href":"https:\/\/www.e-anjelik.sk\/index.php\/wp-json\/wp\/v2\/posts\/33924","targetHints":{"allow":["GET"]}}],"collection":[{"href":"https:\/\/www.e-anjelik.sk\/index.php\/wp-json\/wp\/v2\/posts"}],"about":[{"href":"https:\/\/www.e-anjelik.sk\/index.php\/wp-json\/wp\/v2\/types\/post"}],"author":[{"embeddable":true,"href":"https:\/\/www.e-anjelik.sk\/index.php\/wp-json\/wp\/v2\/users\/4"}],"replies":[{"embeddable":true,"href":"https:\/\/www.e-anjelik.sk\/index.php\/wp-json\/wp\/v2\/comments?post=33924"}],"version-history":[{"count":1,"href":"https:\/\/www.e-anjelik.sk\/index.php\/wp-json\/wp\/v2\/posts\/33924\/revisions"}],"predecessor-version":[{"id":33925,"href":"https:\/\/www.e-anjelik.sk\/index.php\/wp-json\/wp\/v2\/posts\/33924\/revisions\/33925"}],"wp:attachment":[{"href":"https:\/\/www.e-anjelik.sk\/index.php\/wp-json\/wp\/v2\/media?parent=33924"}],"wp:term":[{"taxonomy":"category","embeddable":true,"href":"https:\/\/www.e-anjelik.sk\/index.php\/wp-json\/wp\/v2\/categories?post=33924"},{"taxonomy":"post_tag","embeddable":true,"href":"https:\/\/www.e-anjelik.sk\/index.php\/wp-json\/wp\/v2\/tags?post=33924"}],"curies":[{"name":"wp","href":"https:\/\/api.w.org\/{rel}","templated":true}]}}