{"id":3394,"date":"2011-02-18T11:42:58","date_gmt":"2011-02-18T11:42:58","guid":{"rendered":"http:\/\/e-anjelik.sk\/?p=3394"},"modified":"2011-02-18T11:42:58","modified_gmt":"2011-02-18T11:42:58","slug":"biskup-ulrich-dakuje-clenom-cirkvi-za-financnu-podporu-severopolabskej-krajinskej-ev-cirkvi","status":"publish","type":"post","link":"https:\/\/www.e-anjelik.sk\/index.php\/2011\/02\/18\/biskup-ulrich-dakuje-clenom-cirkvi-za-financnu-podporu-severopolabskej-krajinskej-ev-cirkvi\/","title":{"rendered":"Biskup Ulrich \u010fakuje \u010dlenom cirkvi za finan\u010dn\u00fa podporu Severopolabskej krajinskej ev. cirkvi"},"content":{"rendered":"<p>&Scaron;lezvick&yacute; biskup Gerhard Ulrich sa na synode Severopolabskej krajinskej ev. cirkvi v Rendsburgu verejne po\u010fakoval v&scaron;etk&yacute;m \u010dlenom tejto cirkvi za financie, ktor&eacute; v roku 2010 odviedli \u010di u\u017e ako dane, ofery, zbierky \u010di milodary. Spolu do cirkevnej pokladne vlani natieklo 347 mili&oacute;nov &euro;. Na tento rok je pl&aacute;n vyzbiera\u0165 355 mili&oacute;nov &euro;. V Hamburgu a &Scaron;lezvicko-Hol&scaron;tajnsku platia evanjelick&iacute; kres\u0165ania cirkvi da\u0148 vo v&yacute;&scaron;ke 9% z platu alebo pr&iacute;jmu.<\/p>\n<p>(<a href=\"http:\/\/www.epd.de\">www.epd.de<\/a>)<\/p>\n","protected":false},"excerpt":{"rendered":"<p>&Scaron;lezvick&yacute; biskup Gerhard Ulrich sa na synode Severopolabskej krajinskej ev. cirkvi v Rendsburgu verejne po\u010fakoval v&scaron;etk&yacute;m \u010dlenom tejto cirkvi za financie, ktor&eacute; v roku 2010 odviedli \u010di u\u017e ako dane, ofery, zbierky \u010di milodary. Spolu do cirkevnej pokladne vlani natieklo 347 mili&oacute;nov &euro;. Na tento rok je pl&aacute;n vyzbiera\u0165 355 mili&oacute;nov &euro;. V Hamburgu a &#8230; <a title=\"Biskup Ulrich \u010fakuje \u010dlenom cirkvi za finan\u010dn\u00fa podporu Severopolabskej krajinskej ev. cirkvi\" class=\"read-more\" href=\"https:\/\/www.e-anjelik.sk\/index.php\/2011\/02\/18\/biskup-ulrich-dakuje-clenom-cirkvi-za-financnu-podporu-severopolabskej-krajinskej-ev-cirkvi\/\" aria-label=\"Pre\u010d\u00edtajte si viac o Biskup Ulrich \u010fakuje \u010dlenom cirkvi za finan\u010dn\u00fa podporu Severopolabskej krajinskej ev. cirkvi\">\u010c\u00edta\u0165 viac<\/a><\/p>\n","protected":false},"author":22,"featured_media":0,"comment_status":"open","ping_status":"open","sticky":false,"template":"","format":"standard","meta":{"footnotes":""},"categories":[9,10],"tags":[],"class_list":["post-3394","post","type-post","status-publish","format-standard","hentry","category-europa","category-zo-sveta"],"_links":{"self":[{"href":"https:\/\/www.e-anjelik.sk\/index.php\/wp-json\/wp\/v2\/posts\/3394","targetHints":{"allow":["GET"]}}],"collection":[{"href":"https:\/\/www.e-anjelik.sk\/index.php\/wp-json\/wp\/v2\/posts"}],"about":[{"href":"https:\/\/www.e-anjelik.sk\/index.php\/wp-json\/wp\/v2\/types\/post"}],"author":[{"embeddable":true,"href":"https:\/\/www.e-anjelik.sk\/index.php\/wp-json\/wp\/v2\/users\/22"}],"replies":[{"embeddable":true,"href":"https:\/\/www.e-anjelik.sk\/index.php\/wp-json\/wp\/v2\/comments?post=3394"}],"version-history":[{"count":0,"href":"https:\/\/www.e-anjelik.sk\/index.php\/wp-json\/wp\/v2\/posts\/3394\/revisions"}],"wp:attachment":[{"href":"https:\/\/www.e-anjelik.sk\/index.php\/wp-json\/wp\/v2\/media?parent=3394"}],"wp:term":[{"taxonomy":"category","embeddable":true,"href":"https:\/\/www.e-anjelik.sk\/index.php\/wp-json\/wp\/v2\/categories?post=3394"},{"taxonomy":"post_tag","embeddable":true,"href":"https:\/\/www.e-anjelik.sk\/index.php\/wp-json\/wp\/v2\/tags?post=3394"}],"curies":[{"name":"wp","href":"https:\/\/api.w.org\/{rel}","templated":true}]}}