{"id":3395,"date":"2011-02-21T09:46:02","date_gmt":"2011-02-21T09:46:02","guid":{"rendered":"http:\/\/e-anjelik.sk\/?p=3395"},"modified":"2011-02-21T09:46:02","modified_gmt":"2011-02-21T09:46:02","slug":"kirchentag-v-drazdanoch-caka-do-3-tisic-trvalych-ucastnikov-zo-strednej-a-vychodnej-europy","status":"publish","type":"post","link":"https:\/\/www.e-anjelik.sk\/index.php\/2011\/02\/21\/kirchentag-v-drazdanoch-caka-do-3-tisic-trvalych-ucastnikov-zo-strednej-a-vychodnej-europy\/","title":{"rendered":"Kirchentag v Dr\u00e1\u017e\u010fanoch \u010dak\u00e1 do 3 tis\u00edc trval\u00fdch \u00fa\u010dastn\u00edkov zo Strednej a V\u00fdchodnej Eur\u00f3py"},"content":{"rendered":"<p>Na 33. Kirchentagu (cirkevn&eacute; dni) evanjelikov v Dr&aacute;\u017e\u010fanoch 1. a\u017e 5. j&uacute;na 2011 o\u010dak&aacute;vaj&uacute; do 3 tis&iacute;c trval&yacute;ch &uacute;\u010dastn&iacute;kov zo Strednej a V&yacute;chodnej Eur&oacute;py. Pre host&iacute; vy&scaron;e desiatich n&aacute;rodov pripravuj&uacute; r&ocirc;zne viacjazy\u010dn&eacute; ponuky, medzi nimi slu\u017eby Bo\u017eie a p&oacute;diov&eacute; diskusie. Pre intenz&iacute;vne rozhovory bude sl&uacute;\u017ei\u0165 kostol Troch kr&aacute;\u013eov a kult&uacute;rna radnica ako Centrum stretania z V&yacute;chodnej&nbsp;a Strednej Eur&oacute;py.Dr&aacute;\u017e\u010fansk&eacute; cirkevn&eacute; zbory chc&uacute; 3. j&uacute;na poz&yacute;va\u0165 na krajinsk&eacute; &scaron;pecifick&eacute; sl&aacute;venia Ve\u010dere P&aacute;novej. Krajiny tohto regi&oacute;nu sa m&ocirc;\u017eu predstavi\u0165 na&nbsp;tzv. trhu mo\u017enost&iacute;. Na Kirchentagu sa o\u010dak&aacute;va do 100&nbsp;tis&iacute;c trval&yacute;ch &uacute;\u010dastn&iacute;kov. K dispoz&iacute;cii bude do 2500 rozli\u010dn&yacute;ch podujat&iacute; na asi 120 miestach.&nbsp;&nbsp;<\/p>\n<p>(<a href=\"http:\/\/www.ekd.de\">www.ekd.de<\/a>)<\/p>\n","protected":false},"excerpt":{"rendered":"<p>Na 33. Kirchentagu (cirkevn&eacute; dni) evanjelikov v Dr&aacute;\u017e\u010fanoch 1. a\u017e 5. j&uacute;na 2011 o\u010dak&aacute;vaj&uacute; do 3 tis&iacute;c trval&yacute;ch &uacute;\u010dastn&iacute;kov zo Strednej a V&yacute;chodnej Eur&oacute;py. Pre host&iacute; vy&scaron;e desiatich n&aacute;rodov pripravuj&uacute; r&ocirc;zne viacjazy\u010dn&eacute; ponuky, medzi nimi slu\u017eby Bo\u017eie a p&oacute;diov&eacute; diskusie. Pre intenz&iacute;vne rozhovory bude sl&uacute;\u017ei\u0165 kostol Troch kr&aacute;\u013eov a kult&uacute;rna radnica ako Centrum stretania z &#8230; <a title=\"Kirchentag v Dr\u00e1\u017e\u010fanoch \u010dak\u00e1 do 3 tis\u00edc trval\u00fdch \u00fa\u010dastn\u00edkov zo Strednej a V\u00fdchodnej Eur\u00f3py\" class=\"read-more\" href=\"https:\/\/www.e-anjelik.sk\/index.php\/2011\/02\/21\/kirchentag-v-drazdanoch-caka-do-3-tisic-trvalych-ucastnikov-zo-strednej-a-vychodnej-europy\/\" aria-label=\"Pre\u010d\u00edtajte si viac o Kirchentag v Dr\u00e1\u017e\u010fanoch \u010dak\u00e1 do 3 tis\u00edc trval\u00fdch \u00fa\u010dastn\u00edkov zo Strednej a V\u00fdchodnej Eur\u00f3py\">\u010c\u00edta\u0165 viac<\/a><\/p>\n","protected":false},"author":22,"featured_media":0,"comment_status":"open","ping_status":"open","sticky":false,"template":"","format":"standard","meta":{"footnotes":""},"categories":[2],"tags":[],"class_list":["post-3395","post","type-post","status-publish","format-standard","hentry","category-ekumena"],"_links":{"self":[{"href":"https:\/\/www.e-anjelik.sk\/index.php\/wp-json\/wp\/v2\/posts\/3395","targetHints":{"allow":["GET"]}}],"collection":[{"href":"https:\/\/www.e-anjelik.sk\/index.php\/wp-json\/wp\/v2\/posts"}],"about":[{"href":"https:\/\/www.e-anjelik.sk\/index.php\/wp-json\/wp\/v2\/types\/post"}],"author":[{"embeddable":true,"href":"https:\/\/www.e-anjelik.sk\/index.php\/wp-json\/wp\/v2\/users\/22"}],"replies":[{"embeddable":true,"href":"https:\/\/www.e-anjelik.sk\/index.php\/wp-json\/wp\/v2\/comments?post=3395"}],"version-history":[{"count":0,"href":"https:\/\/www.e-anjelik.sk\/index.php\/wp-json\/wp\/v2\/posts\/3395\/revisions"}],"wp:attachment":[{"href":"https:\/\/www.e-anjelik.sk\/index.php\/wp-json\/wp\/v2\/media?parent=3395"}],"wp:term":[{"taxonomy":"category","embeddable":true,"href":"https:\/\/www.e-anjelik.sk\/index.php\/wp-json\/wp\/v2\/categories?post=3395"},{"taxonomy":"post_tag","embeddable":true,"href":"https:\/\/www.e-anjelik.sk\/index.php\/wp-json\/wp\/v2\/tags?post=3395"}],"curies":[{"name":"wp","href":"https:\/\/api.w.org\/{rel}","templated":true}]}}