{"id":33955,"date":"2020-10-27T14:00:59","date_gmt":"2020-10-27T13:00:59","guid":{"rendered":"http:\/\/e-anjelik.sk\/?p=33955"},"modified":"2020-10-31T06:43:34","modified_gmt":"2020-10-31T05:43:34","slug":"domaca-poboznost-na-pamiatku-reformacie","status":"publish","type":"post","link":"https:\/\/www.e-anjelik.sk\/index.php\/2020\/10\/27\/domaca-poboznost-na-pamiatku-reformacie\/","title":{"rendered":"Dom\u00e1ca pobo\u017enos\u0165 na Pamiatku reform\u00e1cie"},"content":{"rendered":"\n<h1 class=\"wp-block-heading\">Dom\u00e1ca pobo\u017enos\u0165 na Pamiatku reform\u00e1cie (31. okt\u00f3ber 2020)<\/h1>\n\n\n\n<figure class=\"wp-block-image\"><a href=\"https:\/\/www.ecav.sk\/rails\/active_storage\/blobs\/eyJfcmFpbHMiOnsibWVzc2FnZSI6IkJBaHBBaitUIiwiZXhwIjpudWxsLCJwdXIiOiJibG9iX2lkIn19--006410d2b5f6e992b81c998a03e5c279c28fcf2d\/domace_poboznosti.jpg\"><img decoding=\"async\" src=\"https:\/\/www.ecav.sk\/rails\/active_storage\/representations\/eyJfcmFpbHMiOnsibWVzc2FnZSI6IkJBaHBBaitUIiwiZXhwIjpudWxsLCJwdXIiOiJibG9iX2lkIn19--006410d2b5f6e992b81c998a03e5c279c28fcf2d\/eyJfcmFpbHMiOnsibWVzc2FnZSI6IkJBaDdCam9MY21WemFYcGxTU0lJT1RBd0Jqb0dSVlE9IiwiZXhwIjpudWxsLCJwdXIiOiJ2YXJpYXRpb24ifX0=--f83398908a42570f1be2d2870fc3e62f317d893b\/domace_poboznosti.jpg\" alt=\"Dom\u00e1ca pobo\u017enos\u0165 na Pamiatku reform\u00e1cie (31. okt\u00f3ber 2020)\"\/><\/a><\/figure>\n\n\n\n<ul class=\"wp-block-list\"><li>&nbsp;26.10.20<\/li><li>&nbsp;&nbsp;\u0160tefan Kiss, tajomnik pre misiu GB\u00da<\/li><li>&nbsp;<a href=\"https:\/\/www.ecav.sk\/aktuality\/pozvanky\">&nbsp;Pozv\u00e1nky<\/a><\/li><\/ul>\n\n\n\n<p><em>1. \u00davod<\/em><\/p>\n\n\n\n<p>&nbsp; &nbsp; &nbsp; &nbsp; &nbsp; &nbsp; V mene Boha Otca i Syna i Ducha Sv\u00e4t\u00e9ho<\/p>\n\n\n\n<p><em>2. Piese\u0148 ES 274<\/em><\/p>\n\n\n\n<p><em>3. Odriekanie 10 Bo\u017e\u00edch prik\u00e1zan\u00ed:<\/em><\/p>\n\n\n\n<p>&nbsp; &nbsp; &nbsp; &nbsp; &nbsp; &nbsp; Aby sme si v\u0161etci spolo\u010dne pripomenuli z\u00e1kon Bo\u017e\u00ed, odriekajme spolo\u010dne desa\u0165 Bo\u017e\u00edch prik\u00e1zan\u00ed:<\/p>\n\n\n\n<p>&nbsp; &nbsp; &nbsp; &nbsp; &nbsp; &nbsp; Ja som Hospodin, tvoj Boh &#8230;<\/p>\n\n\n\n<p><em>4. Zamyslenie nad Bo\u017e\u00edm slovom (\u017d 46)<\/em><\/p>\n\n\n\n<p>&nbsp; &nbsp; &nbsp; &nbsp; &nbsp; &nbsp; S \u00factou si vypo\u010dujme slov\u00e1 P\u00edsma, ktor\u00e9 s\u00fa zap\u00edsan\u00e9 v \u017ealme 46:<\/p>\n\n\n\n<p>&nbsp; &nbsp; &nbsp; &nbsp; &nbsp; &nbsp; \u201eBoh n\u00e1m je \u00fato\u010diskom a silou, pomocou v s\u00fa\u017een\u00ed v\u017edy osved\u010denou. Preto sa neboj\u00edme, keby sa aj prevr\u00e1tila zem a vrchy kl\u00e1tili sa v srdci mora. Nech hu\u010dia, nech sa penia jeho vody, nech sa zatras\u00fa vrchy jeho vzdut\u00edm. Hospodin mocnost\u00ed je s nami, hradom prepevn\u00fdm je n\u00e1m Boh J\u00e1kobov! H\u013ea, rieka&#8230; potoky jej pote\u0161uj\u00fa mesto Bo\u017eie, sv\u00e4ty\u0148u pr\u00edbytkov Najvy\u0161\u0161ieho. Boh je v jeho strede, neskl\u00e1ti sa, Boh pom\u00f4\u017ee mu na \u00fasvite. N\u00e1rody hu\u010dali a kr\u00e1\u013eovstv\u00e1 sa zakol\u00edsali, vydal svoj hlas a zem sa rozplynula. Hospodin mocnost\u00ed je s nami, hradom prepevn\u00fdm je n\u00e1m Boh J\u00e1kobov. Po\u010fte a h\u013ea\u010fte na skutky Hospodinove! \u00da\u017easn\u00e9 veci sp\u00f4sobil na zemi! Po koniec zeme zastavuje vojny, luky l\u00e1me, sek\u00e1 kopije, bojov\u00e9 vozy oh\u0148om spa\u013euje! Ut\u00edchnite a poznajte, \u017ee ja som Boh, som vyv\u00fd\u0161en\u00fd medzi n\u00e1rodmi, vyv\u00fd\u0161en\u00fd na zemi! Hospodin mocnost\u00ed je s nami, hradom prepevn\u00fdm je n\u00e1m Boh J\u00e1kobov.\u201c<\/p>\n\n\n\n<p>Mil\u00ed bratia a sestry!<\/p>\n\n\n\n<p>&nbsp; &nbsp; &nbsp; &nbsp; &nbsp; &nbsp; Reform\u00e1cia znamenala nielen v dejin\u00e1ch cirkvi, ale aj v dejin\u00e1ch spolo\u010dnosti obrovsk\u00fd prevrat. Priniesla nov\u00e9 poh\u013eady na vieru, ale aj \u0161kolstvo, pr\u00e1vo, umenie, politiku a mnoh\u00e9 \u010fal\u0161ie oblasti \u017eivota. \u010casto si ani nedok\u00e1\u017eeme naplno uvedomi\u0165, ak\u00e9 ve\u013ek\u00e9 d\u00f4sledky mala t\u00e1 zdanlivo jednoduch\u00e1 udalos\u0165 \u2013 pribitie 95. v\u00fdpoved\u00ed na br\u00e1ny chr\u00e1mu mn\u00edchom a vysoko\u0161kolsk\u00fdm u\u010dite\u013eom Dr. Martinom Lutherom. Ak zostaneme len pri teol\u00f3gii a u\u010den\u00ed cirkvi, u\u017e tu je vidite\u013en\u00e1 t\u00e1 obrovsk\u00e1 zmena, ke\u010f sa ten najv\u00e4\u010d\u0161\u00ed d\u00f4raz pres\u00fava z u\u010denia o \u013eudskom hriechu a potrebe jeho od\u010dinenia dobr\u00fdmi skutkami na u\u010denie o \u013eudskom hriechu a jeho odpusten\u00ed P\u00e1nom Bohom pre z\u00e1sluhy P\u00e1na Je\u017ei\u0161a Krista. Dnes pod\u013ea P\u00edsma u\u010d\u00edme, \u017ee nie skutkami, ale vierou sa \u010dlovek \u201ep\u00e1\u010di Bohu\u201c (\u017did 11, 6), hoci aj dobr\u00e9 skutky s\u00fa potrebn\u00e9, nie v\u0161ak ako vstupenka do neba, ale ako d\u00f4kaz \u017eivej viery. Ak si v\u0161ak aj naplno uvedom\u00edme v\u00fdznam tej udalosti pre svet, cirkev \u010di vieru, e\u0161te st\u00e1le ost\u00e1va \u010dosi, \u010do nedok\u00e1\u017eeme naplno prec\u00edti\u0165 a pochopi\u0165: samotn\u00fd reform\u00e1tor Dr. Martin Luther a jeho uva\u017eovanie, c\u00edtenie a vn\u00edmanie udalost\u00ed.<\/p>\n\n\n\n<p>&nbsp; &nbsp; &nbsp; &nbsp; &nbsp; &nbsp; O Dr. Martinovi Lutherovi vieme, \u017ee bol na seba ve\u013emi pr\u00edsny. Chcel sa p\u00e1\u010di\u0165 Bohu a preto si zvolil \u017eivot v kl\u00e1\u0161tore, dokonca si z troch kl\u00e1\u0161torov v meste Erfurt zvolil ten najpr\u00edsnej\u0161\u00ed. Mn\u00ed\u0161sky \u017eivot mal v prvom rade uspokoji\u0165 jeho t\u00fa\u017ebu by\u0165 tak\u00fd, ako od neho chce Boh. To sa ale nedialo. Luther mal v\u017edy pocit, \u017ee sa Boh na neho hnev\u00e1 a \u017ee pred N\u00edm nie je dos\u0165 dobr\u00fd. H\u013eadal teda odpove\u010f na ot\u00e1zku: \u010do robi\u0165, aby som na\u0161iel milos\u0165 u Boha? Po mnoh\u00fdch in\u00fdch pokusoch mu p\u00e1ter kl\u00e1\u0161tora navrhol \u010d\u00edta\u0165 Bibliu. \u017de azda tam by mohol n\u00e1js\u0165 odpovede na svoje ot\u00e1zky. Luther ho posl\u00fachol a naozaj \u2013 v Biblii sa do\u010d\u00edtal, \u017ee za hriechy \u010dloveka zaplatil u\u017e Bo\u017e\u00ed Syn \u2013 P\u00e1n Je\u017ei\u0161 Kristus a tak \u010dloveku netreba za hriechy plati\u0165, ale treba sa mu prid\u0155\u017ea\u0165 P\u00e1na Je\u017ei\u0161a, lebo Jeho z\u00e1sluhy a spravodlivos\u0165 P\u00e1n Boh m\u00f4\u017ee prip\u00edsa\u0165 hrie\u0161nemu \u010dloveku.<\/p>\n\n\n\n<p>&nbsp; &nbsp; &nbsp; &nbsp; &nbsp; &nbsp; Toto zistenie znamenalo pre Martina Luthera obrovsk\u00fa zmenu. Zrazu za\u010dal v\u0161etko vidie\u0165 v optike svojho nov\u00e9ho poznania a t\u00fa\u017eil pravdu, ktor\u00fa s\u00e1m ani nevymyslel, ani neobjavil, ale ju len pre\u010d\u00edtal v P\u00edsme, postavi\u0165 do stredu vtedaj\u0161ieho z\u00e1ujmu cirkvi. Ako sa to dialo, vieme. Vieme, \u017ee jeho v\u00fdpovede na br\u00e1ne chr\u00e1mu vyvolali rozruch, \u017ee sa zves\u0165 o nich doniesla a\u017e k p\u00e1pe\u017eovi a \u017ee cirkev nezareagovala tak ochotne, ako by mo\u017eno Luther \u010dakal a v snahe zachova\u0165 si svoje dovtedaj\u0161ie u\u010denie aj poz\u00edciu, Luthera rad\u0161ej exkomunikovala.<\/p>\n\n\n\n<p>&nbsp; &nbsp; &nbsp; &nbsp; &nbsp; &nbsp; Ako to v\u0161etko pre\u017e\u00edval Martin Luther? Prinieslo mu poznanie Bo\u017eej pravdy tak\u00e9 \u0161\u0165astie a euf\u00f3riu, \u017ee mu v\u0161etky tieto okolnosti nevadili? Bolo mu jedno, \u017ee mo\u017eno pri\u0161iel o mnoh\u00fdch priate\u013eov, \u017ee ho preklial p\u00e1pe\u017e i cis\u00e1r, \u017ee sa stal vlastne vyhnancom vo vlastnej cirkvi i krajine, \u017ee ktoko\u013evek dostal pr\u00e1vo ho zabi\u0165? Dok\u00e1\u017eeme si v\u00f4bec nie\u010do tak\u00e9 predstavi\u0165? Ak sa aj poh\u00e1dame so \u0161\u00e9fom v pr\u00e1ci, v\u017edy m\u00f4\u017eeme buchn\u00fa\u0165 dvermi, od\u00eds\u0165 a n\u00e1js\u0165 si in\u00fa pr\u00e1cu. Ak sa poh\u00e1dame s far\u00e1rom, neraz to rie\u0161ime po svojom \u2013 z\u00e1jdeme do in\u00e9ho kostola. Len\u017ee \u010do Luther, pre ktor\u00e9ho zrazu nikde nebolo miesta a jeho najlep\u0161\u00ed priatelia ho museli na dlh\u00fd \u010das ukry\u0165? Situ\u00e1cia bola v\u00e1\u017ena a hoci my pri historick\u00fdch n\u00e1h\u013eadoch \u010dasto hovor\u00edme o Lutherov\u00fdch nasledovn\u00edkoch, re\u00e1lny \u017eivot prin\u00e1\u0161al aj ve\u013ek\u00e9 z\u00e1stupy protivn\u00edkov a nepriate\u013eov, pred ktor\u00fdmi sa veru bolo treba skry\u0165.<\/p>\n\n\n\n<p>&nbsp; &nbsp; &nbsp; &nbsp; &nbsp; &nbsp; Nie nadarmo sa hymnou reform\u00e1cie stala piese\u0148 \u201eHrad prepevn\u00fd\u201c. Pre Luthera bol 46. \u017ealm mimoriadne d\u00f4le\u017eit\u00fd. Ve\u010f ak sa pozorne za\u010d\u00edtame do jeho slov c\u00edtime, ako n\u00e1s tento \u017ealm ka\u017ed\u00fdm slovom chce uisti\u0165 o st\u00e1lej Bo\u017eej pr\u00edtomnosti a v\u00f4li pred v\u0161etk\u00fdm n\u00e1s ochr\u00e1ni\u0165. Pr\u00e1ve to potreboval Martin Luther a to potrebujeme neraz aj my, hoci n\u00e1\u0161 \u017eivot nie je ani z\u010faleka tak\u00fd pohnut\u00fd.<\/p>\n\n\n\n<p>&nbsp; &nbsp; &nbsp; &nbsp; &nbsp; &nbsp; \u017dalm 46 vznikol d\u00e1vno pred Lutherom a jeho tvorcovia ur\u010dite nemali na mysli reform\u00e1ciu. Predsa v\u0161ak mali o \u010dom spieva\u0165, preto\u017ee Hospodin neraz ochr\u00e1nil Izrael pred hrozbami okolia. Hoci bol Izrael iba relat\u00edvne mal\u00fdm n\u00e1rodom, Hospodin ho zachoval v Egypte, previedol cez p\u00fa\u0161\u0165, dal mu z\u00edska\u0165 Kana\u00e1n, pomohol mu vyhra\u0165 v mnoh\u00fdch bitk\u00e1ch. Tvorcom \u017ealmu bolo jasn\u00e9, \u017ee to v\u0161etko sa deje z\u00e1sluhou Hospodina a preto sa oni nemusia ni\u010doho b\u00e1\u0165. Hospodin je ten, ktor\u00fd zastavuje vojny, l\u00e1me luky, sek\u00e1 kopije. Jeho moc je tak\u00e1 ve\u013ek\u00e1, \u017ee Zem sa rozplynie ak On vyd\u00e1 hlas. M\u00f4\u017eu hu\u010da\u0165 moria a trias\u0165 sa vrchy, m\u00f4\u017eu zmietnu\u0165 \u010dloveka z povrchu Zeme, Hospodinom to v\u0161ak nezatrasie, On ostane st\u00e1le pevn\u00fd a bude Hradom pre t\u00fdch, ktor\u00ed sa k Nemu bud\u00fa utieka\u0165.<\/p>\n\n\n\n<p>&nbsp; &nbsp; &nbsp; &nbsp; &nbsp; &nbsp; Udalosti okolo Martina Luthera pripom\u00ednali tras\u00facu sa Zem a hu\u010diace more. N\u00e1rod hu\u010dal, Nemeck\u00e1 r\u00ed\u0161a sa zakol\u00edsala, ale Luther sa schoval v hrade svojho Boha a v\u010faka tomu vytrval a\u017e do konca. S\u00e1m vyznal, \u017ee dielo reform\u00e1cie podarilo sa len v\u010faka Bo\u017eej pr\u00edtomnosti a modlitb\u00e1m, ktor\u00e9 vystavali hradbu okolo Luthera a jeho diela.<\/p>\n\n\n\n<p>&nbsp; &nbsp; &nbsp; &nbsp; &nbsp; &nbsp; Kie\u017e n\u00e1m dne\u0161n\u00e1 pamiatka reform\u00e1cie nielen pripomenie tie obdivuhodn\u00e9 a vzru\u0161uj\u00face udalosti, ich v\u00fdznam \u010di ve\u013ekolepos\u0165, ale hlavne nech n\u00e1m uk\u00e1\u017ee, ak\u00e1 ve\u013ek\u00e1 bola Bo\u017eia moc pri Lutherovi a my kie\u017e si uvedom\u00edme, \u017ee ten ist\u00fd Boh, ktor\u00fd vtedy bol hradom pre Luthera, pon\u00faka bezpe\u010die svojho n\u00e1dvoria aj n\u00e1m. Aj my sa m\u00f4\u017eeme k Nemu upn\u00fa\u0165 v \u010dase tras\u00faceho sa sveta, napr\u00edklad aj v \u010dase pand\u00e9mie, u Neho zlo\u017ei\u0165 svoju n\u00e1dej a spo\u013eahn\u00fa\u0165 sa, \u017ee s P\u00e1nom Bohom v\u0161etko pre\u017eijeme, lebo On je na\u0161\u00edm pevn\u00fdm hradom. Amen.<\/p>\n\n\n\n<p>&nbsp; &nbsp; &nbsp; &nbsp; &nbsp; &nbsp; Pomodlime sa:<\/p>\n\n\n\n<p>&nbsp; &nbsp; &nbsp; &nbsp; &nbsp; &nbsp; V\u0161emoh\u00faci a l\u00e1skav\u00fd n\u00e1\u0161 Bo\u017ee, Ty, ktor\u00fd si pevn\u00fdm hradom, stvoril si Zem a stoj\u00ed\u0161 pevne nad \u0148ou, neskl\u00e1ti\u0161 sa a nezatrasie\u0161, ke\u010f sa ona chveje a hu\u010d\u00ed. \u010eakujeme Ti, \u017ee si pevne st\u00e1l pri reform\u00e1torovi Martinovi Lutherovi a t\u00fdch, ktor\u00ed ho pri jeho pr\u00e1ci podporovali. \u010eakujeme Ti, \u017ee v\u010faka tomu smieme dnes po\u010d\u00fava\u0165 \u010dist\u00fa zves\u0165 evanjelia a radova\u0165 sa z Tvojej milosti. Pros\u00edme, bu\u010f aj na\u0161\u00edm prepevn\u00fdm hradom. Aj n\u00e1m otvor svoje br\u00e1ny, prich\u00fd\u013e n\u00e1s do svojho n\u00e1dvoria a ochr\u00e1\u0148 n\u00e1s v \u010dase prevratov a turbulenci\u00ed. Bu\u010f s nami v \u010dase tejto pand\u00e9mie, ale aj v \u010dase na\u0161ich osobn\u00fdch kr\u00edz, neist\u00f4t a zmien. Ver\u00edme, \u017ee s Tebou v\u0161etko zvl\u00e1dneme, lebo Ty si mocn\u00fd, nad v\u0161etk\u00fdm pevne stoj\u00ed\u0161 a v\u0161etko m\u00e1\u0161 pevne v ruk\u00e1ch. Amen.<\/p>\n\n\n\n<p>&nbsp; &nbsp; &nbsp; &nbsp; &nbsp; &nbsp; Teraz spolo\u010dne odriekajme modlitbu P\u00e1novu:<\/p>\n\n\n\n<p>&nbsp; &nbsp; &nbsp; &nbsp; &nbsp; &nbsp; Ot\u010de n\u00e1\u0161, ktor\u00fd si v nebesiach&#8230;<\/p>\n\n\n\n<p><em>5. Viera v\u0161eobecn\u00e1 kres\u0165ansk\u00e1<\/em><\/p>\n\n\n\n<p>&nbsp; &nbsp; &nbsp; &nbsp; &nbsp; &nbsp; Napokon spolo\u010dne vyznajme vieru v trojjedin\u00e9ho Boha slovami Apo\u0161tolsk\u00e9ho vyznania:<\/p>\n\n\n\n<p>&nbsp; &nbsp; &nbsp; &nbsp; &nbsp; &nbsp; Ver\u00edm v Boha Otca v\u0161emoh\u00faceho&#8230;<\/p>\n\n\n\n<p><em>6. Piese\u0148 ES 263<\/em><\/p>\n\n\n\n<p><em>7. Z\u00e1vere\u010dn\u00e9 po\u017eehnanie&nbsp;<\/em><\/p>\n\n\n\n<p>&nbsp; &nbsp; &nbsp; &nbsp; &nbsp; &nbsp; Prijmite po\u017eehnanie:<\/p>\n\n\n\n<p>&nbsp; &nbsp; &nbsp; &nbsp; &nbsp; &nbsp; Milos\u0165 so v\u0161etk\u00fdmi, ktor\u00ed nehyn\u00facou l\u00e1skou miluj\u00fa n\u00e1\u0161ho P\u00e1na Je\u017ei\u0161a Krista. Amen.<\/p>\n\n\n\n<p><\/p>\n","protected":false},"excerpt":{"rendered":"<p>Dom\u00e1ca pobo\u017enos\u0165 na Pamiatku reform\u00e1cie (31. okt\u00f3ber 2020) &nbsp;26.10.20 &nbsp;&nbsp;\u0160tefan Kiss, tajomnik pre misiu GB\u00da &nbsp;&nbsp;Pozv\u00e1nky 1. \u00davod &nbsp; &nbsp; &nbsp; &nbsp; &nbsp; &nbsp; V mene Boha Otca i Syna i Ducha Sv\u00e4t\u00e9ho 2. Piese\u0148 ES 274 3. Odriekanie 10 Bo\u017e\u00edch prik\u00e1zan\u00ed: &nbsp; &nbsp; &nbsp; &nbsp; &nbsp; &nbsp; Aby sme si v\u0161etci spolo\u010dne pripomenuli z\u00e1kon &#8230; <a title=\"Dom\u00e1ca pobo\u017enos\u0165 na Pamiatku reform\u00e1cie\" class=\"read-more\" href=\"https:\/\/www.e-anjelik.sk\/index.php\/2020\/10\/27\/domaca-poboznost-na-pamiatku-reformacie\/\" aria-label=\"Pre\u010d\u00edtajte si viac o Dom\u00e1ca pobo\u017enos\u0165 na Pamiatku reform\u00e1cie\">\u010c\u00edta\u0165 viac<\/a><\/p>\n","protected":false},"author":4,"featured_media":0,"comment_status":"open","ping_status":"open","sticky":false,"template":"","format":"standard","meta":{"footnotes":""},"categories":[121,118,26],"tags":[],"class_list":["post-33955","post","type-post","status-publish","format-standard","hentry","category-kazne","category-myjava","category-pamiatka-reformacie"],"_links":{"self":[{"href":"https:\/\/www.e-anjelik.sk\/index.php\/wp-json\/wp\/v2\/posts\/33955","targetHints":{"allow":["GET"]}}],"collection":[{"href":"https:\/\/www.e-anjelik.sk\/index.php\/wp-json\/wp\/v2\/posts"}],"about":[{"href":"https:\/\/www.e-anjelik.sk\/index.php\/wp-json\/wp\/v2\/types\/post"}],"author":[{"embeddable":true,"href":"https:\/\/www.e-anjelik.sk\/index.php\/wp-json\/wp\/v2\/users\/4"}],"replies":[{"embeddable":true,"href":"https:\/\/www.e-anjelik.sk\/index.php\/wp-json\/wp\/v2\/comments?post=33955"}],"version-history":[{"count":1,"href":"https:\/\/www.e-anjelik.sk\/index.php\/wp-json\/wp\/v2\/posts\/33955\/revisions"}],"predecessor-version":[{"id":33956,"href":"https:\/\/www.e-anjelik.sk\/index.php\/wp-json\/wp\/v2\/posts\/33955\/revisions\/33956"}],"wp:attachment":[{"href":"https:\/\/www.e-anjelik.sk\/index.php\/wp-json\/wp\/v2\/media?parent=33955"}],"wp:term":[{"taxonomy":"category","embeddable":true,"href":"https:\/\/www.e-anjelik.sk\/index.php\/wp-json\/wp\/v2\/categories?post=33955"},{"taxonomy":"post_tag","embeddable":true,"href":"https:\/\/www.e-anjelik.sk\/index.php\/wp-json\/wp\/v2\/tags?post=33955"}],"curies":[{"name":"wp","href":"https:\/\/api.w.org\/{rel}","templated":true}]}}