{"id":33957,"date":"2020-10-27T14:06:53","date_gmt":"2020-10-27T13:06:53","guid":{"rendered":"http:\/\/e-anjelik.sk\/?p=33957"},"modified":"2020-10-31T06:44:08","modified_gmt":"2020-10-31T05:44:08","slug":"pamiatka-reformacie-v-mediach-2020","status":"publish","type":"post","link":"https:\/\/www.e-anjelik.sk\/index.php\/2020\/10\/27\/pamiatka-reformacie-v-mediach-2020\/","title":{"rendered":"Pamiatka reform\u00e1cie v m\u00e9diach 2020"},"content":{"rendered":"\n<h1 class=\"wp-block-heading\">Pamiatka reform\u00e1cie v m\u00e9di\u00e1ch<\/h1>\n\n\n\n<figure class=\"wp-block-image\"><a href=\"https:\/\/www.ecav.sk\/rails\/active_storage\/blobs\/eyJfcmFpbHMiOnsibWVzc2FnZSI6IkJBaHBBbGlUIiwiZXhwIjpudWxsLCJwdXIiOiJibG9iX2lkIn19--fc3df335a041486484cadeba25504653aa98cac3\/reformacia.jpg\"><img decoding=\"async\" src=\"https:\/\/www.ecav.sk\/rails\/active_storage\/representations\/eyJfcmFpbHMiOnsibWVzc2FnZSI6IkJBaHBBbGlUIiwiZXhwIjpudWxsLCJwdXIiOiJibG9iX2lkIn19--fc3df335a041486484cadeba25504653aa98cac3\/eyJfcmFpbHMiOnsibWVzc2FnZSI6IkJBaDdCam9MY21WemFYcGxTU0lJT1RBd0Jqb0dSVlE9IiwiZXhwIjpudWxsLCJwdXIiOiJ2YXJpYXRpb24ifX0=--f83398908a42570f1be2d2870fc3e62f317d893b\/reformacia.jpg\" alt=\"Pamiatka reform\u00e1cie v m\u00e9di\u00e1ch\"\/><\/a><\/figure>\n\n\n\n<ul class=\"wp-block-list\"><li>&nbsp;26.10.20<\/li><li>&nbsp;&nbsp;Jana Nunv\u00e1\u0159ov\u00e1, tla\u010dov\u00e1 tajomn\u00ed\u010dka<\/li><li>&nbsp;<a href=\"https:\/\/www.ecav.sk\/aktuality\/pozvanky\">&nbsp;Pozv\u00e1nky<\/a><\/li><\/ul>\n\n\n\n<p><\/p>\n","protected":false},"excerpt":{"rendered":"<p>Pamiatka reform\u00e1cie v m\u00e9di\u00e1ch &nbsp;26.10.20 &nbsp;&nbsp;Jana Nunv\u00e1\u0159ov\u00e1, tla\u010dov\u00e1 tajomn\u00ed\u010dka &nbsp;&nbsp;Pozv\u00e1nky<\/p>\n","protected":false},"author":4,"featured_media":0,"comment_status":"open","ping_status":"open","sticky":false,"template":"","format":"standard","meta":{"footnotes":""},"categories":[4,2,177,118,26],"tags":[],"class_list":["post-33957","post","type-post","status-publish","format-standard","hentry","category-akcie","category-ekumena","category-gbu","category-myjava","category-pamiatka-reformacie"],"_links":{"self":[{"href":"https:\/\/www.e-anjelik.sk\/index.php\/wp-json\/wp\/v2\/posts\/33957","targetHints":{"allow":["GET"]}}],"collection":[{"href":"https:\/\/www.e-anjelik.sk\/index.php\/wp-json\/wp\/v2\/posts"}],"about":[{"href":"https:\/\/www.e-anjelik.sk\/index.php\/wp-json\/wp\/v2\/types\/post"}],"author":[{"embeddable":true,"href":"https:\/\/www.e-anjelik.sk\/index.php\/wp-json\/wp\/v2\/users\/4"}],"replies":[{"embeddable":true,"href":"https:\/\/www.e-anjelik.sk\/index.php\/wp-json\/wp\/v2\/comments?post=33957"}],"version-history":[{"count":1,"href":"https:\/\/www.e-anjelik.sk\/index.php\/wp-json\/wp\/v2\/posts\/33957\/revisions"}],"predecessor-version":[{"id":33958,"href":"https:\/\/www.e-anjelik.sk\/index.php\/wp-json\/wp\/v2\/posts\/33957\/revisions\/33958"}],"wp:attachment":[{"href":"https:\/\/www.e-anjelik.sk\/index.php\/wp-json\/wp\/v2\/media?parent=33957"}],"wp:term":[{"taxonomy":"category","embeddable":true,"href":"https:\/\/www.e-anjelik.sk\/index.php\/wp-json\/wp\/v2\/categories?post=33957"},{"taxonomy":"post_tag","embeddable":true,"href":"https:\/\/www.e-anjelik.sk\/index.php\/wp-json\/wp\/v2\/tags?post=33957"}],"curies":[{"name":"wp","href":"https:\/\/api.w.org\/{rel}","templated":true}]}}