{"id":33959,"date":"2020-10-27T14:11:55","date_gmt":"2020-10-27T13:11:55","guid":{"rendered":"http:\/\/e-anjelik.sk\/?p=33959"},"modified":"2020-10-31T06:22:23","modified_gmt":"2020-10-31T05:22:23","slug":"pastirsky-list-zboru-biskupov-k-pamiatke-reformacie-2020","status":"publish","type":"post","link":"https:\/\/www.e-anjelik.sk\/index.php\/2020\/10\/27\/pastirsky-list-zboru-biskupov-k-pamiatke-reformacie-2020\/","title":{"rendered":"Pastiersky list Zboru biskupov k Pamiatke reform\u00e1cie 2020"},"content":{"rendered":"\n<h1 class=\"wp-block-heading\">Pastiersky list Zboru biskupov ECAV k Reform\u00e1cii 2020<\/h1>\n\n\n\n<figure class=\"wp-block-image\"><a href=\"https:\/\/www.ecav.sk\/rails\/active_storage\/blobs\/eyJfcmFpbHMiOnsibWVzc2FnZSI6IkJBaHBBanlUIiwiZXhwIjpudWxsLCJwdXIiOiJibG9iX2lkIn19--1011944b93627dbb4ad6f2fc02dc3d97b215bea4\/ecavv.png\"><img decoding=\"async\" src=\"https:\/\/www.ecav.sk\/rails\/active_storage\/representations\/eyJfcmFpbHMiOnsibWVzc2FnZSI6IkJBaHBBanlUIiwiZXhwIjpudWxsLCJwdXIiOiJibG9iX2lkIn19--1011944b93627dbb4ad6f2fc02dc3d97b215bea4\/eyJfcmFpbHMiOnsibWVzc2FnZSI6IkJBaDdCam9MY21WemFYcGxTU0lJT1RBd0Jqb0dSVlE9IiwiZXhwIjpudWxsLCJwdXIiOiJ2YXJpYXRpb24ifX0=--f83398908a42570f1be2d2870fc3e62f317d893b\/ecavv.png\" alt=\"Pastiersky list Zboru biskupov ECAV k Reform\u00e1cii 2020\"\/><\/a><\/figure>\n\n\n\n<ul class=\"wp-block-list\"><li>&nbsp;26.10.20<\/li><li>&nbsp;&nbsp;Zbor biskupov ECAV na Slovenskiu<\/li><li>&nbsp;<a href=\"https:\/\/www.ecav.sk\/aktuality\/stanoviska-a-vyjadrenia\">&nbsp;Stanovisk\u00e1 a vyjadrenia<\/a><\/li><\/ul>\n\n\n\n<p>Mil\u00e9 sestry a mil\u00ed bratia.<br>&nbsp; &nbsp;Tohtoro\u010dn\u00fa pamiatku reform\u00e1cie, spojen\u00fa s 500. v\u00fdro\u010d\u00edm prv\u00e9ho pre\u010d\u00edtania Lutherov\u00fdch 95 t\u00e9z proti odpustkom na \u00fazem\u00ed Slovenska, si pripom\u00edname vo v\u00fdnimo\u010dnej situ\u00e1cii, mimo na\u0161e chr\u00e1my a spolo\u010denstv\u00e1, v ohrozen\u00ed pand\u00e9miou.<br><br>&nbsp; &nbsp;Ale pr\u00e1ve tieto okolnosti m\u00f4\u017eu prinies\u0165 o to prenikavej\u0161ie impulzy k reform\u00e1cii dne\u0161nej cirkvi. Sk\u00fasme sa na niektor\u00e9 z nich pozrie\u0165 vo svetle Bo\u017eieho slova z 1Kor 15, 58:&nbsp;<em>A tak, bratia moji milovan\u00ed, bu\u010fte pevn\u00ed, nekl\u00e1tiv\u00ed, rozhoj\u0148ujte sa st\u00e1le v diele P\u00e1novom, vediac, \u017ee va\u0161a n\u00e1maha nie je m\u00e1rna v P\u00e1novi.<\/em><\/p>\n\n\n\n<p>&nbsp; &nbsp;Pre\u010d\u00edtan\u00fd ver\u0161 a cel\u00e1 15. kapitola 1. listu korintsk\u00fdm kres\u0165anom je v\u00fdzvou k pevnosti a st\u00e1losti vo viere v evanjelium. Jeho jadro pripom\u00edna apo\u0161tol slovami v tre\u0165om a \u0161tvrtom ver\u0161i: \u201eKristus umrel pre na\u0161e hriechy pod\u013ea P\u00edsem a bol pochovan\u00fd a v tret\u00ed de\u0148 bol vzkriesen\u00fd pod\u013ea P\u00edsem.\u201c &nbsp;N\u00e1sledne rozv\u00edja toto evanjelium siln\u00fdm &nbsp;d\u00f4razom na vzkriesenie: \u201eAk Kristus nebol vzkriesen\u00fd, m\u00e1rna je va\u0161a viera.\u201c (v. 17)<\/p>\n\n\n\n<p>&nbsp; &nbsp;Veri\u0165 v P\u00e1na Je\u017ei\u0161a Krista, v jeho smr\u0165 a vzkriesenie znamen\u00e1 istotu. Istotu \u017eivota a z\u00e1chrany. Tak ve\u013emi ju potrebujeme, zvl\u00e1\u0161\u0165 v t\u00fdchto neist\u00fdch \u010dasoch.<\/p>\n\n\n\n<p>&nbsp; &nbsp;Z\u00e1kladom reform\u00e1cie bolo a je zakotvenie v Bo\u017eom slove. Ono je istotou, je st\u00e1le, nemenn\u00e9, zost\u00e1va naveky. T\u00e1to zakotvenos\u0165 n\u00e1m umo\u017e\u0148uje by\u0165 otvoren\u00ed a reflektova\u0165 aj v\u00fdzvy akoko\u013evek b\u00farlivej a premenlivej s\u00fa\u010dasnosti.<\/p>\n\n\n\n<p><strong>Pomenujme tri z nich:<\/strong><\/p>\n\n\n\n<ul class=\"wp-block-list\"><li>Pand\u00e9mia koronav\u00edrusu n\u00e1m st\u00e1le zrete\u013enej\u0161ie ukazuje, \u017ee \u017eivot cirkvi sa men\u00ed. St\u00e1le viac sa odohr\u00e1va vo virtu\u00e1lnom priestore. Je to situ\u00e1cia vyn\u00faten\u00e1 okolnos\u0165ami, ale z\u00e1rove\u0148 zis\u0165ujeme, ak\u00fd je to siln\u00fd n\u00e1stroj zvestovania evanjelia. Nemus\u00edme ho tak vn\u00edma\u0165 iba ako n\u00e1hradu za be\u017en\u00e9 stretnutia, ale ako pr\u00edle\u017eitos\u0165 a v\u00fdzvu k \u0161\u00edreniu zvesti o ukri\u017eovanom a vzkriesenom Kristovi v\u0161etk\u00fdm \u013eu\u010fom, a\u017e do posledn\u00fdch kon\u010d\u00edn zeme.<br>Chceme v\u00e1s v\u0161ak z\u00e1rove\u0148 vyzva\u0165 a poprosi\u0165, aby ste nezab\u00fadali na svoje spolo\u010denstv\u00e1 a aby ste ich neop\u00fa\u0161\u0165ali. Aby hne\u010f ke\u010f to bude mo\u017en\u00e9, ste sa do nich vr\u00e1tili s nov\u00fdm odhodlan\u00edm a nasaden\u00edm pre \u0161\u00edrenie evanjelia a s novou odvahou vyjs\u0165 s jeho posolstvom aj mimo chr\u00e1m.<br>Chceme z\u00e1rove\u0148 po\u010fakova\u0165 v\u0161etk\u00fdm, ktor\u00ed vyu\u017e\u00edvaj\u00fa s\u00fa\u010dasn\u00e9 mo\u017enosti technol\u00f3gi\u00ed na to, aby Bo\u017eie kr\u00e1\u013eovstvo r\u00e1stlo medzi nami.<br><br><\/li><li>Druhou v\u00fdzvou je nov\u00fd z\u00e1kon o financovan\u00ed, ktor\u00fd schv\u00e1lila synoda na\u0161ej cirkvi. Prinesie zmeny. Jeho uskuto\u010d\u0148ovanie v praxi bude vyjadren\u00edm toho, ako n\u00e1m na na\u0161ej cirkvi z\u00e1le\u017e\u00ed a \u010do sme pre \u0148u ochotn\u00ed spravi\u0165 a obetova\u0165. Viac ako o financovanie p\u00f4jde o charakter na\u0161ej cirkvi do bud\u00facnosti. Dok\u00e1\u017eeme udr\u017ea\u0165 pracovn\u00edkov na Bo\u017eom diele a spolo\u010dn\u00fa slu\u017ebu a rozv\u00edja\u0165 ju, alebo &nbsp;budeme musie\u0165 iba \u0161etri\u0165 za ka\u017ed\u00fa cenu a zredukova\u0165 \u010do sa d\u00e1?<br>Prijmite pros\u00edm aj t\u00fato zmenu ako pr\u00edle\u017eitos\u0165 nastavi\u0165 na\u0161u cirkev do bud\u00facnosti spr\u00e1vnym sp\u00f4sobom.<br><br><\/li><li>Tretia v\u00fdzva sa t\u00fdka dobrovo\u013en\u00edctva. Chceme vyzva\u0165 a poprosi\u0165 predov\u0161etk\u00fdm mlad\u00fdch \u013eud\u00ed, aby neprehliadali v\u00fdzvy k dobrovo\u013en\u00edckej pomoci s\u00favisiacej s pand\u00e9miou. Mo\u017enost\u00ed je ve\u013ea. Uk\u00e1\u017eme, \u017ee dok\u00e1\u017eeme o l\u00e1ske, milosrdenstve a obetavosti nielen rozpr\u00e1va\u0165, ale aj nie\u010do spravi\u0165. Toto pozvanie je &nbsp;z\u00e1rove\u0148 pre v\u0161etk\u00fdch, samozrejme pri zv\u00e1\u017een\u00ed &nbsp;zdravotn\u00fdch riz\u00edk a zachovan\u00ed bezpe\u010dnostn\u00fdch opatren\u00ed. Uk\u00e1\u017eme, \u017ee aj v t\u00fdchto ne\u013eahk\u00fdch \u010dasoch vieme dba\u0165 viac na druh\u00fdch, ako na seba.<br>Bu\u010fme pevn\u00ed, nekl\u00e1tiv\u00ed. Skrze P\u00e1na Je\u017ei\u0161a Krista m\u00e1me v\u00ed\u0165azstvo, m\u00e1me \u017eivot. Ako On bol vzkriesen\u00fd z m\u0155tvych, aj my budeme \u017ei\u0165.<\/li><\/ul>\n\n\n\n<p>&nbsp; &nbsp;Prajeme v\u00e1m tak\u00fato vieru, aby ste \u0148ou prekon\u00e1vali ka\u017ed\u00fd strach, osamelos\u0165, stres, chorobu, \u00fanavu, frustr\u00e1cie, utrpenie. Modl\u00edme sa za v\u00e1s, za na\u0161u cirkev aj cel\u00fa situ\u00e1ciu sp\u00f4soben\u00fa koronav\u00edrusom a pros\u00edme, aby ste zostali vern\u00ed a vytrval\u00ed aj na modlitb\u00e1ch. P\u00e1n Je\u017ei\u0161 je v\u00ed\u0165az, On \u017eije, aj my budeme \u017ei\u0165.&nbsp; &nbsp; &nbsp; &nbsp; &nbsp; &nbsp; &nbsp; &nbsp; &nbsp; &nbsp; &nbsp; &nbsp; &nbsp; &nbsp; &nbsp;&nbsp; &nbsp; &nbsp; &nbsp; &nbsp; &nbsp; &nbsp; &nbsp;&nbsp;<\/p>\n\n\n\n<p>J\u00e1n Hrobo\u0148, biskup ZD ECAV<br>Ivan E\u013eko, gen. biskup ECAV<br>Peter Miho\u010d, biskup VD ECAV<\/p>\n\n\n\n<p><\/p>\n","protected":false},"excerpt":{"rendered":"<p>Pastiersky list Zboru biskupov ECAV k Reform\u00e1cii 2020 &nbsp;26.10.20 &nbsp;&nbsp;Zbor biskupov ECAV na Slovenskiu &nbsp;&nbsp;Stanovisk\u00e1 a vyjadrenia Mil\u00e9 sestry a mil\u00ed bratia.&nbsp; &nbsp;Tohtoro\u010dn\u00fa pamiatku reform\u00e1cie, spojen\u00fa s 500. v\u00fdro\u010d\u00edm prv\u00e9ho pre\u010d\u00edtania Lutherov\u00fdch 95 t\u00e9z proti odpustkom na \u00fazem\u00ed Slovenska, si pripom\u00edname vo v\u00fdnimo\u010dnej situ\u00e1cii, mimo na\u0161e chr\u00e1my a spolo\u010denstv\u00e1, v ohrozen\u00ed pand\u00e9miou. &nbsp; &nbsp;Ale pr\u00e1ve &#8230; <a title=\"Pastiersky list Zboru biskupov k Pamiatke reform\u00e1cie 2020\" class=\"read-more\" href=\"https:\/\/www.e-anjelik.sk\/index.php\/2020\/10\/27\/pastirsky-list-zboru-biskupov-k-pamiatke-reformacie-2020\/\" aria-label=\"Pre\u010d\u00edtajte si viac o Pastiersky list Zboru biskupov k Pamiatke reform\u00e1cie 2020\">\u010c\u00edta\u0165 viac<\/a><\/p>\n","protected":false},"author":4,"featured_media":0,"comment_status":"open","ping_status":"open","sticky":false,"template":"","format":"standard","meta":{"footnotes":""},"categories":[193,73,118,26],"tags":[],"class_list":["post-33959","post","type-post","status-publish","format-standard","hentry","category-co-pisu-ini","category-ecav","category-myjava","category-pamiatka-reformacie"],"_links":{"self":[{"href":"https:\/\/www.e-anjelik.sk\/index.php\/wp-json\/wp\/v2\/posts\/33959","targetHints":{"allow":["GET"]}}],"collection":[{"href":"https:\/\/www.e-anjelik.sk\/index.php\/wp-json\/wp\/v2\/posts"}],"about":[{"href":"https:\/\/www.e-anjelik.sk\/index.php\/wp-json\/wp\/v2\/types\/post"}],"author":[{"embeddable":true,"href":"https:\/\/www.e-anjelik.sk\/index.php\/wp-json\/wp\/v2\/users\/4"}],"replies":[{"embeddable":true,"href":"https:\/\/www.e-anjelik.sk\/index.php\/wp-json\/wp\/v2\/comments?post=33959"}],"version-history":[{"count":2,"href":"https:\/\/www.e-anjelik.sk\/index.php\/wp-json\/wp\/v2\/posts\/33959\/revisions"}],"predecessor-version":[{"id":33961,"href":"https:\/\/www.e-anjelik.sk\/index.php\/wp-json\/wp\/v2\/posts\/33959\/revisions\/33961"}],"wp:attachment":[{"href":"https:\/\/www.e-anjelik.sk\/index.php\/wp-json\/wp\/v2\/media?parent=33959"}],"wp:term":[{"taxonomy":"category","embeddable":true,"href":"https:\/\/www.e-anjelik.sk\/index.php\/wp-json\/wp\/v2\/categories?post=33959"},{"taxonomy":"post_tag","embeddable":true,"href":"https:\/\/www.e-anjelik.sk\/index.php\/wp-json\/wp\/v2\/tags?post=33959"}],"curies":[{"name":"wp","href":"https:\/\/api.w.org\/{rel}","templated":true}]}}