{"id":33965,"date":"2020-10-29T22:56:41","date_gmt":"2020-10-29T21:56:41","guid":{"rendered":"http:\/\/e-anjelik.sk\/?p=33965"},"modified":"2020-10-31T06:19:25","modified_gmt":"2020-10-31T05:19:25","slug":"posilnujme-nasu-identitu","status":"publish","type":"post","link":"https:\/\/www.e-anjelik.sk\/index.php\/2020\/10\/29\/posilnujme-nasu-identitu\/","title":{"rendered":"Posil\u0148ujme na\u0161u identitu"},"content":{"rendered":"\n<p>&nbsp; &nbsp; &nbsp; Kompletn\u00e9 vydanie Lutherov\u00fdch kn\u00edh v sloven\u010dine s\u00edce nem\u00e1me, napriek tomu m\u00f4\u017eeme aj v sloven\u010dine (i v \u010de\u0161tine)&nbsp; spozn\u00e1va\u0165 viacer\u00e9 d\u00f4le\u017eit\u00e9 spisy reform\u00e1tora, alebo v\u00fdborn\u00e9 knihy o \u017eivote a diele M.Luthera, alebo preklady jeho d\u00f4le\u017eit\u00fdch reforma\u010dn\u00fdch spisov, a v nie poslednom rade aj v\u0161etky na\u0161e Symbolick\u00e9 knihy (Kniha svornosti). Ako hovoril neb.knihovn\u00edk na Teol.fakulte T.G\u00e1l: len sadn\u00fa\u0165 a \u0161tudova\u0165\u2026<\/p>\n\n\n\n<figure class=\"wp-block-image size-large\"><img decoding=\"async\" src=\"http:\/\/e-anjelik.sk\/wp-content\/uploads\/2020\/10\/IMG_1260.jpg\" alt=\"\" class=\"wp-image-33966\"\/><\/figure>\n\n\n\n<p>\u00a0 \u00a0 \u00a0 S\u00fa\u010dasne sa m\u00f4\u017eeme te\u0161i\u0165 na skor\u00e9 vydanie prekladu \u0160tyroch pote\u0161uj\u00facich \u017dalmov adresovan\u00fdch ovdovelej Uhorskej kr\u00e1\u013eovnej M\u00e1rii, ktor\u00e9 je u\u017e v tla\u010di.\u00a0<\/p>\n\n\n\n<p><\/p>\n\n\n\n<figure class=\"wp-block-image size-large\"><img decoding=\"async\" src=\"http:\/\/e-anjelik.sk\/wp-content\/uploads\/2020\/10\/IMG_1261-1024x768.jpg\" alt=\"\" class=\"wp-image-33968\"\/><\/figure>\n","protected":false},"excerpt":{"rendered":"<p>&nbsp; &nbsp; &nbsp; Kompletn\u00e9 vydanie Lutherov\u00fdch kn\u00edh v sloven\u010dine s\u00edce nem\u00e1me, napriek tomu m\u00f4\u017eeme aj v sloven\u010dine (i v \u010de\u0161tine)&nbsp; spozn\u00e1va\u0165 viacer\u00e9 d\u00f4le\u017eit\u00e9 spisy reform\u00e1tora, alebo v\u00fdborn\u00e9 knihy o \u017eivote a diele M.Luthera, alebo preklady jeho d\u00f4le\u017eit\u00fdch reforma\u010dn\u00fdch spisov, a v nie poslednom rade aj v\u0161etky na\u0161e Symbolick\u00e9 knihy (Kniha svornosti). Ako hovoril neb.knihovn\u00edk na &#8230; <a title=\"Posil\u0148ujme na\u0161u identitu\" class=\"read-more\" href=\"https:\/\/www.e-anjelik.sk\/index.php\/2020\/10\/29\/posilnujme-nasu-identitu\/\" aria-label=\"Pre\u010d\u00edtajte si viac o Posil\u0148ujme na\u0161u identitu\">\u010c\u00edta\u0165 viac<\/a><\/p>\n","protected":false},"author":4,"featured_media":0,"comment_status":"open","ping_status":"open","sticky":false,"template":"","format":"standard","meta":{"footnotes":""},"categories":[22,513,26],"tags":[],"class_list":["post-33965","post","type-post","status-publish","format-standard","hentry","category-evanjelicka-identita","category-knihy","category-pamiatka-reformacie"],"_links":{"self":[{"href":"https:\/\/www.e-anjelik.sk\/index.php\/wp-json\/wp\/v2\/posts\/33965","targetHints":{"allow":["GET"]}}],"collection":[{"href":"https:\/\/www.e-anjelik.sk\/index.php\/wp-json\/wp\/v2\/posts"}],"about":[{"href":"https:\/\/www.e-anjelik.sk\/index.php\/wp-json\/wp\/v2\/types\/post"}],"author":[{"embeddable":true,"href":"https:\/\/www.e-anjelik.sk\/index.php\/wp-json\/wp\/v2\/users\/4"}],"replies":[{"embeddable":true,"href":"https:\/\/www.e-anjelik.sk\/index.php\/wp-json\/wp\/v2\/comments?post=33965"}],"version-history":[{"count":1,"href":"https:\/\/www.e-anjelik.sk\/index.php\/wp-json\/wp\/v2\/posts\/33965\/revisions"}],"predecessor-version":[{"id":33969,"href":"https:\/\/www.e-anjelik.sk\/index.php\/wp-json\/wp\/v2\/posts\/33965\/revisions\/33969"}],"wp:attachment":[{"href":"https:\/\/www.e-anjelik.sk\/index.php\/wp-json\/wp\/v2\/media?parent=33965"}],"wp:term":[{"taxonomy":"category","embeddable":true,"href":"https:\/\/www.e-anjelik.sk\/index.php\/wp-json\/wp\/v2\/categories?post=33965"},{"taxonomy":"post_tag","embeddable":true,"href":"https:\/\/www.e-anjelik.sk\/index.php\/wp-json\/wp\/v2\/tags?post=33965"}],"curies":[{"name":"wp","href":"https:\/\/api.w.org\/{rel}","templated":true}]}}