{"id":33987,"date":"2020-10-31T10:54:48","date_gmt":"2020-10-31T09:54:48","guid":{"rendered":"http:\/\/e-anjelik.sk\/?p=33987"},"modified":"2020-10-31T11:05:51","modified_gmt":"2020-10-31T10:05:51","slug":"martin-orgonik-kunovsky-k-pamiatke-reformacnej","status":"publish","type":"post","link":"https:\/\/www.e-anjelik.sk\/index.php\/2020\/10\/31\/martin-orgonik-kunovsky-k-pamiatke-reformacnej\/","title":{"rendered":"Martin Orgon\u00edk-Kunovsk\u00fd \u2013 K pamiatke reforma\u010dnej"},"content":{"rendered":"\n<p>V\u0161etko v svete zraje, zral\u00e9 pad\u00e1, hynie,<br>len pamiatka sl\u00e1vna nikdy nezahynie!<br>\u010co bolo raz sl\u00e1vne, v\u00fdznam ve\u013ek\u00fd malo,<br>na \u010do \u013eudstvo sveta o\u010di obracalo \u2014<br>rozpomienka toho nikdy nepominie!<\/p>\n\n\n\n<p>V\u0161etko v svete zraje, \u010do bolo, sa trat\u00ed,<br>straten\u00e9 sa nasp\u00e4\u0165 nikdy nenavr\u00e1ti,<br>\u010das za \u010dasom plyne, jako voda be\u017e\u00ed,<br>len t\u00e1 pravda ve\u010dn\u00e1 v\u017edy vo svete le\u017e\u00ed<br>a jej p\u00f4sobenie nikto neukr\u00e1ti.<\/p>\n\n\n\n<p>\u010co svet svetom stoj\u00ed, v\u017edy bola st\u00edhan\u00e1,<br>nie raz moci s\u00fadu svetsk\u00e9ho vydan\u00e1:<br>prenes\u00fac kr\u00ed\u017e \u0165a\u017ek\u00fd \u2014 o\u017eivela zase<br>a sl\u00e1vnej\u0161ou bola jak v predo\u0161lom \u010dase.<br>pretrvala v\u0161etk\u00fdch: sudcu i tyrana.<\/p>\n\n\n\n<p>My si toto v\u0161etko preto spom\u00edname,<br>\u017ee pamiatku v\u00e1\u017enu tie\u017e zasv\u00e4ti\u0165 m\u00e1me:<br>obnovenie cirkvi Spasite\u013ea Krista,<br>Martinom Lutherom, aby bola \u010dist\u00e1,<br>meno jeho v\u0161etk\u00fdm ve\u013emi dobre zn\u00e1me.<\/p>\n\n\n\n<p>Bo\u017e\u00ed to bol \u010dlovek, lebo videl bludy,<br>ktor\u00e9 cirkev hnali ve\u010dnej do z\u00e1huby;<br>zdvihol svoje slovo proti mocn\u00fdm sveta:<br>\u201eTak mi Boh pom\u00e1haj&#8216;!\u201c \u2014 bola jeho veta,<br>nev\u0161\u00edmal si kliatby, nev\u0161\u00edmal si s\u00fady.<\/p>\n\n\n\n<p>Boh ho neopustil, v diele mu pom\u00e1hal,<br>slovom pravdy Bo\u017eej ka\u017ed\u00fd blud prevl\u00e1dal, <br>tak odstr\u00e1nil z cirkvi falo\u0161n\u00e9 u\u010denie,<br>ke\u010f i za peniaze hriechov odpustenie<br>z hist\u00f3rie zn\u00e1my mn\u00edch Tetzel pred\u00e1val.<\/p>\n\n\n\n<p>V ten \u010das chopil Luther pero v ruku svoju<br>a nap\u00edsal mocn\u00e9 v\u00fdpovede k boju<br>a pribil ich smelo na chr\u00e1m Wittenbergu,<br>lebo c\u00edtil v sebe vieru v Boha ve\u013ek\u00fa \u2014<br>vedel, \u017ee odol\u00e1 neprajn\u00e9mu vzdoru.<\/p>\n\n\n\n<p>My sme sa tie\u017e stali jeho u\u010den\u00edci<br>a darmo n\u00e1m \u0161kodia na\u0161i neprajn\u00edci:<br>cirkev na\u0161a stoji ako hrad na skale,<br>postavenie svoje opev\u0148uje st\u00e1le \u2014<br>ver&#8216; darmo n\u00e1m \u0161kodia mnoh\u00ed rozkoln\u00edci!<\/p>\n\n\n\n<p>Len sa dr\u017eme svojho \u2014 cirkev na\u0161a \u010dist\u00e1,<br>bo je zalo\u017een\u00e1 na z\u00e1klade Krista;<br>a kto vieru svoju v ten z\u00e1klad polo\u017eil,<br>pre toho P\u00e1n sl\u00e1vnu korunu odlo\u017eil,<br>t\u00e1 ho ver\u2019 neminie, t\u00e1 mu bude ist\u00e1!<\/p>\n\n\n\n<p><em>(1913)<\/em><\/p>\n","protected":false},"excerpt":{"rendered":"<p>V\u0161etko v svete zraje, zral\u00e9 pad\u00e1, hynie,len pamiatka sl\u00e1vna nikdy nezahynie!\u010co bolo raz sl\u00e1vne, v\u00fdznam ve\u013ek\u00fd malo,na \u010do \u013eudstvo sveta o\u010di obracalo \u2014rozpomienka toho nikdy nepominie! V\u0161etko v svete zraje, \u010do bolo, sa trat\u00ed,straten\u00e9 sa nasp\u00e4\u0165 nikdy nenavr\u00e1ti,\u010das za \u010dasom plyne, jako voda be\u017e\u00ed,len t\u00e1 pravda ve\u010dn\u00e1 v\u017edy vo svete le\u017e\u00eda jej p\u00f4sobenie nikto neukr\u00e1ti. &#8230; <a title=\"Martin Orgon\u00edk-Kunovsk\u00fd \u2013 K pamiatke reforma\u010dnej\" class=\"read-more\" href=\"https:\/\/www.e-anjelik.sk\/index.php\/2020\/10\/31\/martin-orgonik-kunovsky-k-pamiatke-reformacnej\/\" aria-label=\"Pre\u010d\u00edtajte si viac o Martin Orgon\u00edk-Kunovsk\u00fd \u2013 K pamiatke reforma\u010dnej\">\u010c\u00edta\u0165 viac<\/a><\/p>\n","protected":false},"author":3,"featured_media":0,"comment_status":"open","ping_status":"open","sticky":false,"template":"","format":"standard","meta":{"footnotes":""},"categories":[26,165],"tags":[],"class_list":["post-33987","post","type-post","status-publish","format-standard","hentry","category-pamiatka-reformacie","category-poezia-2"],"_links":{"self":[{"href":"https:\/\/www.e-anjelik.sk\/index.php\/wp-json\/wp\/v2\/posts\/33987","targetHints":{"allow":["GET"]}}],"collection":[{"href":"https:\/\/www.e-anjelik.sk\/index.php\/wp-json\/wp\/v2\/posts"}],"about":[{"href":"https:\/\/www.e-anjelik.sk\/index.php\/wp-json\/wp\/v2\/types\/post"}],"author":[{"embeddable":true,"href":"https:\/\/www.e-anjelik.sk\/index.php\/wp-json\/wp\/v2\/users\/3"}],"replies":[{"embeddable":true,"href":"https:\/\/www.e-anjelik.sk\/index.php\/wp-json\/wp\/v2\/comments?post=33987"}],"version-history":[{"count":2,"href":"https:\/\/www.e-anjelik.sk\/index.php\/wp-json\/wp\/v2\/posts\/33987\/revisions"}],"predecessor-version":[{"id":33995,"href":"https:\/\/www.e-anjelik.sk\/index.php\/wp-json\/wp\/v2\/posts\/33987\/revisions\/33995"}],"wp:attachment":[{"href":"https:\/\/www.e-anjelik.sk\/index.php\/wp-json\/wp\/v2\/media?parent=33987"}],"wp:term":[{"taxonomy":"category","embeddable":true,"href":"https:\/\/www.e-anjelik.sk\/index.php\/wp-json\/wp\/v2\/categories?post=33987"},{"taxonomy":"post_tag","embeddable":true,"href":"https:\/\/www.e-anjelik.sk\/index.php\/wp-json\/wp\/v2\/tags?post=33987"}],"curies":[{"name":"wp","href":"https:\/\/api.w.org\/{rel}","templated":true}]}}