{"id":33998,"date":"2020-10-31T22:30:32","date_gmt":"2020-10-31T21:30:32","guid":{"rendered":"http:\/\/e-anjelik.sk\/?p=33998"},"modified":"2020-10-31T22:30:32","modified_gmt":"2020-10-31T21:30:32","slug":"daniel-m-fakla-keby-si-dnes-otce-luther-s-nami-zil","status":"publish","type":"post","link":"https:\/\/www.e-anjelik.sk\/index.php\/2020\/10\/31\/daniel-m-fakla-keby-si-dnes-otce-luther-s-nami-zil\/","title":{"rendered":"Daniel M.Fakla: Keby si dnes, ot\u010de Luther, s nami \u017eil"},"content":{"rendered":"\n<p>Daniel M.Fakla&nbsp; &nbsp;<\/p>\n\n\n\n<p><strong><em>Keby si dnes, ot\u010de Luther, s nami \u017eil<\/em><\/strong><\/p>\n\n\n\n<p><em>Keby si dnes, ot\u010de Luther, s nami \u017eil,<\/em><\/p>\n\n\n\n<p><em>vzal by si zas v\u00fdzbroj Bo\u017eiu na seba.<\/em><\/p>\n\n\n\n<p><em>Knihu kn\u00edh od prachu mnoh\u00fdm opr\u00e1\u0161il<\/em><\/p>\n\n\n\n<p><em>a hladn\u00fdm pon\u00fakol ve\u010dn\u00fd dar chleba.<\/em><\/p>\n\n\n\n<p><em>Keby si dnes na katedru vst\u00fapil,<\/em><\/p>\n\n\n\n<p><em>vyhnal by si z du\u0161\u00ed pochybnos\u0165 a strach.<\/em><\/p>\n\n\n\n<p><em>Sved\u010dil o Tom, ktor\u00fd kalich smrti pil,<\/em><\/p>\n\n\n\n<p><em>a pohrozil v\u0161etk\u00fdm, \u010do na Neho h\u00e1d\u017eu prach!<\/em><\/p>\n\n\n\n<p><em>Keby si dnes pod chr\u00e1mov\u00e9 klenby zav\u00edtal,<\/em><\/p>\n\n\n\n<p><em>srdcia by si viedol do sne\u010dn\u00fdch dn\u00ed,<\/em><\/p>\n\n\n\n<p><em>me\u010dom Ducha do tmy hriechov by si \u0165al,<\/em><\/p>\n\n\n\n<p><em>s nami jasal, \u017ee sie\u0165 zmizla, my sme slobodn\u00ed!<\/em><\/p>\n\n\n\n<p><em>Keby si dnes vo\u0161iel pod n\u00e1\u0161 rodn\u00fd krov,<\/em><\/p>\n\n\n\n<p><em>volal by si odcudzen\u00fdch ku stolu.<\/em><\/p>\n\n\n\n<p><em>K hodom L\u00e1sky, kde niet pr\u00e1zdnych, klamn\u00fdch slov,<\/em><\/p>\n\n\n\n<p><em>len Duch, ktor\u00fd sp\u00e1ja v\u0161etk\u00fdch pospolu.<\/em><\/p>\n\n\n\n<p><em>Keby si dnes vkro\u010dil tam, kde svetsk\u00fd regiment,<\/em><\/p>\n\n\n\n<p><em>nezastavil by si dej\u00edn hviezdne hodiny.<\/em><\/p>\n\n\n\n<p><em>Pred jadrovou zimou rad\u0161ej by si br\u00e1nil kontinent,<\/em><\/p>\n\n\n\n<p><em>stromy mieru sadil pre bud\u00face rodiny\u2026!<\/em><\/p>\n\n\n\n<p><em>V\u010faka ti dnes, ot\u010de Luther, za tvoj vz\u00e1cny vklad,<\/em><\/p>\n\n\n\n<p><em>\u010do si vlo\u017eil do trezoru v\u0161etk\u00fdch storo\u010d\u00ed.<\/em><\/p>\n\n\n\n<p><em>V oce\u00e1ne Tvojho diela skryt\u00fd je poklad,<\/em><\/p>\n\n\n\n<p><em>\u010do P\u00e1n, ten najvy\u0161\u0161\u00ed Spr\u00e1vca, ve\u010dne z\u00faro\u010d\u00ed.<\/em><\/p>\n\n\n\n<p><em>&nbsp;&nbsp; Daniel M.Fakla ( 27.9.1924- 19.5.2010) &#8211; ev.a.v.far\u00e1r, publicista a autor duchovnej po\u00e9zie &#8211; nap\u00edsal pre Tranovsk\u00e9ho evanj.kalend\u00e1r na rok 2011<\/em><br><\/p>\n","protected":false},"excerpt":{"rendered":"<p>Daniel M.Fakla&nbsp; &nbsp; Keby si dnes, ot\u010de Luther, s nami \u017eil Keby si dnes, ot\u010de Luther, s nami \u017eil, vzal by si zas v\u00fdzbroj Bo\u017eiu na seba. Knihu kn\u00edh od prachu mnoh\u00fdm opr\u00e1\u0161il a hladn\u00fdm pon\u00fakol ve\u010dn\u00fd dar chleba. Keby si dnes na katedru vst\u00fapil, vyhnal by si z du\u0161\u00ed pochybnos\u0165 a strach. Sved\u010dil o &#8230; <a title=\"Daniel M.Fakla: Keby si dnes, ot\u010de Luther, s nami \u017eil\" class=\"read-more\" href=\"https:\/\/www.e-anjelik.sk\/index.php\/2020\/10\/31\/daniel-m-fakla-keby-si-dnes-otce-luther-s-nami-zil\/\" aria-label=\"Pre\u010d\u00edtajte si viac o Daniel M.Fakla: Keby si dnes, ot\u010de Luther, s nami \u017eil\">\u010c\u00edta\u0165 viac<\/a><\/p>\n","protected":false},"author":4,"featured_media":0,"comment_status":"open","ping_status":"open","sticky":false,"template":"","format":"standard","meta":{"footnotes":""},"categories":[195,26,165],"tags":[],"class_list":["post-33998","post","type-post","status-publish","format-standard","hentry","category-evanjelicke-slovensko","category-pamiatka-reformacie","category-poezia-2"],"_links":{"self":[{"href":"https:\/\/www.e-anjelik.sk\/index.php\/wp-json\/wp\/v2\/posts\/33998","targetHints":{"allow":["GET"]}}],"collection":[{"href":"https:\/\/www.e-anjelik.sk\/index.php\/wp-json\/wp\/v2\/posts"}],"about":[{"href":"https:\/\/www.e-anjelik.sk\/index.php\/wp-json\/wp\/v2\/types\/post"}],"author":[{"embeddable":true,"href":"https:\/\/www.e-anjelik.sk\/index.php\/wp-json\/wp\/v2\/users\/4"}],"replies":[{"embeddable":true,"href":"https:\/\/www.e-anjelik.sk\/index.php\/wp-json\/wp\/v2\/comments?post=33998"}],"version-history":[{"count":1,"href":"https:\/\/www.e-anjelik.sk\/index.php\/wp-json\/wp\/v2\/posts\/33998\/revisions"}],"predecessor-version":[{"id":33999,"href":"https:\/\/www.e-anjelik.sk\/index.php\/wp-json\/wp\/v2\/posts\/33998\/revisions\/33999"}],"wp:attachment":[{"href":"https:\/\/www.e-anjelik.sk\/index.php\/wp-json\/wp\/v2\/media?parent=33998"}],"wp:term":[{"taxonomy":"category","embeddable":true,"href":"https:\/\/www.e-anjelik.sk\/index.php\/wp-json\/wp\/v2\/categories?post=33998"},{"taxonomy":"post_tag","embeddable":true,"href":"https:\/\/www.e-anjelik.sk\/index.php\/wp-json\/wp\/v2\/tags?post=33998"}],"curies":[{"name":"wp","href":"https:\/\/api.w.org\/{rel}","templated":true}]}}