{"id":3401,"date":"2011-02-23T11:51:57","date_gmt":"2011-02-23T11:51:57","guid":{"rendered":"http:\/\/e-anjelik.sk\/?p=3401"},"modified":"2011-02-23T11:51:57","modified_gmt":"2011-02-23T11:51:57","slug":"vysla-nova-agenda-postne-obdobie-a-velka-noc-velkd","status":"publish","type":"post","link":"https:\/\/www.e-anjelik.sk\/index.php\/2011\/02\/23\/vysla-nova-agenda-postne-obdobie-a-velka-noc-velkd\/","title":{"rendered":"Vy\u0161la nov\u00e1 Agenda &#8222;P\u00f4stne obdobie a Ve\u013ek\u00e1 noc&#8220; VELKD"},"content":{"rendered":"<p>V luter&aacute;nskom vydavate\u013estve v Hannoveri vy&scaron;la nov&aacute;, prepracovan&aacute; a na z&aacute;klade pripomienok odborn&iacute;kov a ohlasov \u010dlensk&yacute;ch cirkv&iacute; Spojenej luter&aacute;nskej cirkvi Nemecka (VELKD) &nbsp;zostaven&aacute; Agenda &quot;P&ocirc;stn&eacute; obdobie a Ve\u013ek&aacute; noc.&quot; Agenda pon&uacute;ka poriadok slu\u017eieb Bo\u017e&iacute;ch od Popolcovej stredy a\u017e po Ve\u013ekono\u010dn&yacute; pondelok, pri\u010dom najvy&scaron;&scaron;&iacute;m vrcholom je Ve\u013ek&yacute; t&yacute;\u017ede\u0148, t.j. \u010das od Kvetnej nedele po Noc vzkriesenia. Agenda pon&uacute;ka jednoduch&eacute; i bohat&eacute; liturgie, zostavovatelia nezabudli ani na milovn&iacute;kov gregori&aacute;nskych spevov \u010di spevov Taiz&eacute;.Ide o prv&yacute; diel Agendy. Jeho cena je 29.90 &euro;, plus po&scaron;tovn&eacute;. Pr&iacute;padn&iacute; z&aacute;ujemcovia si ju m&ocirc;\u017eu objedna\u0165&nbsp; po nemecky na&nbsp; mailovej adrese: <a href=\"mailto:wisch@lvh.de\">wisch@lvh.de<\/a> .<\/p>\n<p>(<a href=\"http:\/\/www.ekd.de\">www.ekd.de<\/a>)<\/p>\n","protected":false},"excerpt":{"rendered":"<p>V luter&aacute;nskom vydavate\u013estve v Hannoveri vy&scaron;la nov&aacute;, prepracovan&aacute; a na z&aacute;klade pripomienok odborn&iacute;kov a ohlasov \u010dlensk&yacute;ch cirkv&iacute; Spojenej luter&aacute;nskej cirkvi Nemecka (VELKD) &nbsp;zostaven&aacute; Agenda &quot;P&ocirc;stn&eacute; obdobie a Ve\u013ek&aacute; noc.&quot; Agenda pon&uacute;ka poriadok slu\u017eieb Bo\u017e&iacute;ch od Popolcovej stredy a\u017e po Ve\u013ekono\u010dn&yacute; pondelok, pri\u010dom najvy&scaron;&scaron;&iacute;m vrcholom je Ve\u013ek&yacute; t&yacute;\u017ede\u0148, t.j. \u010das od Kvetnej nedele po Noc vzkriesenia. &#8230; <a title=\"Vy\u0161la nov\u00e1 Agenda &#8222;P\u00f4stne obdobie a Ve\u013ek\u00e1 noc&#8220; VELKD\" class=\"read-more\" href=\"https:\/\/www.e-anjelik.sk\/index.php\/2011\/02\/23\/vysla-nova-agenda-postne-obdobie-a-velka-noc-velkd\/\" aria-label=\"Pre\u010d\u00edtajte si viac o Vy\u0161la nov\u00e1 Agenda &#8222;P\u00f4stne obdobie a Ve\u013ek\u00e1 noc&#8220; VELKD\">\u010c\u00edta\u0165 viac<\/a><\/p>\n","protected":false},"author":22,"featured_media":0,"comment_status":"open","ping_status":"open","sticky":false,"template":"","format":"standard","meta":{"footnotes":""},"categories":[25,233],"tags":[249],"class_list":["post-3401","post","type-post","status-publish","format-standard","hentry","category-liturgia","category-modlitby","tag-bohosluzby"],"_links":{"self":[{"href":"https:\/\/www.e-anjelik.sk\/index.php\/wp-json\/wp\/v2\/posts\/3401","targetHints":{"allow":["GET"]}}],"collection":[{"href":"https:\/\/www.e-anjelik.sk\/index.php\/wp-json\/wp\/v2\/posts"}],"about":[{"href":"https:\/\/www.e-anjelik.sk\/index.php\/wp-json\/wp\/v2\/types\/post"}],"author":[{"embeddable":true,"href":"https:\/\/www.e-anjelik.sk\/index.php\/wp-json\/wp\/v2\/users\/22"}],"replies":[{"embeddable":true,"href":"https:\/\/www.e-anjelik.sk\/index.php\/wp-json\/wp\/v2\/comments?post=3401"}],"version-history":[{"count":0,"href":"https:\/\/www.e-anjelik.sk\/index.php\/wp-json\/wp\/v2\/posts\/3401\/revisions"}],"wp:attachment":[{"href":"https:\/\/www.e-anjelik.sk\/index.php\/wp-json\/wp\/v2\/media?parent=3401"}],"wp:term":[{"taxonomy":"category","embeddable":true,"href":"https:\/\/www.e-anjelik.sk\/index.php\/wp-json\/wp\/v2\/categories?post=3401"},{"taxonomy":"post_tag","embeddable":true,"href":"https:\/\/www.e-anjelik.sk\/index.php\/wp-json\/wp\/v2\/tags?post=3401"}],"curies":[{"name":"wp","href":"https:\/\/api.w.org\/{rel}","templated":true}]}}