{"id":34016,"date":"2020-11-01T09:17:32","date_gmt":"2020-11-01T08:17:32","guid":{"rendered":"http:\/\/e-anjelik.sk\/?p=34016"},"modified":"2020-11-01T09:17:32","modified_gmt":"2020-11-01T08:17:32","slug":"ladislav-fricovsky-otvorene-dvere","status":"publish","type":"post","link":"https:\/\/www.e-anjelik.sk\/index.php\/2020\/11\/01\/ladislav-fricovsky-otvorene-dvere\/","title":{"rendered":"Ladislav Fri\u010dovsk\u00fd &#8211; Otvoren\u00e9 dvere"},"content":{"rendered":"\n<p>Tie dvere\ns\u00fa v\u017edy otvoren\u00e9<br>\na b\u00fa\u0161i\u0165 na ne netreba. <br>\nNikto \u0165a od nich neod\u017eenie, <br>\nak t\u00fa\u017ei\u0161 vkro\u010di\u0165 do neba. <\/p>\n\n\n\n<p>Bez\nz\u00e1mkov s\u00fa, z\u00e1vor a haspier, <br>\nelektronick\u00fdch sign\u00e1lov, <br>\nodol\u00e1vaj\u00fac plamu vatier, <br>\nnie tak \u0161t\u00edt, sk\u00f4r s\u00fa ozdobou, <\/p>\n\n\n\n<p>ktorou sa\nven\u010dia v\u00ed\u0165azovia, <br>\n\u010do dokon\u010dili dobr\u00fd boj <br>\n\u017eivota, nie pr\u00e1zdneho slova &#8211; <br>\na v du\u0161i sv\u00e4t\u00fd nepokoj, <\/p>\n\n\n\n<p>\u010do n\u00fati i\nn\u00e1s kro\u010di\u0165 napred, <br>\npred prek\u00e1\u017ekami nezasta\u0165. <br>\nVyzn\u00e1va\u0165 vieru a nezaprie\u0165. <br>\nRozsieva\u0165 i \u00farodu bra\u0165. <\/p>\n\n\n\n<p>Tie dvere\ns\u00fa v\u017edy otvoren\u00e9, <br>\nak pr\u00edde\u0161 ako mil\u00fd hos\u0165. <br>\nP\u00e1n vol\u00e1 svojich, zve po mene. <br>\nTreba len jedno: \u00eds\u0165 a vojs\u0165!<\/p>\n","protected":false},"excerpt":{"rendered":"<p>Tie dvere s\u00fa v\u017edy otvoren\u00e9 a b\u00fa\u0161i\u0165 na ne netreba. Nikto \u0165a od nich neod\u017eenie, ak t\u00fa\u017ei\u0161 vkro\u010di\u0165 do neba. Bez z\u00e1mkov s\u00fa, z\u00e1vor a haspier, elektronick\u00fdch sign\u00e1lov, odol\u00e1vaj\u00fac plamu vatier, nie tak \u0161t\u00edt, sk\u00f4r s\u00fa ozdobou, ktorou sa ven\u010dia v\u00ed\u0165azovia, \u010do dokon\u010dili dobr\u00fd boj \u017eivota, nie pr\u00e1zdneho slova &#8211; a v du\u0161i sv\u00e4t\u00fd nepokoj, &#8230; <a title=\"Ladislav Fri\u010dovsk\u00fd &#8211; Otvoren\u00e9 dvere\" class=\"read-more\" href=\"https:\/\/www.e-anjelik.sk\/index.php\/2020\/11\/01\/ladislav-fricovsky-otvorene-dvere\/\" aria-label=\"Pre\u010d\u00edtajte si viac o Ladislav Fri\u010dovsk\u00fd &#8211; Otvoren\u00e9 dvere\">\u010c\u00edta\u0165 viac<\/a><\/p>\n","protected":false},"author":3,"featured_media":0,"comment_status":"open","ping_status":"open","sticky":false,"template":"","format":"standard","meta":{"footnotes":""},"categories":[281,165],"tags":[],"class_list":["post-34016","post","type-post","status-publish","format-standard","hentry","category-pamiatka-zosnulych","category-poezia-2"],"_links":{"self":[{"href":"https:\/\/www.e-anjelik.sk\/index.php\/wp-json\/wp\/v2\/posts\/34016","targetHints":{"allow":["GET"]}}],"collection":[{"href":"https:\/\/www.e-anjelik.sk\/index.php\/wp-json\/wp\/v2\/posts"}],"about":[{"href":"https:\/\/www.e-anjelik.sk\/index.php\/wp-json\/wp\/v2\/types\/post"}],"author":[{"embeddable":true,"href":"https:\/\/www.e-anjelik.sk\/index.php\/wp-json\/wp\/v2\/users\/3"}],"replies":[{"embeddable":true,"href":"https:\/\/www.e-anjelik.sk\/index.php\/wp-json\/wp\/v2\/comments?post=34016"}],"version-history":[{"count":1,"href":"https:\/\/www.e-anjelik.sk\/index.php\/wp-json\/wp\/v2\/posts\/34016\/revisions"}],"predecessor-version":[{"id":34017,"href":"https:\/\/www.e-anjelik.sk\/index.php\/wp-json\/wp\/v2\/posts\/34016\/revisions\/34017"}],"wp:attachment":[{"href":"https:\/\/www.e-anjelik.sk\/index.php\/wp-json\/wp\/v2\/media?parent=34016"}],"wp:term":[{"taxonomy":"category","embeddable":true,"href":"https:\/\/www.e-anjelik.sk\/index.php\/wp-json\/wp\/v2\/categories?post=34016"},{"taxonomy":"post_tag","embeddable":true,"href":"https:\/\/www.e-anjelik.sk\/index.php\/wp-json\/wp\/v2\/tags?post=34016"}],"curies":[{"name":"wp","href":"https:\/\/api.w.org\/{rel}","templated":true}]}}