{"id":3403,"date":"2011-02-25T09:24:11","date_gmt":"2011-02-25T09:24:11","guid":{"rendered":"http:\/\/e-anjelik.sk\/?p=3403"},"modified":"2011-02-25T09:24:11","modified_gmt":"2011-02-25T09:24:11","slug":"nedostatok-vychovy-k-duchovnemu-a-kulturnemu-dedicstvu-mladeho-pokolenia-v-estonsku","status":"publish","type":"post","link":"https:\/\/www.e-anjelik.sk\/index.php\/2011\/02\/25\/nedostatok-vychovy-k-duchovnemu-a-kulturnemu-dedicstvu-mladeho-pokolenia-v-estonsku\/","title":{"rendered":"Nedostatok v\u00fdchovy k duchovn\u00e9mu a kult\u00farnemu dedi\u010dstvu mlad\u00e9ho pokolenia v Est\u00f3nsku"},"content":{"rendered":"<p>24. febru&aacute;ra 2011 z pr&iacute;le\u017eitosti D\u0148a nez&aacute;vislosti Est&oacute;nskej republiky vyst&uacute;pil k verejnosti arcibiskup Est&oacute;nskej ev. lut. cirkvi Anders Poeder. Pod\u013ea neho v &scaron;kol&aacute;ch ch&yacute;ba &uacute;plne v&yacute;chova k duchovn&eacute;mu dedi\u010dstvu.&nbsp; Okrem toho si mysl&iacute;, \u017ee &scaron;t&aacute;t venuje ve\u013emi m&aacute;lo pozornosti zachovaniu kult&uacute;rneho dedi\u010dstva. Vy\u010d&iacute;slil to na pr&iacute;klade : k&yacute;m v r. 2007 bolo v krajine do 500&nbsp; architektonick&yacute;ch pam&auml;tn&iacute;kov v havarijnom stave, dnes sa tento po\u010det zv&yacute;&scaron;il &scaron;tvorn&aacute;sobne. &quot;De\u0148 zrodu &scaron;t&aacute;tu n&aacute;m pripom&iacute;na, \u017ee nez&aacute;vislos\u0165 znamen&aacute; povinnos\u0165 chr&aacute;ni\u0165, odovzd&aacute;va\u0165 a rozv&iacute;ja\u0165 kult&uacute;rne dedi\u010dstvo st&aacute;ro\u010d&iacute;. &quot; povedal arcibiskup.&nbsp;&nbsp;<\/p>\n<p>(<a href=\"http:\/\/www.baznica.info\">www.baznica.info<\/a>)<\/p>\n","protected":false},"excerpt":{"rendered":"<p>24. febru&aacute;ra 2011 z pr&iacute;le\u017eitosti D\u0148a nez&aacute;vislosti Est&oacute;nskej republiky vyst&uacute;pil k verejnosti arcibiskup Est&oacute;nskej ev. lut. cirkvi Anders Poeder. Pod\u013ea neho v &scaron;kol&aacute;ch ch&yacute;ba &uacute;plne v&yacute;chova k duchovn&eacute;mu dedi\u010dstvu.&nbsp; Okrem toho si mysl&iacute;, \u017ee &scaron;t&aacute;t venuje ve\u013emi m&aacute;lo pozornosti zachovaniu kult&uacute;rneho dedi\u010dstva. Vy\u010d&iacute;slil to na pr&iacute;klade : k&yacute;m v r. 2007 bolo v krajine do &#8230; <a title=\"Nedostatok v\u00fdchovy k duchovn\u00e9mu a kult\u00farnemu dedi\u010dstvu mlad\u00e9ho pokolenia v Est\u00f3nsku\" class=\"read-more\" href=\"https:\/\/www.e-anjelik.sk\/index.php\/2011\/02\/25\/nedostatok-vychovy-k-duchovnemu-a-kulturnemu-dedicstvu-mladeho-pokolenia-v-estonsku\/\" aria-label=\"Pre\u010d\u00edtajte si viac o Nedostatok v\u00fdchovy k duchovn\u00e9mu a kult\u00farnemu dedi\u010dstvu mlad\u00e9ho pokolenia v Est\u00f3nsku\">\u010c\u00edta\u0165 viac<\/a><\/p>\n","protected":false},"author":22,"featured_media":0,"comment_status":"open","ping_status":"open","sticky":false,"template":"","format":"standard","meta":{"footnotes":""},"categories":[20,10],"tags":[],"class_list":["post-3403","post","type-post","status-publish","format-standard","hentry","category-baltikum","category-zo-sveta"],"_links":{"self":[{"href":"https:\/\/www.e-anjelik.sk\/index.php\/wp-json\/wp\/v2\/posts\/3403","targetHints":{"allow":["GET"]}}],"collection":[{"href":"https:\/\/www.e-anjelik.sk\/index.php\/wp-json\/wp\/v2\/posts"}],"about":[{"href":"https:\/\/www.e-anjelik.sk\/index.php\/wp-json\/wp\/v2\/types\/post"}],"author":[{"embeddable":true,"href":"https:\/\/www.e-anjelik.sk\/index.php\/wp-json\/wp\/v2\/users\/22"}],"replies":[{"embeddable":true,"href":"https:\/\/www.e-anjelik.sk\/index.php\/wp-json\/wp\/v2\/comments?post=3403"}],"version-history":[{"count":0,"href":"https:\/\/www.e-anjelik.sk\/index.php\/wp-json\/wp\/v2\/posts\/3403\/revisions"}],"wp:attachment":[{"href":"https:\/\/www.e-anjelik.sk\/index.php\/wp-json\/wp\/v2\/media?parent=3403"}],"wp:term":[{"taxonomy":"category","embeddable":true,"href":"https:\/\/www.e-anjelik.sk\/index.php\/wp-json\/wp\/v2\/categories?post=3403"},{"taxonomy":"post_tag","embeddable":true,"href":"https:\/\/www.e-anjelik.sk\/index.php\/wp-json\/wp\/v2\/tags?post=3403"}],"curies":[{"name":"wp","href":"https:\/\/api.w.org\/{rel}","templated":true}]}}