{"id":34033,"date":"2020-11-02T09:18:57","date_gmt":"2020-11-02T08:18:57","guid":{"rendered":"http:\/\/e-anjelik.sk\/?p=34033"},"modified":"2020-11-02T09:57:55","modified_gmt":"2020-11-02T08:57:55","slug":"instalacia-biskupa-v-seavc-v-srbsku","status":"publish","type":"post","link":"https:\/\/www.e-anjelik.sk\/index.php\/2020\/11\/02\/instalacia-biskupa-v-seavc-v-srbsku\/","title":{"rendered":"In\u0161tal\u00e1cia biskupa v SEAVC v Srbsku"},"content":{"rendered":"\n<p><a href=\"http:\/\/www.kulpin.net\/22-aktuality\/aktuality\/11067-instalovany-jaroslav-javornik-biskup-seavc-v-srbsku\">In\u0161talovan\u00fd Jaroslav Javorn\u00edk, biskup SEAVC v Srbsku<\/a><\/p>\n\n\n\n<figure class=\"wp-block-image size-large\"><img decoding=\"async\" src=\"http:\/\/e-anjelik.sk\/wp-content\/uploads\/2020\/11\/foto26-1024x682.jpg\" alt=\"\" class=\"wp-image-34034\"\/><\/figure>\n\n\n\n<p><strong>UVEREJNEN\u00c9 31. 10. 2020<\/strong><\/p>\n\n\n\n<p>Ve\u013ek\u00fd evanjelick\u00fd sviatok \u2013 Pamiatka reform\u00e1cie, ktor\u00fd dnes sv\u00e4t\u00edme, v tomto roku je pre Slovensk\u00fa evanjelick\u00fa a.v. cirkev (SEAVC) v Srbsku obzvl\u00e1\u0161\u0165 v\u00fdznamn\u00fd. Po takmer dvoch desa\u0165ro\u010diach do\u0161lo toti\u017e k zmene vo veden\u00ed na\u0161ej cirkvi a na jej \u010delo sa dne\u0161n\u00fdm d\u0148om ofici\u00e1lne dostal <strong>Mgr. Jaroslav Javorn\u00edk,<\/strong> <strong>PhD.<\/strong>, far\u00e1r kulp\u00ednskeho cirkevn\u00e9ho zboru. Sl\u00e1vnos\u0165 in\u0161tal\u00e1cie prebiehala predpoludn\u00ed v kulp\u00ednskom evanjelickom chr\u00e1me Bo\u017eom. In\u0161tala\u010dn\u00fa k\u00e1ze\u0148 mal odch\u00e1dzaj\u00faci biskup SEAVC v Srbsku <strong>d.p. Samuel Vrbovsk\u00fd<\/strong>, ktor\u00fd Jaroslava Javorn\u00edka do funkcie aj sl\u00e1vnostne in\u0161taloval. Po verejnom s\u013eube in\u0161talovan\u00e9ho nasledovala promulg\u00e1cia \u2013 vyhl\u00e1senie pred bohoslu\u017eobn\u00fdm zhroma\u017eden\u00edm s odovzdan\u00edm biskupsk\u00e9ho kr\u00ed\u017ea. \u010cestn\u00fd biskup Samuel Vrbovsk\u00fd a dvaja najstar\u0161\u00ed k\u0148azi: senior b\u00e1\u010dsky Vladim\u00edr Valent a J\u00e1n Cicka, far\u00e1r padinsk\u00fd in\u0161talovan\u00e9mu v duchu praxe prvotnej cirkvi udelili po\u017eehnanie skladan\u00edm r\u00fak, primeranou v\u00fdpove\u010fou z P\u00edsma sv\u00e4t\u00e9ho a bozkom na \u010delo.<\/p>\n\n\n\n<p>&nbsp; &nbsp; V z\u00e1vere\u010dnej \u010dasti Sl\u00e1vnostn\u00fdch slu\u017eieb Bo\u017e\u00edch Vladim\u00edr Lov\u00e1s, far\u00e1r arad\u00e1\u010dsky predniesol Antif\u00f3nu 63 a J\u00e1n Z\u00e1horec, far\u00e1r pivnick\u00fd spievan\u00fd Ot\u010de n\u00e1\u0161. Po \u00c1ronovskom po\u017eehnan\u00ed d.p. Jaroslava Javorn\u00edka nasledovala piese\u0148 Hrad prepevn\u00fd. Zaspievali ju pr\u00edtomn\u00ed v kostole a prostredn\u00edctvom video nahr\u00e1vky aj kulp\u00ednsky spevokol a Komorn\u00fd zbor Zvony zo Selen\u010de.<\/p>\n\n\n\n<p>Dr. Juraj S\u00fadi, kantor v Selen\u010di, rodisku Jaroslava Javorn\u00edka, spolu so synom Jurajom pre in\u0161tal\u00e1ciu nacvi\u010dili nieko\u013eko piesn\u00ed, ktor\u00e9 spolo\u010dne zaspievali Spev\u00e1cky zbor Zvony zo Selen\u010de a dom\u00e1ci spevokol cirkevn\u00e9ho zboru z Kulp\u00edn za sprievodu selen\u010dsk\u00e9ho Orchestr\u00edka doplnen\u00e9ho hus\u013eami bratov J\u00e1na Martina a Andreja Javorn\u00edkovcov, biskupov\u00fdch synov a tr\u00fabkou far\u00e1ra Miroslava Poni\u010dana z Lalite, ktor\u00e9 sa premietali na video bime. Video nahr\u00e1vky si mo\u017eno pozrie\u0165 TU: <a href=\"http:\/\/www.kulpin.net\/22-aktuality\/aktuality\/11060-pripravy-na-instalaciu-biskupa-seavc-v-srbsku\">http:\/\/www.kulpin.net\/22-aktuality\/aktuality\/11060-pripravy-na-instalaciu-biskupa-seavc-v-srbsku<\/a> Juraj S\u00fadi so synom kantorovali dne\u0161n\u00e9 Sl\u00e1vnostn\u00e9 slu\u017eby Bo\u017eie.<\/p>\n\n\n\n<p>Na far\u00e1rskej konferencii, ktor\u00e1 prebiehala v marci Jaroslav Javorn\u00edk bol v\u00e4\u010d\u0161inou hlasov k\u0148azov navrhnut\u00fd ako jedin\u00fd kandid\u00e1t za biskupa na\u0161ej cirkvi. Synod\u00e1lne presbyterstvo schv\u00e1lilo n\u00e1vrh a Sl\u00e1vna Synoda na svojej elektronickej sch\u00f4dzi 01.j\u00fala 2020 n\u00e1vrh a vo\u013ebu potvrdila. Dne\u0161nou in\u0161tal\u00e1ciou sa 45 \u2013 ro\u010dn\u00fd Jaroslav Javorn\u00edk, ofici\u00e1lne stal siedmym biskupom Slovenskej evanjelickej a.v. cirkvi v Srbsku. \u00darad biskupa bude zast\u00e1va\u0165 v najbli\u017e\u0161om \u0161es\u0165ro\u010dnom funk\u010dnom obdob\u00ed (2020 &#8211; 2026).<\/p>\n\n\n\n<p>P\u00e1n Boh nech po\u017eehn\u00e1va kroky nov\u00e9ho biskupa pri pr\u00e1ci na vinici P\u00e1novej ako dobr\u00e9mu pastierovi na \u010dele Slovenskej evanjelickej a.v. cirkvi v Srbsku.<\/p>\n\n\n\n<p><em>Katar\u00edna Pucovsk\u00e1<\/em><\/p>\n\n\n\n<p><\/p>\n\n\n\n<figure class=\"wp-block-image size-large\"><img decoding=\"async\" src=\"http:\/\/e-anjelik.sk\/wp-content\/uploads\/2020\/11\/17aeaa79c78becbeca78f2b699dedb4a.jpg\" alt=\"\" class=\"wp-image-34035\"\/><\/figure>\n","protected":false},"excerpt":{"rendered":"<p>In\u0161talovan\u00fd Jaroslav Javorn\u00edk, biskup SEAVC v Srbsku UVEREJNEN\u00c9 31. 10. 2020 Ve\u013ek\u00fd evanjelick\u00fd sviatok \u2013 Pamiatka reform\u00e1cie, ktor\u00fd dnes sv\u00e4t\u00edme, v tomto roku je pre Slovensk\u00fa evanjelick\u00fa a.v. cirkev (SEAVC) v Srbsku obzvl\u00e1\u0161\u0165 v\u00fdznamn\u00fd. Po takmer dvoch desa\u0165ro\u010diach do\u0161lo toti\u017e k zmene vo veden\u00ed na\u0161ej cirkvi a na jej \u010delo sa dne\u0161n\u00fdm d\u0148om ofici\u00e1lne dostal &#8230; <a title=\"In\u0161tal\u00e1cia biskupa v SEAVC v Srbsku\" class=\"read-more\" href=\"https:\/\/www.e-anjelik.sk\/index.php\/2020\/11\/02\/instalacia-biskupa-v-seavc-v-srbsku\/\" aria-label=\"Pre\u010d\u00edtajte si viac o In\u0161tal\u00e1cia biskupa v SEAVC v Srbsku\">\u010c\u00edta\u0165 viac<\/a><\/p>\n","protected":false},"author":4,"featured_media":0,"comment_status":"open","ping_status":"open","sticky":false,"template":"","format":"standard","meta":{"footnotes":""},"categories":[4,193,519,26],"tags":[],"class_list":["post-34033","post","type-post","status-publish","format-standard","hentry","category-akcie","category-co-pisu-ini","category-evanjelicky-svet","category-pamiatka-reformacie"],"_links":{"self":[{"href":"https:\/\/www.e-anjelik.sk\/index.php\/wp-json\/wp\/v2\/posts\/34033","targetHints":{"allow":["GET"]}}],"collection":[{"href":"https:\/\/www.e-anjelik.sk\/index.php\/wp-json\/wp\/v2\/posts"}],"about":[{"href":"https:\/\/www.e-anjelik.sk\/index.php\/wp-json\/wp\/v2\/types\/post"}],"author":[{"embeddable":true,"href":"https:\/\/www.e-anjelik.sk\/index.php\/wp-json\/wp\/v2\/users\/4"}],"replies":[{"embeddable":true,"href":"https:\/\/www.e-anjelik.sk\/index.php\/wp-json\/wp\/v2\/comments?post=34033"}],"version-history":[{"count":1,"href":"https:\/\/www.e-anjelik.sk\/index.php\/wp-json\/wp\/v2\/posts\/34033\/revisions"}],"predecessor-version":[{"id":34036,"href":"https:\/\/www.e-anjelik.sk\/index.php\/wp-json\/wp\/v2\/posts\/34033\/revisions\/34036"}],"wp:attachment":[{"href":"https:\/\/www.e-anjelik.sk\/index.php\/wp-json\/wp\/v2\/media?parent=34033"}],"wp:term":[{"taxonomy":"category","embeddable":true,"href":"https:\/\/www.e-anjelik.sk\/index.php\/wp-json\/wp\/v2\/categories?post=34033"},{"taxonomy":"post_tag","embeddable":true,"href":"https:\/\/www.e-anjelik.sk\/index.php\/wp-json\/wp\/v2\/tags?post=34033"}],"curies":[{"name":"wp","href":"https:\/\/api.w.org\/{rel}","templated":true}]}}