{"id":3404,"date":"2011-02-25T10:34:51","date_gmt":"2011-02-25T10:34:51","guid":{"rendered":"http:\/\/e-anjelik.sk\/?p=3404"},"modified":"2011-02-25T10:34:51","modified_gmt":"2011-02-25T10:34:51","slug":"medzinarodna-teologicka-a-misijna-konferencia-v-etiopii","status":"publish","type":"post","link":"https:\/\/www.e-anjelik.sk\/index.php\/2011\/02\/25\/medzinarodna-teologicka-a-misijna-konferencia-v-etiopii\/","title":{"rendered":"Medzin\u00e1rodn\u00e1 teologick\u00e1 a misijn\u00e1 konferencia v Eti\u00f3pii"},"content":{"rendered":"<p>Eti&oacute;pska Evanjelicko-luter&aacute;nska cirkev Mekane Jesus (EECMY) usporiadala v d\u0148och 15.-17. febru&aacute;ra 2011 medzin&aacute;rodn&uacute; teologick&uacute; a misijn&uacute; konferenciu . Z&uacute;\u010dastnilo sa jej &nbsp;vy&scaron;e 2500 pastorov, teol&oacute;gov a laick&yacute;ch kazate\u013eov EECMY ,ako aj teol&oacute;govia zo Severnej Ameriky a Eur&oacute;py. Konferencia prerok&uacute;vala a reflektovala ot&aacute;zky autority P&iacute;sma a identity Bo\u017eej cirkvi. &Uacute;\u010delom konferencie bolo vyzbroji\u0165 duchovn&yacute;ch a laick&yacute;ch pracovn&iacute;kov cirkvi biblick&yacute;m u\u010den&iacute;m na z&aacute;klade luter&aacute;nskej identity a svojich sk&uacute;senost&iacute; tak, aby vedeli \u010deli\u0165 r&ocirc;znym v&yacute;zvam 21.storo\u010dia a aby mohli obst&aacute;\u0165 pri sk&uacute;&scaron;kach autority P&iacute;sma r&ocirc;znym sp&ocirc;sobom.<\/p>\n<p>(<a href=\"http:\/\/www.eecmy.org\">www.eecmy.org<\/a>)<\/p>\n","protected":false},"excerpt":{"rendered":"<p>Eti&oacute;pska Evanjelicko-luter&aacute;nska cirkev Mekane Jesus (EECMY) usporiadala v d\u0148och 15.-17. febru&aacute;ra 2011 medzin&aacute;rodn&uacute; teologick&uacute; a misijn&uacute; konferenciu . Z&uacute;\u010dastnilo sa jej &nbsp;vy&scaron;e 2500 pastorov, teol&oacute;gov a laick&yacute;ch kazate\u013eov EECMY ,ako aj teol&oacute;govia zo Severnej Ameriky a Eur&oacute;py. Konferencia prerok&uacute;vala a reflektovala ot&aacute;zky autority P&iacute;sma a identity Bo\u017eej cirkvi. &Uacute;\u010delom konferencie bolo vyzbroji\u0165 duchovn&yacute;ch a laick&yacute;ch &#8230; <a title=\"Medzin\u00e1rodn\u00e1 teologick\u00e1 a misijn\u00e1 konferencia v Eti\u00f3pii\" class=\"read-more\" href=\"https:\/\/www.e-anjelik.sk\/index.php\/2011\/02\/25\/medzinarodna-teologicka-a-misijna-konferencia-v-etiopii\/\" aria-label=\"Pre\u010d\u00edtajte si viac o Medzin\u00e1rodn\u00e1 teologick\u00e1 a misijn\u00e1 konferencia v Eti\u00f3pii\">\u010c\u00edta\u0165 viac<\/a><\/p>\n","protected":false},"author":22,"featured_media":0,"comment_status":"open","ping_status":"open","sticky":false,"template":"","format":"standard","meta":{"footnotes":""},"categories":[50,10],"tags":[],"class_list":["post-3404","post","type-post","status-publish","format-standard","hentry","category-afrika","category-zo-sveta"],"_links":{"self":[{"href":"https:\/\/www.e-anjelik.sk\/index.php\/wp-json\/wp\/v2\/posts\/3404","targetHints":{"allow":["GET"]}}],"collection":[{"href":"https:\/\/www.e-anjelik.sk\/index.php\/wp-json\/wp\/v2\/posts"}],"about":[{"href":"https:\/\/www.e-anjelik.sk\/index.php\/wp-json\/wp\/v2\/types\/post"}],"author":[{"embeddable":true,"href":"https:\/\/www.e-anjelik.sk\/index.php\/wp-json\/wp\/v2\/users\/22"}],"replies":[{"embeddable":true,"href":"https:\/\/www.e-anjelik.sk\/index.php\/wp-json\/wp\/v2\/comments?post=3404"}],"version-history":[{"count":0,"href":"https:\/\/www.e-anjelik.sk\/index.php\/wp-json\/wp\/v2\/posts\/3404\/revisions"}],"wp:attachment":[{"href":"https:\/\/www.e-anjelik.sk\/index.php\/wp-json\/wp\/v2\/media?parent=3404"}],"wp:term":[{"taxonomy":"category","embeddable":true,"href":"https:\/\/www.e-anjelik.sk\/index.php\/wp-json\/wp\/v2\/categories?post=3404"},{"taxonomy":"post_tag","embeddable":true,"href":"https:\/\/www.e-anjelik.sk\/index.php\/wp-json\/wp\/v2\/tags?post=3404"}],"curies":[{"name":"wp","href":"https:\/\/api.w.org\/{rel}","templated":true}]}}