{"id":34047,"date":"2020-11-05T20:55:53","date_gmt":"2020-11-05T19:55:53","guid":{"rendered":"http:\/\/e-anjelik.sk\/?p=34047"},"modified":"2020-11-12T08:44:38","modified_gmt":"2020-11-12T07:44:38","slug":"pripojme-sa-ku-kondolencii-a-povzbudeniu-obyvatelov-rakuska","status":"publish","type":"post","link":"https:\/\/www.e-anjelik.sk\/index.php\/2020\/11\/05\/pripojme-sa-ku-kondolencii-a-povzbudeniu-obyvatelov-rakuska\/","title":{"rendered":"Pripojme sa ku kondolencii a povzbudeniu obyvate\u013eov Rak\u00faska"},"content":{"rendered":"\n<h1 class=\"wp-block-heading\">Kondolencia a povzbudenie obyvate\u013eom Rak\u00faska<\/h1>\n\n\n\n<figure class=\"wp-block-image\"><a href=\"https:\/\/www.ecav.sk\/rails\/active_storage\/blobs\/eyJfcmFpbHMiOnsibWVzc2FnZSI6IkJBaHBBc21UIiwiZXhwIjpudWxsLCJwdXIiOiJibG9iX2lkIn19--fb5a08b15aa538d38fdfb42c18e35b88d4ba2651\/20190717_121841.jpg\"><img decoding=\"async\" src=\"https:\/\/www.ecav.sk\/rails\/active_storage\/representations\/eyJfcmFpbHMiOnsibWVzc2FnZSI6IkJBaHBBc21UIiwiZXhwIjpudWxsLCJwdXIiOiJibG9iX2lkIn19--fb5a08b15aa538d38fdfb42c18e35b88d4ba2651\/eyJfcmFpbHMiOnsibWVzc2FnZSI6IkJBaDdCam9MY21WemFYcGxTU0lJT1RBd0Jqb0dSVlE9IiwiZXhwIjpudWxsLCJwdXIiOiJ2YXJpYXRpb24ifX0=--f83398908a42570f1be2d2870fc3e62f317d893b\/20190717_121841.jpg\" alt=\"Kondolencia a povzbudenie obyvate\u013eom Rak\u00faska\"\/><\/a><\/figure>\n\n\n\n<ul class=\"wp-block-list\"><li>&nbsp;03.11.20<\/li><li>&nbsp;&nbsp;Predsedn\u00edctvo ECAV na Slovensku<\/li><li>&nbsp;<a href=\"https:\/\/www.ecav.sk\/aktuality\/spravodajstvo\">&nbsp;Spravodajstvo<\/a><\/li><\/ul>\n\n\n\n<p>V pondelok ve\u010der do\u0161lo vo Viedni v tomto roku k u\u017e desiatemu \u00fatoku na neozbrojen\u00fdch civilistov v eur\u00f3pskych mest\u00e1ch, ktor\u00fd m\u00e1 na svedom\u00ed islamsk\u00fd terorizmus. Ten predch\u00e1dzaj\u00faci \u00fatok sa odohral iba \u0161tyri dni predt\u00fdm v juhofranc\u00fazskom Nice, kde \u00fato\u010dn\u00edk priamo v r\u00edmskokatol\u00edckom kostole no\u017eom zabil troch \u013eud\u00ed, z toho jednej obeti odrezal hlavu a nieko\u013eko \u010fal\u0161\u00edch os\u00f4b zranil. Celkovo \u0161es\u0165 z tohtoro\u010dn\u00fdch \u00fatokov sa odohralo vo zvl\u00e1\u0161\u0165 sk\u00fa\u0161anom Franc\u00fazsku, dva v Brit\u00e1nii, jeden v Nemecku.<\/p>\n\n\n\n<p>&nbsp; &nbsp; &nbsp;V\u017edy sme rovnako s\u00facitili s obe\u0165ami, s ranen\u00fdmi, s postihnut\u00fdmi rodinami, s obrancami obet\u00ed, ktor\u00ed nasadili \u017eivoty pre ochranu in\u00fdch.<\/p>\n\n\n\n<p>&nbsp; &nbsp; &nbsp;V\u017edy n\u00e1m bolo ve\u013emi \u013e\u00fato, \u017ee sa tak\u00e1to hr\u00f4za v\u00f4bec odohrala.<\/p>\n\n\n\n<p>&nbsp; &nbsp; &nbsp;V\u017edy sme odsudzovali n\u00e1silie a z\u00e1kernos\u0165 islamistick\u00fdch \u00fato\u010dn\u00edkov.<\/p>\n\n\n\n<p>&nbsp; &nbsp; &nbsp;V\u017edy bolo pre n\u00e1s zahanbuj\u00face, \u017ee sa v\u00f4bec hovorilo o n\u00e1bo\u017eenskom n\u00e1sil\u00ed, \u010do n\u00e1m, kres\u0165anom, vrh\u00e1 do o\u010d\u00ed pokoruj\u00facu v\u00fd\u010ditku za rad na\u0161ich vlastn\u00fdch n\u00e1siln\u00fdch \u010dinov vo ve\u013ekej hist\u00f3rii \u013eudstva, vykonan\u00fdch v mene kres\u0165anskej viery.<\/p>\n\n\n\n<p>&nbsp; &nbsp; &nbsp;Ako \u013eudia s citliv\u00fdm svedom\u00edm sme v\u017edy boli don\u00faten\u00ed prem\u00fd\u0161\u013ea\u0165 nad t\u00fdm, \u010d\u00edm asi sami opr\u00e1vnene iritujeme moslimsk\u00fa men\u0161inu, ako m\u00f4\u017eeme zosta\u0165 autentick\u00ed vo svojej kres\u0165anskej viere, z\u00e1rove\u0148 otvoren\u00ed a priate\u013esk\u00ed vo\u010di in\u00fdm, neustupuj\u00faci od z\u00e1padn\u00fdch hodn\u00f4t slobody, zn\u00e1\u0161anlivosti a tolerancie.<\/p>\n\n\n\n<p>&nbsp; &nbsp; &nbsp;Nech je u\u017e akoko\u013evek, krvav\u00fd \u00fatok vo Viedni, po dvoch predch\u00e1dzaj\u00facich incidentoch s protikres\u0165ansk\u00fdm podtextom vo Viedni a v Grazi, sa stal. Okrem toho, \u017ee pri \u0148om \u017eia\u013e zomreli \u0161tyria \u013eudia a dvadsa\u0165dva bolo zranen\u00fdch, je e\u0161te naviac \u0161okuj\u00faci t\u00fdm, \u017ee sa odohral akoby pred na\u0161imi dvermi, v eur\u00f3pskej metropole ktor\u00e1 je nadoh\u013ead. Pozn\u00e1me v nej mnoho bl\u00edzkych \u013eud\u00ed a pekn\u00fdch miest. Sme s \u0148ou historicky a civiliza\u010dne spojen\u00ed mno\u017estvom p\u00fat. V rozli\u010dn\u00fdch historick\u00fdch etap\u00e1ch poskytla \u017eivotn\u00e9 \u00fato\u010disko \u010di domov mno\u017estvu emigrantov. Bola priate\u013esk\u00e1, otvoren\u00e1 a d\u00e1vaj\u00faca. Ve\u010f samotn\u00e9 Rak\u00fasko, n\u00e1\u0161 mil\u00fd a mierumilovn\u00fd sused, u ktor\u00e9ho je n\u00e1m v\u017edy tak ve\u013emi dobre a kde m\u00e1me v\u017edy \u010do obdivova\u0165, sa postupne stalo domovom pre osemstotis\u00edcov\u00fa moslimsk\u00fa men\u0161inu. Krvav\u00fd viedensk\u00fd \u00fatok bol nespravodlivou, absurdnou a drastickou odmenou Viedni a Rak\u00fasku.<\/p>\n\n\n\n<p>&nbsp; &nbsp; &nbsp;S ve\u013ek\u00fdm spolus\u00facitom sa s Vied\u0148ou a Rak\u00fa\u0161anmi solidarizujeme. S\u00fastras\u0165 vyslovujeme rodin\u00e1m obet\u00ed a ranen\u00fdm \u017eel\u00e1me skor\u00e9 uzdravenie. Policajn\u00fdm jednotk\u00e1m v\u00fddr\u017e v nasaden\u00ed. Oce\u0148ujeme v\u00fdroky rak\u00faskych politick\u00fdch l\u00eddrov, ktor\u00ed deklarovali, \u017ee ani podobn\u00fd n\u00e1siln\u00fd \u010din nesmie znamena\u0165 pre Rak\u00fasko zastra\u0161enie a upustenie od tradi\u010dn\u00fdch z\u00e1padn\u00fdch hodn\u00f4t.<\/p>\n\n\n\n<p>&nbsp; &nbsp; &nbsp;Modl\u00edme sa za pokoj a spravodlivos\u0165: Pane Je\u017ei\u0161i Kriste, do Tvojich r\u00fak por\u00fa\u010dame na\u0161ich drah\u00fdch susedov a priate\u013eov, obyvate\u013eov Viedne a Rak\u00faska. Pote\u0161 ich a posilni, ke\u010f pre\u017eili \u0165a\u017ek\u00e9 a bolestiv\u00e9 nav\u0161t\u00edvenie, ktor\u00e9 je pre nich sk\u00fa\u0161kou. Bu\u010f s t\u00fdmi, ktor\u00ed stratili svojich drah\u00fdch. Uzdrav t\u00fdch, \u010do s\u00fa ranen\u00ed. Posilni v nasaden\u00ed policajtov a zdravotn\u00edkov. Daj m\u00fadros\u0165 a rozhodnos\u0165 politick\u00fdm vodcom. Bu\u010f so v\u0161etk\u00fdmi \u013eu\u010fmi, ktor\u00ed t\u00fa\u017eia norm\u00e1lne \u017ei\u0165 svoj \u017eivot, pracova\u0165 a te\u0161i\u0165 sa. Daruj pokoj a spravodlivos\u0165, ktor\u00e9 s\u00fa v ohrozen\u00ed. Pane, neop\u00fa\u0161\u0165aj n\u00e1s! Amen.<\/p>\n\n\n\n<p>&nbsp; &nbsp; &nbsp;Za Evanjelick\u00fa cirkev augsbursk\u00e9ho vyznania na Slovensku,<\/p>\n\n\n\n<p>&nbsp; &nbsp; &nbsp;Ivan E\u013eko, gener\u00e1lny biskup a J\u00e1n Brozman, gener\u00e1lny dozorca.<\/p>\n\n\n\n<p>&nbsp; &nbsp; &nbsp;Bratislava, 3. november 2020.<\/p>\n\n\n\n<p><\/p>\n","protected":false},"excerpt":{"rendered":"<p>Kondolencia a povzbudenie obyvate\u013eom Rak\u00faska &nbsp;03.11.20 &nbsp;&nbsp;Predsedn\u00edctvo ECAV na Slovensku &nbsp;&nbsp;Spravodajstvo V pondelok ve\u010der do\u0161lo vo Viedni v tomto roku k u\u017e desiatemu \u00fatoku na neozbrojen\u00fdch civilistov v eur\u00f3pskych mest\u00e1ch, ktor\u00fd m\u00e1 na svedom\u00ed islamsk\u00fd terorizmus. Ten predch\u00e1dzaj\u00faci \u00fatok sa odohral iba \u0161tyri dni predt\u00fdm v juhofranc\u00fazskom Nice, kde \u00fato\u010dn\u00edk priamo v r\u00edmskokatol\u00edckom kostole no\u017eom &#8230; <a title=\"Pripojme sa ku kondolencii a povzbudeniu obyvate\u013eov Rak\u00faska\" class=\"read-more\" href=\"https:\/\/www.e-anjelik.sk\/index.php\/2020\/11\/05\/pripojme-sa-ku-kondolencii-a-povzbudeniu-obyvatelov-rakuska\/\" aria-label=\"Pre\u010d\u00edtajte si viac o Pripojme sa ku kondolencii a povzbudeniu obyvate\u013eov Rak\u00faska\">\u010c\u00edta\u0165 viac<\/a><\/p>\n","protected":false},"author":4,"featured_media":0,"comment_status":"open","ping_status":"open","sticky":false,"template":"","format":"standard","meta":{"footnotes":""},"categories":[193,2,9,177,30,94],"tags":[],"class_list":["post-34047","post","type-post","status-publish","format-standard","hentry","category-co-pisu-ini","category-ekumena","category-europa","category-gbu","category-moslimovia","category-politika"],"_links":{"self":[{"href":"https:\/\/www.e-anjelik.sk\/index.php\/wp-json\/wp\/v2\/posts\/34047","targetHints":{"allow":["GET"]}}],"collection":[{"href":"https:\/\/www.e-anjelik.sk\/index.php\/wp-json\/wp\/v2\/posts"}],"about":[{"href":"https:\/\/www.e-anjelik.sk\/index.php\/wp-json\/wp\/v2\/types\/post"}],"author":[{"embeddable":true,"href":"https:\/\/www.e-anjelik.sk\/index.php\/wp-json\/wp\/v2\/users\/4"}],"replies":[{"embeddable":true,"href":"https:\/\/www.e-anjelik.sk\/index.php\/wp-json\/wp\/v2\/comments?post=34047"}],"version-history":[{"count":1,"href":"https:\/\/www.e-anjelik.sk\/index.php\/wp-json\/wp\/v2\/posts\/34047\/revisions"}],"predecessor-version":[{"id":34048,"href":"https:\/\/www.e-anjelik.sk\/index.php\/wp-json\/wp\/v2\/posts\/34047\/revisions\/34048"}],"wp:attachment":[{"href":"https:\/\/www.e-anjelik.sk\/index.php\/wp-json\/wp\/v2\/media?parent=34047"}],"wp:term":[{"taxonomy":"category","embeddable":true,"href":"https:\/\/www.e-anjelik.sk\/index.php\/wp-json\/wp\/v2\/categories?post=34047"},{"taxonomy":"post_tag","embeddable":true,"href":"https:\/\/www.e-anjelik.sk\/index.php\/wp-json\/wp\/v2\/tags?post=34047"}],"curies":[{"name":"wp","href":"https:\/\/api.w.org\/{rel}","templated":true}]}}