{"id":3405,"date":"2011-02-26T10:07:15","date_gmt":"2011-02-26T10:07:15","guid":{"rendered":"http:\/\/e-anjelik.sk\/?p=3405"},"modified":"2011-02-26T10:07:15","modified_gmt":"2011-02-26T10:07:15","slug":"cesta-pravda-i-zivot","status":"publish","type":"post","link":"https:\/\/www.e-anjelik.sk\/index.php\/2011\/02\/26\/cesta-pravda-i-zivot\/","title":{"rendered":"Cesta, pravda i \u017eivot"},"content":{"rendered":"<p>&nbsp;<span class=\"Apple-style-span\" style=\"font-family: 'Times New Roman'; line-height: normal; \">&nbsp;&nbsp; &nbsp; &nbsp; &nbsp; &nbsp; &nbsp; &nbsp; &nbsp; &nbsp; &nbsp; &nbsp; &nbsp; &nbsp; &nbsp; &nbsp; &nbsp; &nbsp; &nbsp; &nbsp; &nbsp; &nbsp; &nbsp; &nbsp; &nbsp; &nbsp; &nbsp; &nbsp; &nbsp; &nbsp; &nbsp; &nbsp; &nbsp; &nbsp;&nbsp;<span style=\"font: 16.0px Times New Roman\"><b>Cesta,&nbsp; pravda i&nbsp; \u017eivot<\/b><\/span><\/span><\/p>\n<p style=\"margin: 0.0px 0.0px 0.0px 0.0px; font: 16.0px Times New Roman\"><i>V mene Tvojom, Synu Bo\u017e&iacute;<\/i><\/p>\n<p style=\"margin: 0.0px 0.0px 0.0px 0.0px; font: 16.0px Times New Roman\"><i>v tomto na&scaron;om milom chr&aacute;me<\/i><\/p>\n<p style=\"margin: 0.0px 0.0px 0.0px 0.0px; font: 16.0px Times New Roman\"><i>dnes rok nov&yacute; otv&aacute;rame.<\/i><\/p>\n<p style=\"margin: 0.0px 0.0px 0.0px 0.0px; font: 16.0px Times New Roman\"><i>&Oacute;, praj, nech \u013eud n&aacute;dej zlo\u017e&iacute;<\/i><\/p>\n<p style=\"margin: 0.0px 0.0px 0.0px 0.0px; font: 16.0px Times New Roman\"><i>v Tvoju l&aacute;sku, v milos\u0165 Tvoju &#8211;<\/i><\/p>\n<p style=\"margin: 0.0px 0.0px 0.0px 0.0px; font: 16.0px Times New Roman\"><i>d&ocirc;js\u0165 k radosti, d&ocirc;js\u0165 k pokoju&#8230;<\/i><\/p>\n<p style=\"margin: 0.0px 0.0px 0.0px 0.0px; font: 16.0px Times New Roman\"><i>Posilni n&aacute;s, \u017eehnaj slovom<\/i><\/p>\n<p style=\"margin: 0.0px 0.0px 0.0px 0.0px; font: 16.0px Times New Roman\"><i>a ve\u010f k &scaron;\u0165astiu v roku novom! Amen.(MR)<\/i><\/p>\n<p style=\"margin: 0.0px 0.0px 0.0px 0.0px; font: 16.0px Times New Roman; min-height: 18.0px\">&nbsp;<\/p>\n<p style=\"margin: 0.0px 0.0px 0.0px 0.0px; font: 16.0px Times New Roman\"><b>J 14, 1- 6:&nbsp;<\/b><\/p>\n<p style=\"margin: 0.0px 0.0px 0.0px 0.0px; font: 16.0px Times New Roman\"><span style=\"font: 12.0px Times New Roman\">&ldquo;<\/span><i>Nech sa v&aacute;m srdce nestrachuje! Verte v Boha a verte vo M\u0148a! (2)V dome m&ocirc;jho Otca je mnoho pr&iacute;bytkov, keby nebolo tak, \u010di by som v&aacute;m bol povedal: Idem v&aacute;m pripravi\u0165 miesto a (3) ke\u010f od&iacute;dem a priprav&iacute;m v&aacute;m miesto, zase pr&iacute;dem a poberiem v&aacute;s k sebe, aby ste aj vy boli tam, kde som ja? (4) A cestu kam idem zn&aacute;te. (5) Povedal Mu Tom&aacute;&scaron;: Nevieme , Pane kam ide&scaron;, akoby sme teda znali cestu? (6) Je\u017ei&scaron; mu riekol: Ja som cesta i pravda i \u017eivot. Nik neprich&aacute;dza k Otcovi, ak len nie skrze m\u0148a&ldquo;. Amen<\/i><\/p>\n<p style=\"margin: 0.0px 0.0px 0.0px 0.0px; font: 16.0px Times New Roman; min-height: 18.0px\">&nbsp; &nbsp;<\/p>\n<p style=\"margin: 0.0px 0.0px 0.0px 0.0px; font: 16.0px Times New Roman\"><span style=\"font: 12.0px Times New Roman\">&nbsp; &nbsp; &nbsp; &nbsp; &nbsp; <\/span>Bohumil&iacute; kres\u0165ania, bratia a sestry v P&aacute;nu!<\/p>\n<p style=\"margin: 0.0px 0.0px 0.0px 0.0px; font: 16.0px Times New Roman; min-height: 18.0px\">&nbsp;<\/p>\n<p style=\"margin: 0.0px 0.0px 0.0px 0.0px; font: 16.0px Times New Roman\"><span style=\"font: 12.0px Times New Roman\">&nbsp;&nbsp; &nbsp; &nbsp; &nbsp; <\/span>Z Bo\u017eej milosti sme sa prebudili do nov&eacute;ho r&aacute;na, v&nbsp; ktorom spolo\u010dne vstupujeme do br&aacute;n nov&eacute;ho roku P&aacute;novho <b>2011.<\/b> T&uacute;\u017eime po naplnen&iacute;&nbsp; slov proroka Simeona, aby Ten, ktor&yacute; pri&scaron;iel ako prav&eacute; Svetlo, osl&aacute;vil \u013eud Bo\u017e&iacute; Starej i Novej zmluvy. Aby vyk&uacute;pil v&scaron;etk&yacute;ch, ktor&iacute; by inak zostali pod bremenom Z&aacute;kona. To znamen&aacute;, \u017ee by museli sami z vlastn&yacute;ch s&iacute;l naplni\u0165 cel&yacute; z&aacute;kon Bo\u017e&iacute; a tak dosiahnu\u0165 spasenie a \u017eivot ve\u010dn&yacute;. T&aacute;to cesta je pre&nbsp;\u010dloveka prakticky &uacute;plne neschodn&aacute;.<\/p>\n<p style=\"margin: 0.0px 0.0px 0.0px 0.0px; font: 16.0px Times New Roman\"><span style=\"font: 12.0px Times New Roman\">&nbsp;&nbsp; &nbsp; &nbsp; Preto v&aacute;m, mil&iacute; bratia&nbsp; a sestry blaho\u017eel&aacute;m v tento de\u0148 nielen k Nov&eacute;mu roku, ale aj k dne&scaron;n&eacute;mu sviatku. Vo <\/span><b>sviatok obriezky Krista P&aacute;na<\/b>&nbsp; si pripom&iacute;name, ako to zaznelo u\u017e z evanjelia spred olt&aacute;ra, \u017ee P&aacute;n&nbsp; Je\u017ei&scaron; bol na &ocirc;smy de\u0148 po svojom naroden&iacute; obrezan&yacute; pod\u013ea z&aacute;kona Moj\u017ei&scaron;ovho. Povedan&eacute; inak, bol podroben&yacute; z&aacute;konu, ako ka\u017ed&yacute; mu\u017esk&yacute; potomok v Izraelskom n&aacute;rode. Je\u017ei&scaron; ako prav&yacute; \u010dlovek vzal na svoje plecia bremeno z&aacute;kona a vyplnil ho hne\u010f v tom prvom bode &#8211; v prijat&iacute; obriezky. Ne&scaron;lo iba o p&uacute;hy n&aacute;bo\u017eensk&yacute; v&yacute;kon a obrad, ale aj o prijatie Bo\u017e&iacute;ch zas\u013e&uacute;ben&iacute;, s podmienkou, \u017ee \u010dlovek bude plni\u0165 v&scaron;etky prik&aacute;zania Bo\u017eieho z&aacute;kona.<\/p>\n<p style=\"margin: 0.0px 0.0px 0.0px 0.0px; font: 16.0px Times New Roman; min-height: 18.0px\">&nbsp;&nbsp; &nbsp; &nbsp;<\/p>\n<p style=\"margin: 0.0px 0.0px 0.0px 0.0px; font: 12.0px Times New Roman\">&nbsp;&nbsp; &nbsp; Je to nesmierne d&ocirc;le\u017eit&eacute; svedectvo o Kristu, ak si uvedom&iacute;me v&yacute;znam tohto okamihu. P&aacute;n Je\u017ei&scaron; je nielen prav&yacute; \u010dlovek z M&aacute;rie panny naroden&yacute;, ale je aj prav&yacute; Boh, Otcom od ve\u010dnosti sploden&yacute;. Je preto aj Z&aacute;konodarca. Ten, ktor&yacute; spolu s Otcom z&aacute;kon vydal. Preto m&aacute; pr&aacute;vo vyd&aacute;va\u0165 aj z&aacute;kony nov&eacute;, pr&iacute;padne tie star&scaron;ie, sk&ocirc;r vydan&eacute; m&aacute; <span style=\"font: 16.0px Times New Roman\"><b>pr&aacute;vo &bdquo;novelizova\u0165&ldquo;.<\/b><\/span><\/p>\n<p style=\"margin: 0.0px 0.0px 0.0px 0.0px; font: 16.0px Times New Roman; min-height: 18.0px\">&nbsp;&nbsp; &nbsp; &nbsp;<\/p>\n<p style=\"margin: 0.0px 0.0px 0.0px 0.0px; font: 16.0px Times New Roman\"><span style=\"font: 12.0px Times New Roman\">&nbsp; &nbsp; &nbsp; <\/span>My u\u017e dnes v&scaron;etci vieme, \u010do to znamen&aacute;: novelizova\u0165 z&aacute;kony. Sotva je medzi nami niekto, kto by to slovo nepoznal z diania v parlamente. Toto spom&iacute;nam len ako pr&iacute;klad na pochopene jedine\u010dn&eacute;ho Bo\u017eieho konania. V \u013eudskom&nbsp; konan&iacute; sme&nbsp; ve\u013emi \u010dasto svedkami toho, \u017ee z&aacute;konodarca, alebo z&aacute;konodarcovia&nbsp; robia v \u013eudsk&yacute;ch z&aacute;konoch sp&uacute;stu v&yacute;nimiek. Spravidla pre sam&yacute;ch seba si ur\u010dia &bdquo;nadpr&aacute;va&ldquo;, tj. v&yacute;nimky a ods&uacute;hlasia si r&ocirc;zne privil&eacute;gi&aacute;. U\u017e sme si na to temer zvykli&#8230;(?)&nbsp;<\/p>\n<p style=\"margin: 0.0px 0.0px 0.0px 0.0px; font: 16.0px Times New Roman\"><span style=\"font: 12.0px Times New Roman\">&nbsp; &nbsp; &nbsp; <\/span>P&aacute;n Je\u017ei&scaron; ako najvy&scaron;&scaron;&iacute; Z&aacute;konodarca v&scaron;ak pre seba neuplat\u0148uje nijak&uacute; v&yacute;nimku. S&aacute;m sa dobrovo\u013ene, z l&aacute;sky podrobuje Z&aacute;konu vo v&scaron;etkom. Aj v po\u017eiadavke obriezky. <b>Ale pre n&aacute;s ostatn&yacute;ch, pre svoj \u013eud&nbsp; uz&aacute;ko\u0148uje&nbsp; jednu ve\u013ek&uacute;, &uacute;\u017easn&uacute; v&yacute;nimku!<\/b> Na jednej strane On pln&iacute; z&aacute;kon bezo zvy&scaron;ku, ako to nesk&ocirc;r s&aacute;m povedal:&ldquo;<i> Nepri&scaron;iel&nbsp; som zru&scaron;i\u0165 Z&aacute;kon, ale naplni\u0165!&ldquo;,<\/i> aby sme my mohli \u017ei\u0165 pod Jeho milos\u0165ou. On, jedin&yacute; spravodliv&yacute; &bdquo;Adam&ldquo;, \u010dlovek, a s&uacute;\u010dasne Syn Bo\u017e&iacute;, svoju spravodlivos\u0165 pon&uacute;ka n&aacute;m a pren&aacute;&scaron;a na n&aacute;s svoju spravodlivos\u0165. On n&aacute;s svojimi z&aacute;sluhami, svoj&iacute;m prijat&iacute;m a naplnen&iacute;m z&aacute;kona so v&scaron;etk&yacute;mi d&ocirc;sledkami ospravedl\u0148uje, a o\u010dis\u0165uje. &bdquo;<i>Ale ke\u010f pri&scaron;la plnos\u0165 \u010dasu, poslal Boh Syna svojho naroden&eacute;ho zo \u017eeny,naroden&eacute;ho pod z&aacute;konom, aby vyk&uacute;pil t&yacute;ch, \u010do s&uacute; pod z&aacute;konom, aby sme prijali synovstvo&ldquo;. (G 4, 4-5)<\/i><b> N&aacute;m<\/b> hrie&scaron;nym d&aacute;va a pon&uacute;ka milos\u0165 a tak &uacute;\u010da\u0165 na svojom \u017eivote, ako n&aacute;m to pripom&iacute;na u\u017e <b>dar Krstu sv&auml;t&eacute;ho<\/b>. &Uacute;\u010das\u0165 na \u017eivote Boha Otca, Syna a Ducha Sv&auml;t&eacute;ho,&nbsp; &uacute;\u010das\u0165 na spolo\u010denstve l&aacute;sky celej Sv&auml;tej Trojice.<\/p>\n<p style=\"margin: 0.0px 0.0px 0.0px 0.0px; font: 16.0px Times New Roman; min-height: 18.0px\">&nbsp;<\/p>\n<p style=\"margin: 0.0px 0.0px 0.0px 0.0px; font: 16.0px Times New Roman\"><span style=\"font: 12.0px Times New Roman\">&nbsp;&nbsp; &nbsp; &nbsp; Preto je dne&scaron;n&yacute; de\u0148 nielen sviatkom ob\u010dianskym, ale aj kres\u0165ansk&yacute;m.&nbsp; &nbsp; Sviatkom jedine\u010dn&yacute;m a radostn&yacute;m, ktor&yacute; ukazuje, pre\u010do vlastne Boh pri&scaron;iel k n&aacute;m. Ak&yacute; m&aacute; z&aacute;mer s nami a s cel&yacute;m svoj&iacute;m stvorenstvom. To je vpravde za\u010diatok hodn&yacute; pozornosti. Za\u010diatok nov&eacute;ho \u017eivota v Kristu, v Jeho svetle&nbsp; a milosti. Preto nie sme u\u017e pod z&aacute;konom, ale <\/span><b>pod milos\u0165ou<\/b>.&nbsp; Ona je darom, ktor&yacute; smieme prija\u0165 a potom s P&aacute;nom Je\u017ei&scaron;om \u017ei\u0165. Smieme by\u0165 naozaj \u013eu\u010fmi dobrej v&ocirc;le a blahoslavenej n&aacute;deje. Pr&aacute;ve pre t&uacute;to milos\u0165 n&aacute;m dan&uacute; a darovan&uacute;, pre N&iacute;m privlastnen&eacute; z&aacute;sluhy m&ocirc;\u017ee P&aacute;n Je\u017ei&scaron; poveda\u0165: <i>&bdquo;Nech sa v&aacute;m srdce nestrachuje! Verte v Boha a verte vo m\u0148a&ldquo;! <\/i>To je <b>n&aacute;&scaron; program<\/b>, to je na&scaron;a mo\u017enos\u0165. <b>Vo\u013eba<\/b>, ktor&uacute; smieme dnes urobi\u0165.&nbsp; Ako J&oacute;zua<b> <\/b>v S&iacute;cheme,<b> <\/b>ke\u010f povedal: &bdquo;<i>Vyvo\u013ete si dnes, komu budete sl&uacute;\u017ei\u0165&#8230; Ja v&scaron;ak a m&ocirc;j dom sl&uacute;\u017ei\u0165 budeme Hospodinu!<\/i><\/p>\n<p style=\"margin: 0.0px 0.0px 0.0px 0.0px; font: 16.0px Times New Roman; min-height: 18.0px\"><i>&nbsp; &nbsp; &nbsp; &nbsp; &nbsp; &nbsp;<\/i><\/p>\n<p style=\"margin: 0.0px 0.0px 0.0px 0.0px; font: 16.0px Times New Roman\"><span style=\"font: 12.0px Times New Roman\">&nbsp;&nbsp; &nbsp; Verme v Boha Otca,<\/span> ktor&yacute; n&aacute;m d&aacute;va v&scaron;etko dobr&eacute; a svoj&iacute;m de\u0165om zas\u013eubuje svoje po\u017eehnanie nielen pre \u010dasnos\u0165, ale aj pre ve\u010dnos\u0165. Chlieb ka\u017edodenn&yacute; a in&eacute; telesn&eacute; dobrodenia n&aacute;m d&aacute;va aj bez n&aacute;&scaron;ho modlenia. Preto sa n&aacute;m treba pousmia\u0165, ke\u010f niektor&iacute; bratia a sestry hovoria: &bdquo;Ja do kostola nemus&iacute;m chodi\u0165, ja sa pomodl&iacute;m aj doma.&ldquo; Samozrejme, ka\u017ed&yacute; kres\u0165an sa m&ocirc;\u017ee modli\u0165 v&scaron;ade a na ka\u017edom mieste a teda aj doma. Pravda, ak sa mu n&aacute;hodou nechce, alebo zabudne, st&aacute;va sa \u017ee sa aj nemodl&iacute;&#8230;No ak sa&nbsp; aj modl&iacute;, tak neraz ve\u013emi sebecky a egoisticky: chlieb m&ocirc;j ka\u017edodenn&yacute; daj <b>mi,<\/b> Pane Bo\u017ee, dnes. Daj mi dobr&eacute; zdravie, aby som ho mohol jes\u0165, aby som mal aj nie\u010do k nemu&#8230;<\/p>\n<p style=\"margin: 0.0px 0.0px 0.0px 0.0px; font: 16.0px Times New Roman\"><span style=\"font: 12.0px Times New Roman\">&nbsp;&nbsp; &nbsp; &nbsp; <\/span><b>Ale my sa v chr&aacute;me u\u010d&iacute;me modli\u0165 inak<\/b>. Nielen za seba a svoje potreby, ale aj za in&yacute;ch. <b>A najm&auml;: dobrore\u010d&iacute;me spolo\u010dne!<\/b> Dv&iacute;hame svoje srdcia spolo\u010dne k nebu, podopierame sa tu vo viere navz&aacute;jm, hovoriac:<b> chlieb n&aacute;&scaron; <\/b>&#8211; <b>daj n&aacute;m..<\/b>.<b>a spolo\u010dne aj \u010fakujeme.<\/b>&nbsp; Vo sviatosti Krstu sv&auml;t&eacute;ho si spr&iacute;tomnujeme Bo\u017eie zas\u013e&uacute;benie a obnovujeme tu spolo\u010dne krstn&eacute; s\u013euby. Tu prij&iacute;mame aj prav&yacute; pokrm a n&aacute;poj na posilnenie vo sv&auml;tej Ve\u010deri P&aacute;novej!<\/p>\n<p style=\"margin: 0.0px 0.0px 0.0px 0.0px; font: 16.0px Times New Roman; min-height: 18.0px\">&nbsp;&nbsp;<\/p>\n<p style=\"margin: 0.0px 0.0px 0.0px 0.0px; font: 16.0px Times New Roman\"><span style=\"font: 12.0px Times New Roman\">&nbsp; &nbsp; &nbsp; <\/span>Sk&uacute;ste vysvetli\u0165, bratia a sestry aj vy t&yacute;m samospravodliv&yacute;m s&uacute;rodencom,&nbsp; \u017ee Ve\u010deru P&aacute;novu doma nepr&iacute;jmu a nem&ocirc;\u017eu prija\u0165. S&aacute;m si ju nikto neprisl&uacute;\u017ei (podobne ako Krst sv&auml;t&yacute;). Preto spravidla ani nem&ocirc;\u017ee: &bdquo;<i>&ldquo;v\u010faky vzd&aacute;va\u0165 Hospodinu, z nebesk&yacute;mi z&aacute;stupami a celou Cirkvou&ldquo;<\/i>, ktor&aacute; sa realizuje v dom&aacute;com CZ, v spolo\u010denstve viery&#8230;<\/p>\n<p style=\"margin: 0.0px 0.0px 0.0px 0.0px; font: 16.0px Times New Roman\">Naviac:&nbsp; ke\u010f tu v chr&aacute;me spolo\u010dne dobrore\u010d&iacute;me a \u010fakujeme, d&aacute;vame to najavo<b> aj obe\u0165ou <\/b>nejakej <b>&bdquo;odrobinky<\/b>&ldquo; z toho ve\u013ek&eacute;ho &bdquo;pec\u0148a chleba&ldquo;, ktor&yacute; sme&nbsp; dostali a dost&aacute;vame od P&aacute;na Boha. Aj dnes tak urob&iacute;me tradi\u010dnou novoro\u010dnou <b>oferou&nbsp; okolo olt&aacute;ra<\/b>. Pr&aacute;vom a teda&nbsp; m&ocirc;\u017eeme p&yacute;ta\u0165:<b> ako \u010fakuj&uacute; t&iacute;, \u010do sa modlia iba doma?<\/b><\/p>\n<p style=\"margin: 0.0px 0.0px 0.0px 0.0px; font: 16.0px Times New Roman; min-height: 18.0px\">&nbsp; &nbsp; &nbsp;<\/p>\n<p style=\"margin: 0.0px 0.0px 0.0px 0.0px; font: 16.0px Times New Roman\"><span style=\"font: 12.0px Times New Roman\">&nbsp;&nbsp; &nbsp; P&aacute;n Boh, ako Otec n&aacute;m v&scaron;ak <\/span><b>najv&auml;\u010d&scaron;&iacute; dar<\/b> dal vo svojom Synovi P&aacute;novi Je\u017ei&scaron;ovi Kristovi, ktor&yacute; hovor&iacute; o sebe:<b> &bdquo;Ja som cesta, pravda i \u017eivot&ldquo;! <\/b>On je a chce by\u0165 na&scaron;ou cesou aj v novom roku. Chce n&aacute;s vies\u0165, usmer\u0148ova\u0165 na&scaron;e kroky smerom k nebu. Nie do zatratenia, ale k po\u017eehnan&eacute;mu \u017eivotu v \u010dasnosti i vo ve\u010dnosti! P&aacute;n Je\u017ei&scaron; o tom hovor&iacute; u\u010den&iacute;kom takto:&ldquo; <i>V dome mojho Otca je mnoho pr&iacute;bytkov &#8211; keby nebolo tak, \u010di by som v&aacute;m bol povedal: idem v&aacute;m pripravi\u0165 miesto a ke\u010f od&iacute;dem a priprav&iacute;m v&aacute;m miesto, zase pr&iacute;dem a poberiem v&aacute;s k sebe, aby ste aj vy boli tam kde som ja?&ldquo; Preto <\/i>je d&ocirc;le\u017eit&eacute;, ako my odpovieme na jeho ponuku: &bdquo;<i>Verte v Boha a verte vo m\u0148a!&ldquo; <\/i>Verte aj v to, \u017ee tie nebesk&eacute; pr&iacute;bytky s&uacute; u\u017e pripraven&eacute; a pribli\u017euje sa \u010das pre ka\u017ed&eacute;ho z n&aacute;s, aby sme do nich aj mohli pr&iacute;s\u0165 a tak aj preb&yacute;va\u0165 u Neho a s N&iacute;m.&nbsp; \u017delanie &bdquo;<i>zdravia a v&scaron;etk&eacute;ho dobr&eacute;ho<\/i>&ldquo; na zemi je opr&aacute;vnen&eacute; vo viere v Boha, n&aacute;&scaron;ho mil&eacute;ho a l&aacute;skav&eacute;ho Otca. Ale je rovnko opr&aacute;venen&eacute;&nbsp; aj \u017eelanie, ako to na&scaron;i rodi\u010dia a star&iacute; rodi\u010dia e&scaron;te dok&aacute;zali aj v novoro\u010dn&yacute;ch \u017eelaniach poveda\u0165:&#8230;<b> a po smrti kr&aacute;\u013eovsvo nebesk&eacute;, amen!<\/b>&nbsp;<\/p>\n<p style=\"margin: 0.0px 0.0px 0.0px 0.0px; font: 16.0px Times New Roman\"><span style=\"font: 12.0px Times New Roman\">&nbsp;&nbsp; <\/span>V&yacute;zva: &bdquo;<i>Verte v Boha&nbsp; a verte vo m\u0148a!&ldquo;<\/i>&#8211;&nbsp; nie je nejak&yacute;m nov&yacute;m rozkazom a nov&yacute;m z&aacute;konom. Je to, ako sme to jasne videli a povedali, ponuka milosti z Bo\u017eej strany. Ponuka milosrdn&eacute;ho Otca a n&aacute;&scaron;ho Spasite\u013ea, P&aacute;na Je\u017ei&scaron;a Krista. Je to aj ponuka Ducha Sv&auml;t&eacute;ho, ktor&yacute; vych&aacute;dza od Otca i Syna! On je ten, ktor&yacute; n&aacute;m &bdquo;osvecuje&ldquo;, \u010di\u017ee otv&aacute;ra o\u010di, u&scaron;i i rozum! Ten, ktor&yacute; n&aacute;s povol&aacute;va skrze zvestovan&eacute; slovo k nasledovaniu.<\/p>\n<p style=\"margin: 0.0px 0.0px 0.0px 0.0px; font: 16.0px Times New Roman\"><span style=\"font: 12.0px Times New Roman\">&nbsp; &nbsp; &nbsp; &nbsp; <\/span><b>Tu op&auml;\u0165 kladiem ot&aacute;zku<\/b>, mil&iacute; bratia a sestry,&nbsp; \u010di t&iacute;, ktor&iacute; &bdquo; sa modlia po\u010das roka iba doma &ldquo;, \u010di aj otv&aacute;raj&uacute; P&iacute;smo, \u010di \u010d&iacute;taj&uacute; a po\u010d&uacute;vaj&uacute; to svedectvo evanjelistov a apo&scaron;tolov, teda \u010di aj po\u010d&uacute;vaj&uacute; to, \u010do Boh hovor&iacute;, alebo&nbsp; \u010di iba sami hovoria?&nbsp; To v&scaron;ak potom nie je rozhovor, ale monol&oacute;g&nbsp; \u010dloveka. Nie som si ist&yacute; a nem&ocirc;\u017eem s plnou zodpovedos\u0165ou tvrdi\u0165, ani dnes ani nesk&ocirc;r, \u017ee P&aacute;n Boh prij&iacute;ma iba monol&oacute;gy, ale m&ocirc;\u017eem sved\u010di\u0165 o tom, \u017ee je ochotn&yacute; sa s nami rozpr&aacute;va\u0165. Ak my po\u010d&uacute;vame Jeho, aj On po\u010d&uacute;va n&aacute;s! Ak prij&iacute;mame Jeho slovo, vn&iacute;ma citlivo a s l&aacute;skou On na&scaron;e! &nbsp; &nbsp; &nbsp; &nbsp; &nbsp; &nbsp; &nbsp; &nbsp; &nbsp; &nbsp;<\/p>\n<p style=\"margin: 0.0px 0.0px 0.0px 0.0px; font: 12.0px Times New Roman; min-height: 15.0px\">&nbsp;<\/p>\n<p style=\"margin: 0.0px 0.0px 0.0px 0.0px; font: 16.0px Times New Roman\"><span style=\"font: 12.0px Times New Roman\">&nbsp;&nbsp; &nbsp; <\/span>Duch Sv&auml;t&yacute; n&aacute;s aj dnes chce povola\u0165 na cestu, k \u017eivotu s na&scaron;&iacute;m P&aacute;nom! Chce n&aacute;s osvecova\u0165 i posv&auml;cova\u0165, ako aj cel&uacute; kres\u0165ansk&uacute; Cirkev: povol&aacute;va a zhroma\u017e\u010fuje! Tvor&iacute; z jednotlivcov spolo\u010denstvo &ndash; Bo\u017eiu rodinu! &bdquo;<i>Cestu, kam idem zn&aacute;te&ldquo;<\/i> &#8211; hovor&iacute; P&aacute;n a t&uacute;to cestu n&aacute;m d&aacute;va aj pozna\u0165. Nebu\u010fme pochybuj&uacute;ci. On aj n&aacute;s premen&iacute; na veriacich, ako Tom&aacute;&scaron;a, ke\u010f pri&scaron;iel medzi u\u010den&iacute;kov a poznal Je\u017ei&scaron;a ako \u017eiv&eacute;ho Spasite\u013ea o ktorom vyznal:<i> P&aacute;n m&ocirc;j a Boh m&ocirc;j!<\/i><\/p>\n<p style=\"margin: 0.0px 0.0px 0.0px 0.0px; font: 16.0px Times New Roman\">Preto sme&nbsp; tu, bratia a sestry aj my v dne&scaron;n&eacute; novoro\u010dn&eacute; r&aacute;no, aby sme &bdquo;<i>Hospodinu podali ruky.<\/i>&ldquo; Aby sme sa povzbudili vo viere za pr&iacute;kladom apo&scaron;tolov a celej Cirkvi. To je na&scaron;a t&uacute;\u017eba, mo\u017enos\u0165 i spolo\u010dn&aacute; prosba.&nbsp; \u010cas, ktor&yacute; je n&aacute;m darovan&yacute; je ponukou milosti a pozvan&iacute;m do spolo\u010denstva s Otcom, Synom i Duchom Sv&auml;t&yacute;m, spolo\u010denstva \u010dasn&eacute;ho i ve\u010dn&eacute;ho. Amen. &nbsp;<\/p>\n<p style=\"margin: 0.0px 0.0px 0.0px 0.0px; font: 12.0px Times New Roman\">&nbsp;&nbsp; &nbsp; &nbsp; &nbsp; &nbsp; &nbsp; &nbsp; &nbsp; &nbsp; &nbsp; &nbsp; &nbsp; &nbsp; &nbsp; &nbsp; &nbsp; &nbsp; &nbsp; &nbsp; &nbsp; &nbsp; &nbsp; &nbsp; &nbsp; &nbsp; &nbsp; &nbsp; &nbsp; &nbsp; &nbsp;Nov&yacute; rok P&aacute;nov 2011 &ndash; Soboti&scaron;te&nbsp; &#8211;&nbsp; \u013d.Batka st.<\/p>\n<div>&nbsp;<\/div>\n","protected":false},"excerpt":{"rendered":"<p>&nbsp;&nbsp;&nbsp; &nbsp; &nbsp; &nbsp; &nbsp; &nbsp; &nbsp; &nbsp; &nbsp; &nbsp; &nbsp; &nbsp; &nbsp; &nbsp; &nbsp; &nbsp; &nbsp; &nbsp; &nbsp; &nbsp; &nbsp; &nbsp; &nbsp; &nbsp; &nbsp; &nbsp; &nbsp; &nbsp; &nbsp; &nbsp; &nbsp; &nbsp; &nbsp;&nbsp;Cesta,&nbsp; pravda i&nbsp; \u017eivot V mene Tvojom, Synu Bo\u017e&iacute; v tomto na&scaron;om milom chr&aacute;me dnes rok nov&yacute; otv&aacute;rame. &Oacute;, praj, nech \u013eud n&aacute;dej &#8230; <a title=\"Cesta, pravda i \u017eivot\" class=\"read-more\" href=\"https:\/\/www.e-anjelik.sk\/index.php\/2011\/02\/26\/cesta-pravda-i-zivot\/\" aria-label=\"Pre\u010d\u00edtajte si viac o Cesta, pravda i \u017eivot\">\u010c\u00edta\u0165 viac<\/a><\/p>\n","protected":false},"author":4,"featured_media":0,"comment_status":"open","ping_status":"open","sticky":false,"template":"","format":"standard","meta":{"footnotes":""},"categories":[121,15,95],"tags":[],"class_list":["post-3405","post","type-post","status-publish","format-standard","hentry","category-kazne","category-novy-rok","category-sobotiste"],"_links":{"self":[{"href":"https:\/\/www.e-anjelik.sk\/index.php\/wp-json\/wp\/v2\/posts\/3405","targetHints":{"allow":["GET"]}}],"collection":[{"href":"https:\/\/www.e-anjelik.sk\/index.php\/wp-json\/wp\/v2\/posts"}],"about":[{"href":"https:\/\/www.e-anjelik.sk\/index.php\/wp-json\/wp\/v2\/types\/post"}],"author":[{"embeddable":true,"href":"https:\/\/www.e-anjelik.sk\/index.php\/wp-json\/wp\/v2\/users\/4"}],"replies":[{"embeddable":true,"href":"https:\/\/www.e-anjelik.sk\/index.php\/wp-json\/wp\/v2\/comments?post=3405"}],"version-history":[{"count":0,"href":"https:\/\/www.e-anjelik.sk\/index.php\/wp-json\/wp\/v2\/posts\/3405\/revisions"}],"wp:attachment":[{"href":"https:\/\/www.e-anjelik.sk\/index.php\/wp-json\/wp\/v2\/media?parent=3405"}],"wp:term":[{"taxonomy":"category","embeddable":true,"href":"https:\/\/www.e-anjelik.sk\/index.php\/wp-json\/wp\/v2\/categories?post=3405"},{"taxonomy":"post_tag","embeddable":true,"href":"https:\/\/www.e-anjelik.sk\/index.php\/wp-json\/wp\/v2\/tags?post=3405"}],"curies":[{"name":"wp","href":"https:\/\/api.w.org\/{rel}","templated":true}]}}