{"id":34065,"date":"2020-11-13T22:31:26","date_gmt":"2020-11-13T21:31:26","guid":{"rendered":"http:\/\/e-anjelik.sk\/?p=34065"},"modified":"2020-11-13T22:31:26","modified_gmt":"2020-11-13T21:31:26","slug":"usmernenie-predsednictva-ecav","status":"publish","type":"post","link":"https:\/\/www.e-anjelik.sk\/index.php\/2020\/11\/13\/usmernenie-predsednictva-ecav\/","title":{"rendered":"Usmernenie predsedn\u00edctva ECAV"},"content":{"rendered":"\n<h1 class=\"wp-block-heading\">Usmernenie predsedn\u00edctva ECAV pre najbli\u017e\u0161ie dni<\/h1>\n\n\n\n<ul class=\"wp-block-list\"><li>&nbsp;13.11.20<\/li><li>&nbsp;&nbsp;Predsedn\u00edctvo ECAV na Slovensku<\/li><li>&nbsp;<a href=\"https:\/\/www.ecav.sk\/aktuality\/stanoviska-a-vyjadrenia\">&nbsp;Stanovisk\u00e1 a vyjadrenia<\/a><\/li><\/ul>\n\n\n\n<figure class=\"wp-block-image\"><a href=\"https:\/\/www.ecav.sk\/rails\/active_storage\/blobs\/eyJfcmFpbHMiOnsibWVzc2FnZSI6IkJBaHBBaXVWIiwiZXhwIjpudWxsLCJwdXIiOiJibG9iX2lkIn19--39c7c7a3b4b7f074a6dc9fa773f65fd93f5d2373\/IMG_4648.JPG\"><img decoding=\"async\" src=\"https:\/\/www.ecav.sk\/rails\/active_storage\/representations\/eyJfcmFpbHMiOnsibWVzc2FnZSI6IkJBaHBBaXVWIiwiZXhwIjpudWxsLCJwdXIiOiJibG9iX2lkIn19--39c7c7a3b4b7f074a6dc9fa773f65fd93f5d2373\/eyJfcmFpbHMiOnsibWVzc2FnZSI6IkJBaDdCam9MY21WemFYcGxTU0lJT1RBd0Jqb0dSVlE9IiwiZXhwIjpudWxsLCJwdXIiOiJ2YXJpYXRpb24ifX0=--f83398908a42570f1be2d2870fc3e62f317d893b\/IMG_4648.JPG\" alt=\"Usmernenie predsedn\u00edctva ECAV pre najbli\u017e\u0161ie dni\"\/><\/a><\/figure>\n\n\n\n<p>Bratia a sestry,&nbsp;<\/p>\n\n\n\n<p>d\u00fafali sme, \u017ee V\u00e1m dnes budeme m\u00f4c\u0165 ozn\u00e1mi\u0165 najnov\u0161ie stanovisko vl\u00e1dy k rie\u0161eniu pandemickej situ\u00e1cie, ktor\u00e9ho ofici\u00e1lne zverejnenie sme o\u010dak\u00e1vali. Podobne ako vy sa v\u0161ak zatia\u013e dost\u00e1vame len k inform\u00e1ci\u00e1m z m\u00e9di\u00ed. \u010cas v\u0161ak be\u017e\u00ed a pred nami je nede\u013ea a Va\u0161e online prenosy Slu\u017eieb Bo\u017e\u00edch, po\u010das ktor\u00fdch budete m\u00f4c\u0165 mnoh\u00ed informova\u0165 \u010dlenov Va\u0161ich cirkevn\u00fdch zborov.<\/p>\n\n\n\n<p>Z tohto d\u00f4vodu V\u00e1m u\u017e teraz d\u00e1vame na vedomie to, \u010do sa n\u00e1m podarilo zisti\u0165. Na\u0161e kostoly budeme m\u00f4c\u0165 od pondelka 16. novembra op\u00e4\u0165 otvori\u0165. \u00da\u010das\u0165 bude mo\u017en\u00e1 len na 50% ich kapacity. Pros\u00edme V\u00e1s, ve\u013emi disciplinovane dodr\u017eiavajme pravidlo nosenia r\u00fa\u0161ka, odstupov a nepod\u00e1vania si r\u00fak. T\u00fa\u017eime, aby na\u0161e zhroma\u017edenia boli teraz miestom povzbudenia a posilnenia po\u010das \u0165a\u017ek\u00fdch \u010dias a nemuseli zn\u00e1\u0161a\u0165 ataky, \u017ee s\u00fa rizikom a ohrozen\u00edm pre spolo\u010dnos\u0165. Bu\u010fte, pros\u00edme, ve\u013emi obozretn\u00ed! Sami vyhodnocujte situ\u00e1ciu a rie\u0161te ju pod\u013ea svojich miestnych pomerov a mo\u017enost\u00ed.<\/p>\n\n\n\n<p>Spomenut\u00e9 otvorenie kostolov v ich polovi\u010dnej kapacite sa zrejme t\u00fdka aj obnovenia mo\u017enosti na\u0161ich vn\u00fatromisijn\u00fdch aktiv\u00edt a stretan\u00ed&nbsp;spolo\u010denstiev. Aj tu V\u00e1s pros\u00edme o disciplinovanos\u0165, obozretnos\u0165&nbsp;a zodpovedn\u00e9 rie\u0161enia pod\u013ea vlastn\u00fdch pomerov a mo\u017enost\u00ed.<\/p>\n\n\n\n<p>Ke\u010f sa k&nbsp;n\u00e1m dostane ofici\u00e1lne usmernenie alebo ak\u00e9ko\u013evek vyjadrenie, budeme v\u00e1s informova\u0165.<\/p>\n\n\n\n<p>P\u00e1n nech je so v\u0161etk\u00fdmi nami!&nbsp;<\/p>\n\n\n\n<p>&#8222;Preto zoberte na seba cel\u00fa v\u00fdzbroj Bo\u017eiu, aby ste mohli odola\u0165 v zl\u00fd de\u0148, v\u0161etko prekona\u0165 a obst\u00e1\u0165!&#8220; &nbsp;Efezsk\u00fdm 6, 13.<\/p>\n\n\n\n<p><\/p>\n","protected":false},"excerpt":{"rendered":"<p>Usmernenie predsedn\u00edctva ECAV pre najbli\u017e\u0161ie dni &nbsp;13.11.20 &nbsp;&nbsp;Predsedn\u00edctvo ECAV na Slovensku &nbsp;&nbsp;Stanovisk\u00e1 a vyjadrenia Bratia a sestry,&nbsp; d\u00fafali sme, \u017ee V\u00e1m dnes budeme m\u00f4c\u0165 ozn\u00e1mi\u0165 najnov\u0161ie stanovisko vl\u00e1dy k rie\u0161eniu pandemickej situ\u00e1cie, ktor\u00e9ho ofici\u00e1lne zverejnenie sme o\u010dak\u00e1vali. Podobne ako vy sa v\u0161ak zatia\u013e dost\u00e1vame len k inform\u00e1ci\u00e1m z m\u00e9di\u00ed. \u010cas v\u0161ak be\u017e\u00ed a pred nami &#8230; <a title=\"Usmernenie predsedn\u00edctva ECAV\" class=\"read-more\" href=\"https:\/\/www.e-anjelik.sk\/index.php\/2020\/11\/13\/usmernenie-predsednictva-ecav\/\" aria-label=\"Pre\u010d\u00edtajte si viac o Usmernenie predsedn\u00edctva ECAV\">\u010c\u00edta\u0165 viac<\/a><\/p>\n","protected":false},"author":4,"featured_media":0,"comment_status":"open","ping_status":"open","sticky":false,"template":"","format":"standard","meta":{"footnotes":""},"categories":[4,193,177],"tags":[],"class_list":["post-34065","post","type-post","status-publish","format-standard","hentry","category-akcie","category-co-pisu-ini","category-gbu"],"_links":{"self":[{"href":"https:\/\/www.e-anjelik.sk\/index.php\/wp-json\/wp\/v2\/posts\/34065","targetHints":{"allow":["GET"]}}],"collection":[{"href":"https:\/\/www.e-anjelik.sk\/index.php\/wp-json\/wp\/v2\/posts"}],"about":[{"href":"https:\/\/www.e-anjelik.sk\/index.php\/wp-json\/wp\/v2\/types\/post"}],"author":[{"embeddable":true,"href":"https:\/\/www.e-anjelik.sk\/index.php\/wp-json\/wp\/v2\/users\/4"}],"replies":[{"embeddable":true,"href":"https:\/\/www.e-anjelik.sk\/index.php\/wp-json\/wp\/v2\/comments?post=34065"}],"version-history":[{"count":1,"href":"https:\/\/www.e-anjelik.sk\/index.php\/wp-json\/wp\/v2\/posts\/34065\/revisions"}],"predecessor-version":[{"id":34066,"href":"https:\/\/www.e-anjelik.sk\/index.php\/wp-json\/wp\/v2\/posts\/34065\/revisions\/34066"}],"wp:attachment":[{"href":"https:\/\/www.e-anjelik.sk\/index.php\/wp-json\/wp\/v2\/media?parent=34065"}],"wp:term":[{"taxonomy":"category","embeddable":true,"href":"https:\/\/www.e-anjelik.sk\/index.php\/wp-json\/wp\/v2\/categories?post=34065"},{"taxonomy":"post_tag","embeddable":true,"href":"https:\/\/www.e-anjelik.sk\/index.php\/wp-json\/wp\/v2\/tags?post=34065"}],"curies":[{"name":"wp","href":"https:\/\/api.w.org\/{rel}","templated":true}]}}