{"id":3407,"date":"2011-02-26T11:24:29","date_gmt":"2011-02-26T11:24:29","guid":{"rendered":"http:\/\/e-anjelik.sk\/?p=3407"},"modified":"2011-02-26T11:24:29","modified_gmt":"2011-02-26T11:24:29","slug":"vymeny-biskupov-v-dvoch-svedskych-diecezach","status":"publish","type":"post","link":"https:\/\/www.e-anjelik.sk\/index.php\/2011\/02\/26\/vymeny-biskupov-v-dvoch-svedskych-diecezach\/","title":{"rendered":"V\u00fdmeny biskupov v dvoch \u0161v\u00e9dskych diec\u00e9zach"},"content":{"rendered":"<p>V utorok 22. febru&aacute;ra t.r. sa l&uacute;\u010dil v Linkopingu so svojou diec&eacute;zou jej odch&aacute;dzaj&uacute;ci biskup Martin Lind. To ist&eacute; vykon&aacute;&nbsp; v sobotu 26. febr. vo Visby doteraj&scaron;&iacute; biskup Lennart Koskinen. Novozvolen&iacute; biskupi v t&yacute;chto diec&eacute;zach bud&uacute; spolu vysv&auml;ten&iacute; za biskupov v katedr&aacute;le v Uppsale 6. marca 2011 arcibiskupom A. Wejrydom. N&aacute;sledne v sobotu 12. marca bude v Linkopingu in&scaron;tal&aacute;cia v katedr&aacute;le nov&eacute;ho biskupa Martina Modeusa. In&scaron;tal&aacute;cia v katedr&aacute;le vo Visby tamoj&scaron;ieho nov&eacute;ho biskupa Svena Bernharda Fasta bude v nede\u013eu 13. marca 2011.<\/p>\n<p>(<a href=\"http:\/\/www.kyrkanstidning.se\">www.kyrkanstidning.se<\/a>)<\/p>\n<p>&nbsp;<\/p>\n","protected":false},"excerpt":{"rendered":"<p>V utorok 22. febru&aacute;ra t.r. sa l&uacute;\u010dil v Linkopingu so svojou diec&eacute;zou jej odch&aacute;dzaj&uacute;ci biskup Martin Lind. To ist&eacute; vykon&aacute;&nbsp; v sobotu 26. febr. vo Visby doteraj&scaron;&iacute; biskup Lennart Koskinen. Novozvolen&iacute; biskupi v t&yacute;chto diec&eacute;zach bud&uacute; spolu vysv&auml;ten&iacute; za biskupov v katedr&aacute;le v Uppsale 6. marca 2011 arcibiskupom A. Wejrydom. N&aacute;sledne v sobotu 12. marca &#8230; <a title=\"V\u00fdmeny biskupov v dvoch \u0161v\u00e9dskych diec\u00e9zach\" class=\"read-more\" href=\"https:\/\/www.e-anjelik.sk\/index.php\/2011\/02\/26\/vymeny-biskupov-v-dvoch-svedskych-diecezach\/\" aria-label=\"Pre\u010d\u00edtajte si viac o V\u00fdmeny biskupov v dvoch \u0161v\u00e9dskych diec\u00e9zach\">\u010c\u00edta\u0165 viac<\/a><\/p>\n","protected":false},"author":22,"featured_media":0,"comment_status":"open","ping_status":"open","sticky":false,"template":"","format":"standard","meta":{"footnotes":""},"categories":[42,10],"tags":[],"class_list":["post-3407","post","type-post","status-publish","format-standard","hentry","category-skandinavia","category-zo-sveta"],"_links":{"self":[{"href":"https:\/\/www.e-anjelik.sk\/index.php\/wp-json\/wp\/v2\/posts\/3407","targetHints":{"allow":["GET"]}}],"collection":[{"href":"https:\/\/www.e-anjelik.sk\/index.php\/wp-json\/wp\/v2\/posts"}],"about":[{"href":"https:\/\/www.e-anjelik.sk\/index.php\/wp-json\/wp\/v2\/types\/post"}],"author":[{"embeddable":true,"href":"https:\/\/www.e-anjelik.sk\/index.php\/wp-json\/wp\/v2\/users\/22"}],"replies":[{"embeddable":true,"href":"https:\/\/www.e-anjelik.sk\/index.php\/wp-json\/wp\/v2\/comments?post=3407"}],"version-history":[{"count":0,"href":"https:\/\/www.e-anjelik.sk\/index.php\/wp-json\/wp\/v2\/posts\/3407\/revisions"}],"wp:attachment":[{"href":"https:\/\/www.e-anjelik.sk\/index.php\/wp-json\/wp\/v2\/media?parent=3407"}],"wp:term":[{"taxonomy":"category","embeddable":true,"href":"https:\/\/www.e-anjelik.sk\/index.php\/wp-json\/wp\/v2\/categories?post=3407"},{"taxonomy":"post_tag","embeddable":true,"href":"https:\/\/www.e-anjelik.sk\/index.php\/wp-json\/wp\/v2\/tags?post=3407"}],"curies":[{"name":"wp","href":"https:\/\/api.w.org\/{rel}","templated":true}]}}