{"id":3408,"date":"2011-02-26T12:16:23","date_gmt":"2011-02-26T12:16:23","guid":{"rendered":"http:\/\/e-anjelik.sk\/?p=3408"},"modified":"2011-02-26T12:16:23","modified_gmt":"2011-02-26T12:16:23","slug":"v-sasku-otvoria-250-evanjelicku-utulnu-pre-deti","status":"publish","type":"post","link":"https:\/\/www.e-anjelik.sk\/index.php\/2011\/02\/26\/v-sasku-otvoria-250-evanjelicku-utulnu-pre-deti\/","title":{"rendered":"V Sasku otvoria 250. evanjelick\u00fa \u00fatul\u0148u pre deti"},"content":{"rendered":"<p>V nede\u013eu 27. febru&aacute;ra 2011 bude v kostole Dr&aacute;\u017e\u010fany-Weixdorf rodinn&aacute; &nbsp;bohoslu\u017eba pri pr&iacute;le\u017eitosti otvorenia 250. evanjelick&eacute;ho &uacute;tulku pre deti. Budovu pre tento &uacute;\u010del&nbsp;s kapacitou 54 miest, z toho 16 miest pre jasli\u010dky, gener&aacute;lne zrenovovali pomocou miestn&eacute;ho cirkevn&eacute;ho zboru Ev. lut. krajinskej cirkvi, Diakonie a Mestskej misie. Sask&aacute; krajinsk&aacute; cirkev m&aacute; vo svojej opatere do 20 tis&iacute;c det&iacute;,\u010d&iacute;m podiel evanjelick&yacute;ch matersk&yacute;ch &scaron;k&ocirc;lok spomedzi v&scaron;etk&yacute;ch vo\u013en&yacute;ch zria\u010fovate\u013eov \u010din&iacute; 20%. Poobede v ten ist&yacute; de\u0148 bud&uacute; dvere novo otvoren&eacute;ho &uacute;tulku pre deti otvoren&eacute; pre n&aacute;v&scaron;tevu verejnosti.<\/p>\n<p>(<a href=\"http:\/\/www.evlks.de\">www.evlks.de<\/a>)<\/p>\n<p>&nbsp;<\/p>\n","protected":false},"excerpt":{"rendered":"<p>V nede\u013eu 27. febru&aacute;ra 2011 bude v kostole Dr&aacute;\u017e\u010fany-Weixdorf rodinn&aacute; &nbsp;bohoslu\u017eba pri pr&iacute;le\u017eitosti otvorenia 250. evanjelick&eacute;ho &uacute;tulku pre deti. Budovu pre tento &uacute;\u010del&nbsp;s kapacitou 54 miest, z toho 16 miest pre jasli\u010dky, gener&aacute;lne zrenovovali pomocou miestn&eacute;ho cirkevn&eacute;ho zboru Ev. lut. krajinskej cirkvi, Diakonie a Mestskej misie. Sask&aacute; krajinsk&aacute; cirkev m&aacute; vo svojej opatere do 20 &#8230; <a title=\"V Sasku otvoria 250. evanjelick\u00fa \u00fatul\u0148u pre deti\" class=\"read-more\" href=\"https:\/\/www.e-anjelik.sk\/index.php\/2011\/02\/26\/v-sasku-otvoria-250-evanjelicku-utulnu-pre-deti\/\" aria-label=\"Pre\u010d\u00edtajte si viac o V Sasku otvoria 250. evanjelick\u00fa \u00fatul\u0148u pre deti\">\u010c\u00edta\u0165 viac<\/a><\/p>\n","protected":false},"author":22,"featured_media":0,"comment_status":"open","ping_status":"open","sticky":false,"template":"","format":"standard","meta":{"footnotes":""},"categories":[9,10],"tags":[221],"class_list":["post-3408","post","type-post","status-publish","format-standard","hentry","category-europa","category-zo-sveta","tag-diakonia"],"_links":{"self":[{"href":"https:\/\/www.e-anjelik.sk\/index.php\/wp-json\/wp\/v2\/posts\/3408","targetHints":{"allow":["GET"]}}],"collection":[{"href":"https:\/\/www.e-anjelik.sk\/index.php\/wp-json\/wp\/v2\/posts"}],"about":[{"href":"https:\/\/www.e-anjelik.sk\/index.php\/wp-json\/wp\/v2\/types\/post"}],"author":[{"embeddable":true,"href":"https:\/\/www.e-anjelik.sk\/index.php\/wp-json\/wp\/v2\/users\/22"}],"replies":[{"embeddable":true,"href":"https:\/\/www.e-anjelik.sk\/index.php\/wp-json\/wp\/v2\/comments?post=3408"}],"version-history":[{"count":0,"href":"https:\/\/www.e-anjelik.sk\/index.php\/wp-json\/wp\/v2\/posts\/3408\/revisions"}],"wp:attachment":[{"href":"https:\/\/www.e-anjelik.sk\/index.php\/wp-json\/wp\/v2\/media?parent=3408"}],"wp:term":[{"taxonomy":"category","embeddable":true,"href":"https:\/\/www.e-anjelik.sk\/index.php\/wp-json\/wp\/v2\/categories?post=3408"},{"taxonomy":"post_tag","embeddable":true,"href":"https:\/\/www.e-anjelik.sk\/index.php\/wp-json\/wp\/v2\/tags?post=3408"}],"curies":[{"name":"wp","href":"https:\/\/api.w.org\/{rel}","templated":true}]}}