{"id":34088,"date":"2020-11-21T23:41:11","date_gmt":"2020-11-21T22:41:11","guid":{"rendered":"http:\/\/e-anjelik.sk\/?p=34088"},"modified":"2020-11-21T23:41:11","modified_gmt":"2020-11-21T22:41:11","slug":"volba-v-nedelu-vecnosti","status":"publish","type":"post","link":"https:\/\/www.e-anjelik.sk\/index.php\/2020\/11\/21\/volba-v-nedelu-vecnosti\/","title":{"rendered":"Vo\u013eba v nede\u013eu ve\u010dnosti"},"content":{"rendered":"\n<p><em>&nbsp;&nbsp; &nbsp; &nbsp; &nbsp; &nbsp; &nbsp; &nbsp; &nbsp;<\/em><strong> &nbsp; Vo\u013eba v nede\u013eu ve\u010dnosti<\/strong><\/p>\n\n\n\n<p><em>Kriste, Kr\u00e1\u013eu n\u00e1m dan\u00fd,<\/em><\/p>\n\n\n\n<p><em>ve\u013ek\u00fd v moci, sl\u00e1ve,<\/em><\/p>\n\n\n\n<p><em>ochra\u0148uj n\u00e1s, bu\u010f s nami,<\/em><\/p>\n\n\n\n<p><em>ve\u010f po ceste pravej.<\/em><\/p>\n\n\n\n<p><em>S Tebou ke\u010f spojen\u00ed sme<\/em><\/p>\n\n\n\n<p><em>vierou v \u010dasnej vlasti,<\/em><\/p>\n\n\n\n<p><em>iste v\u0161etci pr\u00eddeme<\/em><\/p>\n\n\n\n<p><em>k Tebe do ve\u010dnosti. Amen (M.R.)<\/em><\/p>\n\n\n\n<p><strong>L 23, 42 &#8211; 43:<\/strong><\/p>\n\n\n\n<p><em>\u201cPotom povedal Je\u017ei\u0161ovi: Pane, Je\u017ei\u0161i, rozpome\u0148 sa na m\u0148a, ke\u010f pr\u00edde\u0161 do svojho kr\u00e1\u013eovstva. (43) Odpovedal mu Je\u017ei\u0161: Veru, hovor\u00edm ti: Dnes bude\u0161 so mnou v raji!\u201d Amen<\/em><\/p>\n\n\n\n<p><strong>&nbsp; <\/strong>&nbsp; Autor \u00fachvatnej knihy: \u017divot Krista, Giovanni Papini, uv\u00e1dza o sebe v \u00favode knihy aj tak\u00fdto \u00fadaj: <em>\u201dSom Floren\u0165an, pr\u00edslu\u0161n\u00edk toho n\u00e1roda, ktor\u00fd si jedin\u00fd vyvolil Krista za vlastn\u00e9ho kr\u00e1\u013ea. Prv\u00fd pri\u0161iel na t\u00fato my\u0161lienku Girolamo Savonarola v roku 1495, ale nemohol ju uskuto\u010di\u0165. Ujali sa jej v zl\u00fdch chv\u00ed\u013each hroziaceho ob\u013eahnutia roku 1527 a bola prijat\u00e1 ve\u013ekou v\u00e4\u010d\u0161inou. Nad br\u00e1nou starej radnice -zamurovali mramorov\u00fa tabu\u013eu s n\u00e1pisom: YHS Christus Populi S P Decreto Electus (preklad z lat: \u201cJe\u017ei\u0161 \u013eudsk\u00fd Spasite\u013e, Kristus, kr\u00e1\u013e florentsk\u00e9ho \u013eudu, verejn\u00fdm dekr\u00e9tom vyvolen\u00fd\u201d ). <\/em>G.Papini \u010falej dod\u00e1va: <em>\u201dTento n\u00e1pis je tam dosia\u013e a toto uznesenie nebolo nikdy form\u00e1lne odvolan\u00e9 a popren\u00e9<\/em>. <em>Spisovate\u013e tohto diela je preto hrd\u00fd, \u017ee e\u0161te dnes, po \u0161tyristo rokoch uchvatite\u013eskej vl\u00e1dy, m\u00f4\u017ee sa nazva\u0165 poddan\u00fdm a vojakom Krista, Kr\u00e1\u013ea.\u201d <\/em>(G.Papini: \u017divot Krista, s.20)<\/p>\n\n\n\n<p>&nbsp; &nbsp; &nbsp; Je to pozoruhodn\u00e9 vyznanie. Nielen preto, \u017ee v s\u00fa\u010dasnom Taliansku maj\u00fa len od 2. svetovej vojny azda u\u017e tri stovky r\u00f4znych vl\u00e1d, ale najm\u00e4 preto, \u017ee G.Papini vyznanie: \u201cJe\u017ei\u0161 Kristus je moj\u00edm Kr\u00e1\u013eom\u201d zobral naplno v\u00e1\u017ene so v\u0161etk\u00fdmi d\u00f4sledkami a \u017ee pod\u013ea tohoto vyznania aj \u017eil. Podobne M.Luther v Malom katechizme, pri vysvetlen\u00ed 2. \u010dl\u00e1nku Viery v\u0161eobecnej kres\u0165anskej vyzn\u00e1va: \u201c<em>Je\u017ei\u0161 Kristus &#8211; je mojim P\u00e1nom\u201d.&nbsp;<\/em><\/p>\n\n\n\n<p>&nbsp; &nbsp; Pred rovnakou vo\u013ebou stoj\u00edme v\u017edy znovu aj my. Aj teraz, ke\u010f sme pri\u0161li z Bo\u017eej milosti ku koncu cirkevn\u00e9ho roku a ke\u010f sa n\u00e1sledne pred nami otvor\u00ed nov\u00fd. Koho si vyvol\u00edme za najvy\u0161\u0161ieho p\u00e1na a kr\u00e1\u013ea a komu budeme na\u010falej d\u00f4verova\u0165? Kto je a zostane na\u0161\u00edm kr\u00e1\u013eom? Je to iba nejak\u00fd pominute\u013en\u00fd \u010dlovek, alebo Bo\u017e\u00ed Syn Je\u017ei\u0161 Kristus? O \u0147om sme a\u017e doteraz vyzn\u00e1vali, \u017ee je Kr\u00e1\u013eom kr\u00e1\u013eov a P\u00e1nom p\u00e1nov.( Zj 19, 16) Chceme aj na\u010fdalej patri\u0165 pod Jeho vl\u00e1du a patri\u0165 do Jeho kr\u00e1\u013eovstva? Ide o d\u00f4le\u017eit\u00e9 a k\u013e\u00fa\u010dov\u00e9 rozhodnutie.&nbsp; &nbsp;<\/p>\n\n\n\n<p>&nbsp; &nbsp; Pred ot\u00e1zkou a vo\u013ebou, koho posl\u00facha\u0165 a komu sl\u00fa\u017ei\u0165, st\u00e1li u\u017e Adam a Eva v z\u00e1hrade \u00c9den. Po nich v\u0161etci \u013eudia musia urobi\u0165 rovnak\u00e9 d\u00f4le\u017eit\u00e9 rozhodnutie. Podobn\u00fa vo\u013ebu n\u00e1m pribli\u017euje aj kniha J\u00f3zuova: J\u00f3zua, n\u00e1stupca Moj\u017ei\u0161ov, zvolal z\u00e1stupcov \u013eudu do S\u00edchemu a vyzval ich: <em>\u201cVyvo\u013ete si dnes, komu chcete sl\u00fa\u017ei\u0165..! \u201c<\/em><\/p>\n\n\n\n<p>Potom svoj \u013eud povzbudil vyznan\u00edm: <em>\u201cJa a m\u00f4j dom budeme sl\u00fa\u017ei\u0165 Hospodinu\u201d. ( Joz 24,15 ) Aj k<\/em>niha Sudcov obsahuje podobn\u00e9 v\u00fdzvy a opisy volieb \u013eudu izraelsk\u00e9ho, v ktor\u00fdch si mal \u013eud vybra\u0165 kto bude ich kr\u00e1\u013eom. Hospodin, alebo nejak\u00fd \u010dlovek, pod\u013ea pr\u00edkladu okolit\u00fdch pohansk\u00fdch n\u00e1rodov? Izraelci dlho odol\u00e1vali poku\u0161eniu zvoli\u0165 si za kr\u00e1\u013e \u010dloveka. Je zn\u00e1me vyhl\u00e1senie Gideona, ktor\u00fd odmietol ponuku sta\u0165 sa kr\u00e1\u013eom:<em>\u201dNebudem panova\u0165 nad vami\u2026Hospodin bude panova\u0165 nad vami\u201d. ( Sud 8, 23) <\/em>Zbo\u017en\u00fd k\u0148az Samuel varoval \u013eud pred zradou, ktorej by sa Izrael dopustil, ak by sa vzdal svojho P\u00e1na a Kr\u00e1\u013ea Hospodina a vyvolil si kr\u00e1\u013ea pod\u013ea vzoru pohanov. Napokon pomazal za kr\u00e1\u013ea Saula, ale n\u00e1deje \u013eudu sa nenaplnili. Po Saulovi pri\u0161iel na tr\u00f3n zbo\u017en\u00fd D\u00e1vid, ktor\u00fd sa usiloval plni\u0165 Bo\u017eiu v\u00f4\u013eu. Jeho \u00faspe\u0161n\u00fdmi bojmi kr\u00e1\u013eovstvo r\u00e1stlo. V mladosti si m\u00fadro po\u010d\u00ednal aj jeho syn \u0160alam\u00fan, ale m\u00fadros\u0165 ho nezachr\u00e1nila, ke\u010f prestal by\u0165 vern\u00fd Hospodinu. Po jeho smrti sa izraelsk\u00e9 kr\u00e1\u013eovstvo rozpadlo na dve \u010dasti. Obe kr\u00e1\u013eovstv\u00e1 \u010dasom zanikli a nad \u013eudom Izraela vl\u00e1dlo mnoho cudz\u00edch a nepriate\u013esk\u00fdch kr\u00e1\u013eov. Medzi posledn\u00fdch patril Idumejec Herodes Ve\u013ek\u00fd. Kr\u00e1\u013eovstvo sa rozdelilo medzi jeho synov, ale za ich vl\u00e1dy rozdelen\u00e9 kr\u00e1\u013eovstvo zaniklo. Vyvrcholen\u00edm dlhej etapy r\u00f4zneho \u00fatlaku \u013eudu SZ sa stal smutne zn\u00e1my holokaust. Dodnes je \u0161t\u00e1t Izrael ohrozovan\u00fd nepriate\u013emi a \u017eije v ustavi\u010dn\u00fdch nap\u00e4tiach.<\/p>\n\n\n\n<p>&nbsp;&nbsp; &nbsp; Bratia a sestry! Posledn\u00fa nede\u013eu v cirkevnom roku naz\u00fdvame nede\u013eou ve\u010dnosti. Pripom\u00edna n\u00e1m, \u017ee sa neprestajme bl\u00ed\u017eime k ve\u010dnosti. V \u010dasnosti sa skon\u010dia v\u0161etky na\u0161e dni o ktor\u00fdch pravdivo hovor\u00ed \u017ealmista:<em> \u201dKon\u010d\u00edme svoje roky ako vzdych\u201d (\u017d 90)<\/em>. Preto je na\u0161a vo\u013eba tak\u00e1 d\u00f4le\u017eit\u00e1. Vo\u013eba Je\u017ei\u0161a za n\u00e1\u0161ho P\u00e1na n\u00e1m garantuje ve\u010dnos\u0165 s N\u00edm, ve\u010dnos\u0165 v Jeho kr\u00e1\u013eovstve. Jeho odmietnutie prin\u00e1\u0161a zatratenie a ve\u010dn\u00fa smr\u0165.<\/p>\n\n\n\n<p>&nbsp;&nbsp; &nbsp; Evanjelista Luk\u00e1\u0161 n\u00e1m pribli\u017euje d\u00f4le\u017eit\u00fa vo\u013ebu mu\u017ea, ktor\u00e9mu ost\u00e1vali na zemi u\u017e iba posledn\u00e9 hodiny \u017eivota. Hovor\u00ed o zlo\u010dincovi, ktor\u00fd bol na Golgote ukri\u017eovan\u00fd spolu s Je\u017ei\u0161om, a s\u00fa\u010dasne aj so svoj\u00edm spolo\u010dn\u00edkom. Jeho rozhodnutie a prosba je pozoruhodn\u00e1 t\u00fdm, \u017ee si zvolil za P\u00e1na a Kr\u00e1\u013ea Je\u017ei\u0161a vtedy, ke\u010f nebolo vidie\u0165 \u017eiaden prejav Jeho moci a sl\u00e1vy. Vo chv\u00edli, ke\u010f triumfovali Je\u017ei\u0161ovi nepriatelia a ke\u010f sa spojili sa proti nemu <em>\u201czemsk\u00ed kr\u00e1li\u201d (\u017d 2)<\/em>. Tento mlad\u00fd mu\u017e videl pred sebou len \u00fabo\u017eiaka, podobne trpiaceho ako on s\u00e1m. Pred jeho o\u010dami bola tabu\u013eka nad Je\u017ei\u0161om s n\u00e1pisom viny:<em> \u201dTento je kr\u00e1\u013e \u017eidovsk\u00fd\u201d.<\/em>&nbsp; Na Jeho hlave tr\u00f3nila t\u0155\u0148ov\u00e1 koruna a predsa Mu prejavil pln\u00fa d\u00f4veru. Zo strany popredn\u00fdch mu\u017eov Izraela po\u010dul s\u00edce svedectvo o Jeho moci, ale bolo spojen\u00e9 s v\u00fdsmechom: <em>\u201dIn\u00fdch zachra\u0148oval, nech zachr\u00e1ni seba, ak je On pomazan\u00fd Bo\u017e\u00ed, ten vyvolen\u00fd\u201d.(v. 35)&nbsp;<\/em> Po\u010dul a vn\u00edmal aj Je\u017ei\u0161ove slov\u00e1 na kr\u00ed\u017ei, ke\u010f sa modlil za Bo\u017eie odpustenie nepriate\u013eom. To be\u017ene \u010dlovek nerob\u00ed a neodk\u00e1\u017ee. Okrem toho si hlboko a bytostne uvedomil svoju doteraj\u0161iu zl\u00fa strat\u00e9giu a taktiku \u017eivota, svoju pom\u00fdlen\u00fa cestu. Preto ne\u010dakane urobil z\u00e1sadn\u00fa korekt\u00faru svojho myslenia a \u017eivota a prosil: <em>\u201dPane, Je\u017ei\u0161i, rozpome\u0148 sa na m\u0148a, ke\u010f pr\u00edde\u0161 do svojho kr\u00e1\u013eovsva\u201d.<\/em><\/p>\n\n\n\n<p>&nbsp; &nbsp; Uveril, \u017ee Je\u017ei\u0161 je Kr\u00e1\u013e Bo\u017eieho kr\u00e1\u013eovstva.Mo\u017eno po\u010dul o \u0148om aj to, \u017ee Jeho kr\u00e1\u013eovstvo nie je<em> \u201cz tohoto sveta\u201d,<\/em> ako to Je\u017ei\u0161 povedal pred Pil\u00e1tom. T\u00fdch nieko\u013eko sk\u00fasenost\u00ed a slov mu sta\u010dilo, aby zat\u00fa\u017eil by\u0165 s N\u00edm v t\u00fdch posledn\u00fdch hodin\u00e1ch na zemi a potom by\u0165 s N\u00edm naveky. T\u00fa\u017eil Mu patri\u0165 v utrpen\u00ed, v smrti, i po smrti. Je\u017ei\u0161 jeho prosbe vyhovel a dal mu ne\u010dakane kr\u00e1sny v\u00fdh\u013ead: <em>\u201dVeru, hovor\u00edm ti: Dnes bude\u0161 so mnou v raji\u201d. <\/em>Lotor na kr\u00ed\u017ei u\u017e ni\u010d nemohol urobi\u0165 ako d\u00f4kaz svojho obr\u00e1tenia, okrem t\u00fdch nieko\u013eko kaj\u00facich slov. Nemohol ni\u010d vykona\u0165 a prinies\u0165 \u017eiadne zados\u0165u\u010dinenie P\u00e1nu Bohu. Prejavil v\u0161ak ve\u013ek\u00fa odvahu viery. V jej sile dok\u00e1zal napomen\u00fa\u0165 svojho b\u00fdval\u00e9ho zatvrdil\u00e9ho druha, aj ke\u010f ten zostal slep\u00fd, hluch\u00fd a zatvrdil\u00fd a\u017e do konca.&nbsp;<\/p>\n\n\n\n<p>&nbsp; &nbsp; Zost\u00e1va n\u00e1m nieko\u013eko dn\u00ed v dobiehaj\u00facom cirkevnom roku. Bud\u00fa po\u017eehnan\u00e9 vtedy, ak potvrd\u00edme a obnov\u00edme svoju vo\u013ebu a d\u00f4veru v Je\u017ei\u0161a ako n\u00e1\u0161ho P\u00e1na a Kr\u00e1\u013ea. Ak prejav\u00edme d\u00f4veru v Jeho milos\u0165 a v dokonal\u00fa obe\u0165, ktor\u00fa priniesol aj za n\u00e1s a na\u0161e hriechy. Posledn\u00ed dni cirkevn\u00e9ho roku s\u00fa d\u0148ami a hodinami, ke\u010f m\u00f4\u017eeme \u00faprimne vyzna\u0165: Ty, Pane Je\u017ei\u0161i, zost\u00e1va\u0161 na\u0161\u00edm Kr\u00e1\u013eom. Nechceme ma\u0165 in\u00fdch p\u00e1nov a kr\u00e1\u013eov okrem Teba.&nbsp;<\/p>\n\n\n\n<p>&nbsp; &nbsp; Ak niekto tak\u00fato vo\u013ebu neurobil, nech ju v odvahe viery urob\u00ed a vyjadr\u00ed svoju d\u00f4veru v Krista v osobnej modlitbe: Pane, ke\u010f pr\u00edde n\u00e1\u0161 posledn\u00fd de\u0148 a vst\u00fapime do br\u00e1n ve\u010dnosti, nech je to ve\u010dnos\u0165 s Tebou. Rozpome\u0148 sa aj na n\u00e1s vo svojom kr\u00e1\u013eovstve a v kr\u00e1\u013eovstve Tvojho a n\u00e1\u0161ho nebesk\u00e9ho Otca. Amen<\/p>\n\n\n\n<p>&nbsp;&nbsp; &nbsp; &nbsp; &nbsp; &nbsp; &nbsp; &nbsp; &nbsp; &nbsp; &nbsp; &nbsp; &nbsp; &nbsp; &nbsp; &nbsp; &nbsp; &nbsp; &nbsp; &nbsp; &nbsp; &nbsp; &nbsp; &nbsp; &nbsp; &nbsp; &nbsp; &nbsp; &nbsp; &nbsp; &nbsp; &nbsp; &nbsp; &nbsp; Mgr.\u013dubom\u00edr Batka st.<\/p>\n\n\n\n<p>Nede\u013ea ve\u010dnosti: 98\/2020<\/p>\n","protected":false},"excerpt":{"rendered":"<p>&nbsp;&nbsp; &nbsp; &nbsp; &nbsp; &nbsp; &nbsp; &nbsp; &nbsp; &nbsp; Vo\u013eba v nede\u013eu ve\u010dnosti Kriste, Kr\u00e1\u013eu n\u00e1m dan\u00fd, ve\u013ek\u00fd v moci, sl\u00e1ve, ochra\u0148uj n\u00e1s, bu\u010f s nami, ve\u010f po ceste pravej. S Tebou ke\u010f spojen\u00ed sme vierou v \u010dasnej vlasti, iste v\u0161etci pr\u00eddeme k Tebe do ve\u010dnosti. Amen (M.R.) L 23, 42 &#8211; 43: \u201cPotom povedal &#8230; <a title=\"Vo\u013eba v nede\u013eu ve\u010dnosti\" class=\"read-more\" href=\"https:\/\/www.e-anjelik.sk\/index.php\/2020\/11\/21\/volba-v-nedelu-vecnosti\/\" aria-label=\"Pre\u010d\u00edtajte si viac o Vo\u013eba v nede\u013eu ve\u010dnosti\">\u010c\u00edta\u0165 viac<\/a><\/p>\n","protected":false},"author":4,"featured_media":0,"comment_status":"open","ping_status":"open","sticky":false,"template":"","format":"standard","meta":{"footnotes":""},"categories":[90,119,121,6],"tags":[],"class_list":["post-34088","post","type-post","status-publish","format-standard","hentry","category-cirkevny-rok","category-obdobie-po-sv-trojici","category-kazne","category-myjavsky-seniorat"],"_links":{"self":[{"href":"https:\/\/www.e-anjelik.sk\/index.php\/wp-json\/wp\/v2\/posts\/34088","targetHints":{"allow":["GET"]}}],"collection":[{"href":"https:\/\/www.e-anjelik.sk\/index.php\/wp-json\/wp\/v2\/posts"}],"about":[{"href":"https:\/\/www.e-anjelik.sk\/index.php\/wp-json\/wp\/v2\/types\/post"}],"author":[{"embeddable":true,"href":"https:\/\/www.e-anjelik.sk\/index.php\/wp-json\/wp\/v2\/users\/4"}],"replies":[{"embeddable":true,"href":"https:\/\/www.e-anjelik.sk\/index.php\/wp-json\/wp\/v2\/comments?post=34088"}],"version-history":[{"count":1,"href":"https:\/\/www.e-anjelik.sk\/index.php\/wp-json\/wp\/v2\/posts\/34088\/revisions"}],"predecessor-version":[{"id":34089,"href":"https:\/\/www.e-anjelik.sk\/index.php\/wp-json\/wp\/v2\/posts\/34088\/revisions\/34089"}],"wp:attachment":[{"href":"https:\/\/www.e-anjelik.sk\/index.php\/wp-json\/wp\/v2\/media?parent=34088"}],"wp:term":[{"taxonomy":"category","embeddable":true,"href":"https:\/\/www.e-anjelik.sk\/index.php\/wp-json\/wp\/v2\/categories?post=34088"},{"taxonomy":"post_tag","embeddable":true,"href":"https:\/\/www.e-anjelik.sk\/index.php\/wp-json\/wp\/v2\/tags?post=34088"}],"curies":[{"name":"wp","href":"https:\/\/api.w.org\/{rel}","templated":true}]}}