{"id":3409,"date":"2011-02-26T13:08:06","date_gmt":"2011-02-26T13:08:06","guid":{"rendered":"http:\/\/e-anjelik.sk\/?p=3409"},"modified":"2011-02-26T13:08:06","modified_gmt":"2011-02-26T13:08:06","slug":"co-sa-strachujete","status":"publish","type":"post","link":"https:\/\/www.e-anjelik.sk\/index.php\/2011\/02\/26\/co-sa-strachujete\/","title":{"rendered":"\u010co sa strachujete?!"},"content":{"rendered":"<p>&nbsp;&nbsp;&nbsp; &nbsp; &nbsp; &nbsp; &nbsp; &nbsp; &nbsp; &nbsp; &nbsp; &nbsp; &nbsp; &nbsp; &nbsp; &nbsp; &nbsp; &nbsp; &nbsp; &nbsp; &nbsp; &nbsp; &nbsp; &nbsp; &nbsp; &nbsp; &nbsp; &nbsp; &nbsp; &nbsp;\u010co sa strachujete ?!<\/p>\n<p style=\"margin: 0.0px 0.0px 0.0px 0.0px; font: 16.0px Times New Roman\"><b>Mt 8, 23-27: <\/b><i>&ldquo;Ke\u010f vst&uacute;pil na lo\u010f, nasledovali Ho u\u010den&iacute;ci. (24) A h\u013ea, velik&aacute; b&uacute;rka strhla sa na mori, tak\u017ee vlny prikr&yacute;vali lo\u010f a On spal.&nbsp;<\/i><\/p>\n<p style=\"margin: 0.0px 0.0px 0.0px 0.0px; font: 16.0px Times New Roman\"><i>(25) I prist&uacute;pili,&nbsp; zobudili Ho a povedali: Zachr&aacute;\u0148 n&aacute;s, Pane, hynieme! (26) Odpovedal im: \u010co sa strachujete, \u013eudia malej viery! Nato vstal, pohrozil vetrom a moru i nastalo ve\u013ek&eacute; ut&iacute;&scaron;enie. (27) A \u013eudia sa divili a hovorili: Ak&yacute; je to \u010dlovek, \u017ee ho aj vetry aj more posl&uacute;chaj&uacute;?&ldquo; Amen.<br \/>\n________________________________________________<\/i>____________<\/p>\n<p style=\"margin: 0.0px 0.0px 0.0px 0.0px; font: 12.0px Times New Roman\">&nbsp;&nbsp; &nbsp; Mil&iacute; bratia a sestry v P&aacute;novi !<\/p>\n<p style=\"margin: 0.0px 0.0px 0.0px 0.0px; font: 12.0px Times New Roman; min-height: 15.0px\">&nbsp; &nbsp; &nbsp;<\/p>\n<p style=\"margin: 0.0px 0.0px 0.0px 0.0px; font: 12.0px Times New Roman\">&nbsp;&nbsp; &nbsp; Zn&aacute;my a popul&aacute;rny kres\u0165ansk&yacute; myslite\u013e&nbsp; a spisovate\u013e Anselm Gr&uuml;n vo svojej&nbsp; knihe &uacute;vah: &ldquo;Kniha&nbsp; ot&aacute;zok a odpoved&iacute;&ldquo; nap&iacute;sal vtipn&uacute; a mierne iroick&uacute; pozn&aacute;mku na adresu evanjelikov:&ldquo; <span style=\"font: 16.0px Times New Roman\"><i>Evanjelici radi hovoria, \u017ee&nbsp; Je\u017ei&scaron; je odpove\u010f na v&scaron;etky ot&aacute;zky: Je\u017ei&scaron; je odpove\u010f. Ale ako vlastne znela ot&aacute;zka?&ldquo;<\/i><\/span><\/p>\n<p style=\"margin: 0.0px 0.0px 0.0px 0.0px; font: 16.0px Times New Roman; min-height: 18.0px\">&nbsp;<\/p>\n<p style=\"margin: 0.0px 0.0px 0.0px 0.0px; font: 16.0px Times New Roman\"><span style=\"font: 12.0px Times New Roman\">&nbsp; &nbsp; &nbsp; <\/span>Ak&eacute; ot&aacute;zky si kladiete vy, mil&iacute; bratia a sestry? Ak&eacute; ot&aacute;zky nos&iacute;te v sebe, vo va&scaron;ich srdciach a mysliach? Ak&eacute; ot&aacute;zky si prin&aacute;&scaron;ate so sebou&nbsp; sem, do kostola, na Slu\u017eby Bo\u017eie? Ka\u017ed&yacute; z n&aacute;s je in&yacute;, ka\u017ed&yacute; z n&aacute;s m&aacute;&nbsp; svoje vlastn&eacute; probl&eacute;my, ale aj radosti. A ka\u017ed&yacute; z n&aacute;s m&aacute; aj svoje vlastn&eacute; ciele, &uacute;lohy, alebo priority. Je mo\u017en&eacute;, aby jedna &bdquo;k&aacute;ze\u0148&ldquo; zaujala v&scaron;etk&yacute;ch? Aby ste na&scaron;li v nej odpovede pr&aacute;ve na tie ot&aacute;zky, ktor&eacute; h&yacute;bu va&scaron;im vn&uacute;trom?&nbsp; Zd&aacute; sa to m&aacute;lo pravdepodobn&eacute;, ba temer nemo\u017en&eacute;. A predsa c&iacute;time, \u017ee s&uacute; ot&aacute;zky, ktor&eacute; m&aacute;me spolo\u010dn&eacute;. S&uacute; to tie z&aacute;kladn&eacute; ot&aacute;zky o zmysle na&scaron;ej existenscie, o zmyle n&aacute;&scaron;ho \u017eivota: Odkia\u013e prich&aacute;dzame, kam smerujeme a ak&eacute; je&nbsp; na&scaron;e miesto v tomto svete, \u010do o\u010dak&aacute;vame a \u010do sa&nbsp; o\u010dak&aacute;va od n&aacute;s?<\/p>\n<p style=\"margin: 0.0px 0.0px 0.0px 0.0px; font: 12.0px Times New Roman; min-height: 15.0px\">&nbsp;<\/p>\n<p style=\"margin: 0.0px 0.0px 0.0px 0.0px; font: 16.0px Times New Roman\"><span style=\"font: 12.0px Times New Roman\">&nbsp;&nbsp; &nbsp; <\/span>Iste\u017ee, neraz tu dost&aacute;vame odpove\u010f na ot&aacute;zky, na ktor&eacute; sme sa v&ocirc;bec nep&yacute;tali, alebo na ktor&eacute; sa v&ocirc;bec nep&yacute;tame. Tomu sa sotva d&aacute; vyhn&uacute;\u0165. Posolstvo Bo\u017eieho slova vtedy nutne ide ponad na&scaron;e hlavy. Ale inokedy&nbsp; m&ocirc;\u017eeme ma\u0165 pocit, \u017ee je re\u010d pr&aacute;ve o n&aacute;s, o na&scaron;om \u017eivote, o na&scaron;om osobnom probl&eacute;me. U\u017e z toho, \u010do som pr&aacute;ve povedal je zrejm&eacute;, \u017ee najviac n&aacute;s zaujme to &bdquo;<i>vyu\u010dovanie&ldquo;<\/i>, alebo t&aacute; &bdquo;k&aacute;ze\u0148&ldquo;, ktor&aacute; odpoved&aacute; pr&aacute;ve na&nbsp; na&scaron;e ot&aacute;zky, alebo probl&eacute;my.&nbsp;<\/p>\n<p style=\"margin: 0.0px 0.0px 0.0px 0.0px; font: 12.0px Times New Roman; min-height: 15.0px\">&nbsp;<\/p>\n<p style=\"margin: 0.0px 0.0px 0.0px 0.0px; font: 16.0px Times New Roman\"><span style=\"font: 12.0px Times New Roman\">&nbsp;&nbsp; &nbsp; Rodi\u010dia det&iacute;, ale aj star&iacute; rodi\u010dia (t&yacute;ch men&scaron;&iacute;ch i v&auml;\u010d&scaron;&iacute;ch, ktor&iacute; priniesli v piatok domov&nbsp; polro\u010dn&eacute; vysved\u010denie)&nbsp; by sa mohli z doteraz povedan&eacute;ho nau\u010di\u0165 jednu d&ocirc;le\u017eit&uacute; vec. Nie je \u013eahk&eacute; zauja\u0165 myse\u013e die\u0165a\u0165a nejak&yacute;mi v&aacute;\u017enymi, alebo n&aacute;bo\u017eensk&yacute;mi ot&aacute;zkami. Preto plat&iacute; biblick&eacute; upozornenie:&nbsp; &bdquo;<\/span><i>Ke\u010f sa \u0165a syn, \u010di dc&eacute;ra op&yacute;ta, \u010do znamen&aacute; to, \u010di ono z P&iacute;sma&#8230;<\/i>&ldquo; odpovedajme&nbsp; a vyu\u017eime t&uacute; pr&iacute;le\u017eitos\u0165&nbsp; a hovorme so svoj&iacute;mi de\u0165mi o tom, \u010do ich zauj&iacute;ma. Neraz sme unaven&iacute;, podr&aacute;\u017eden&iacute;, zaujat&iacute;&nbsp; r&ocirc;znymi denn&yacute;mi staros\u0165ami&nbsp; a odmietneme, ale odklad&aacute;me rozhovor na neur\u010dito. Niekedy d&aacute;vame prednos\u0165 bezduch&eacute;mu&nbsp; telev&iacute;znemu&nbsp; vysielaniu a zme&scaron;k&aacute;me&nbsp; vz&aacute;cnu&nbsp; pr&iacute;le\u017eitos\u0165, ktor&aacute; sa nemus&iacute; opakova\u0165.<\/p>\n<p style=\"margin: 0.0px 0.0px 0.0px 0.0px; font: 16.0px Times New Roman; min-height: 18.0px\">&nbsp;<\/p>\n<p style=\"margin: 0.0px 0.0px 0.0px 0.0px; font: 16.0px Times New Roman\"><span style=\"font: 12.0px Times New Roman\">&nbsp;&nbsp; &nbsp; &nbsp; Niekedy ide o ot&aacute;zky, ktor&eacute; s&uacute; na prv&eacute; po\u010dutie \u0165a\u017ek&eacute;, \u017ee ich nevieme bez hlb&scaron;ieho zamyslenia zodpoveda\u0165. Takou m&ocirc;\u017ee by\u0165 aj ot&aacute;zka, ktor&uacute; &nbsp; vyslovili&nbsp; \u013eudia&nbsp; nahlas, a Je\u017ei&scaron;ovi u\u010den&iacute;ci mo\u017eno iba v duchu:&ldquo; <\/span><i>Ak&yacute; je to \u010dlovek, \u017ee ho aj vetry, aj more&nbsp; posl&uacute;chaj&uacute;&ldquo;.&nbsp;<\/i> Povedan&eacute; inak: M&ocirc;\u017ee Je\u017ei&scaron; ut&iacute;&scaron;i\u0165 vietor a b&uacute;rku? Povedzeme to takto: M&aacute; Je\u017ei&scaron; moc na pr&iacute;rodou?&nbsp; Ona je&nbsp; predsa silnou&nbsp; a nezvl&aacute;dnute\u013enou mocou. Je s&iacute;ce pravda, \u017ee ist&aacute; skupina \u013eud&iacute; pred p&aacute;r desa\u0165ro\u010diami s\u013eubovala, \u017ee &bdquo;po\u010dasie bude na p&aacute;ku&ldquo;- teda \u017ee&nbsp; ho budeme ovl&aacute;da\u0165, lebo rozk&aacute;\u017eeme: &ldquo;<i>v\u011btru &ndash; de&scaron;ti&ldquo;..<\/i>.<\/p>\n<p style=\"margin: 0.0px 0.0px 0.0px 0.0px; font: 16.0px Times New Roman; min-height: 18.0px\">&nbsp; &nbsp; &nbsp;<\/p>\n<p style=\"margin: 0.0px 0.0px 0.0px 0.0px; font: 12.0px Times New Roman\">&nbsp;&nbsp; &nbsp; &nbsp; &nbsp; \u017diveln&eacute; pohromy a r&ocirc;zne smr&scaron;te, povodne, ne&scaron;\u0165astia a r&ocirc;zne nav&scaron;t&iacute;venia&nbsp; sa diali aj v minulom roku a nie je to inak ani na za\u010diatku tohto nov&eacute;ho roku. Mnoh&iacute; volaj&uacute; v &uacute;zkosti a strachu, alebo zo\u010di &#8211; vo\u010di ohrozeniu r&ocirc;znymi \u017eiveln&yacute;mi pohromami: &bdquo;<span style=\"font: 16.0px Times New Roman\"><i>Pane, zachr&aacute;\u0148 n&aacute;s, hynieme&ldquo;<\/i>!&nbsp;<\/span>P&yacute;tajme sa: naozaj &bdquo;<i>nesp&iacute; a nedrieme n&aacute;&scaron; Ochr&aacute;nca<\/i>&ldquo; , ako to u\u017e \u017ealmista pripomenul veriacim v Izraeli? V skuto\u010dnosti tak&yacute;ch, \u010do sa modlia&nbsp;s d&ocirc;verou v Bo\u017eiu ochranu a pomoc nie je a\u017e tak ve\u013ea. Mnoh&iacute; si myslia, \u017ee je pod &bdquo;ich d&ocirc;stojnos\u0165&ldquo; prosi\u0165, ale aj \u010fakova\u0165 za Bo\u017eiu pomoc, ochranu i z&aacute;chranu \u017eivotov pri \u017eiveln&yacute;ch pohrom&aacute;ch r&ocirc;zneho druhu.<\/p>\n<p style=\"margin: 0.0px 0.0px 0.0px 0.0px; font: 12.0px Times New Roman\">&nbsp;&nbsp; &nbsp; &nbsp; &nbsp;Celkom jasne&nbsp; a priamo sved\u010d&iacute;me dnes o tom, \u017ee P&aacute;n Je\u017ei&scaron; Kristus je&nbsp; P&aacute;nom aj pr&iacute;rody a pr&iacute;rodn&yacute;ch s&iacute;l, \u010di z&aacute;konov. On karh&aacute; a napom&iacute;na ka\u017ed&uacute; ned&ocirc;veru vo\u010di Nemu slovami, ktor&eacute; zazneli aj u\u010den&iacute;kom v lo\u010fke:<span style=\"font: 16.0px Times New Roman\"><i> &bdquo;\u010co sa strachujete, \u013eudia malej viery&ldquo;!&nbsp; <\/i><b>Jeho ruka a mocn&eacute; rameno p&ocirc;sob&iacute; aj dnes a d&ocirc;vera v Neho n&aacute;s zbavuje strachu, ob&aacute;v a ak&eacute;hoko\u013evek z&uacute;falstva zo\u010di- vo\u010di pr&iacute;rodn&yacute;m sil&aacute;m, ktor&eacute; n&aacute;s presahuj&uacute;.<\/b><\/span><\/p>\n<p style=\"margin: 0.0px 0.0px 0.0px 0.0px; font: 16.0px Times New Roman; min-height: 18.0px\">&nbsp;<\/p>\n<p style=\"margin: 0.0px 0.0px 0.0px 0.0px; font: 16.0px Times New Roman\"><span style=\"font: 12.0px Times New Roman\">&nbsp; &nbsp; &nbsp; Ve\u013ea \u013eud&iacute; sa spolieha, tak ako u\u010den&iacute;ci v lo\u010fke, najsk&ocirc;r sami na seba, alebo na in&yacute;ch, ale v\u017edy len \u013eud&iacute;! Tak, ako u\u010den&iacute;ci, aj my sa u\u010dme h\u013eadie\u0165&nbsp; na Je\u017ei&scaron;a nielen ako na \u010dloveka, ale aj ako Bo\u017eieho Syna. On je ten, ktor&eacute;mu Otec v&scaron;etko dal do ruky. Aj N&iacute;m darovan&yacute; poriadok <\/span>v pr&iacute;rode. &nbsp; On chce, aby v&scaron;etko naozaj sl&uacute;\u017eilo \u010dloveku, lebo je v&scaron;etko pre \u010dloveka stvoren&eacute;. \u013dudstvo si st&aacute;le viac a viac uvedomuje, \u017ee na&scaron;e vlastn&eacute;,&nbsp; neraz krut&eacute;, neraz nezmyseln&eacute;, alebo aspo\u0148 m&aacute;lo premyslen&eacute; <b>z&aacute;sahy do pr&iacute;rody&nbsp; sa n&aacute;m vracaj&uacute; v podobe trestu<\/b>, ako hovor&iacute; aj star&aacute; sk&uacute;senos\u0165: kto \u010d&iacute;m hre&scaron;&iacute;, t&yacute;m trestan&yacute; b&yacute;va&#8230;<\/p>\n<p style=\"margin: 0.0px 0.0px 0.0px 0.0px; font: 16.0px Times New Roman\"><span style=\"font: 12.0px Times New Roman\">&nbsp; &nbsp; &nbsp; P&aacute;novo napomenutie: &bdquo;<\/span><i>\u010co sa strachujete, \u013eudia malej viery ?<\/i>&ldquo; v&scaron;ak plat&iacute; aj v tom zmysle, aby sme na&scaron;e panstvo nad pr&iacute;rodou uplat\u0148ovali v s&uacute;lade s Bo\u017eou v&ocirc;\u013eou, v s&uacute;lade s Bo\u017e&iacute;mi pr&iacute;kazmi, dan&yacute;mi \u010dloveku u\u017e pri stvoren&iacute; sveta.<\/p>\n<p style=\"margin: 0.0px 0.0px 0.0px 0.0px; font: 16.0px Times New Roman; min-height: 18.0px\">&nbsp;<\/p>\n<p style=\"margin: 0.0px 0.0px 0.0px 0.0px; font: 16.0px Times New Roman\"><span style=\"font: 12.0px Times New Roman\">&nbsp; &nbsp; &nbsp; Bratia a sestry! Slov&aacute;&nbsp; ako : <\/span><i>b&uacute;rka, more, vietor<\/i>,&nbsp; ale aj: <i>slnko, \u010di mesiac<\/i> a in&eacute; nemaj&uacute; v P&iacute;sme sv&auml;tom v\u017edy iba v&yacute;znam doslovn&yacute;, ale aj&nbsp; prenesen&yacute; na ak&uacute;ko\u013evek in&uacute; zl&uacute; moc, slebo silu, ktor&aacute; ni\u010d&iacute; a ohrozuje \u017eivot. Aj v na&scaron;ej be\u017enej re\u010di hovor&iacute;me&nbsp; npr. o smrti ako o &bdquo;silnom v&iacute;chre smrti, o chorob&aacute;ch a nemociach ako o &bdquo;hrozbe v&ocirc;d, ktor&eacute; n&aacute;m siahaj&uacute; a\u017e po hrdlo&ldquo; atp. Preto, ke\u010f mysl&iacute;me na svoj \u017eivot, alebo na \u017eivot chor&yacute;ch, nemocn&yacute;ch, alebo na hocijak&yacute; in&yacute; probl&eacute;m, &uacute;padok, \u010di ohrozenie \u017eivota &#8211; vol&aacute;me a u\u010d&iacute;me sa vola\u0165 s d&ocirc;verou ku Kristu: &bdquo;<i>Pane zachr&aacute;\u0148 n&aacute;s, hynieme&#8230;.!&nbsp; <\/i>Odpove\u010f P&aacute;na Je\u017ei&scaron;a Krista je nielen napom&iacute;naj&uacute;ca, ale aj povzbudzuj&uacute;ca :<i> &bdquo;\u010co sa strachujete, \u013eudia malej viery!?&ldquo; <\/i>Je\u017ei&scaron; sa vo v&scaron;etkom chce dok&aacute;za\u0165 pri n&aacute;s ako spom&aacute;haj&uacute;ci P&aacute;n. Ako ten, ktor&yacute; t&iacute;&scaron;i a hoj&iacute; na&scaron;e &uacute;zkosti i na&scaron;e bolesti a rany.<\/p>\n<p style=\"margin: 0.0px 0.0px 0.0px 0.0px; font: 16.0px Times New Roman; min-height: 18.0px\">&nbsp;<\/p>\n<p style=\"margin: 0.0px 0.0px 0.0px 0.0px; font: 12.0px Times New Roman\">&nbsp; &nbsp; &nbsp; Bratia a sestry tam, kde je d&ocirc;vera, kde sa rod&iacute; ten vz&aacute;cny prejav viery v Je\u017ei&scaron;a Krista ako Bo\u017eieho Syna, tam prich&aacute;dza ut&iacute;&scaron;enie a upokojenie&#8230;T&yacute;m najhlb&scaron;&iacute;m morom je &bdquo;more smrti&ldquo;, kor&eacute; ohrozuje&nbsp; ka\u017ed&eacute;ho. Ale aj tu plat&iacute;, \u017ee prav&eacute; svetlo v Je\u017ei&scaron;ovi Krisotvi, svieti aj v b&uacute;rke, \u010di v tme&nbsp; smrti. &bdquo;<span style=\"font: 16.0px Times New Roman\"><i> Ja som vzkriesenie a \u017eivot, kto ver&iacute; vo m\u0148a bude \u017ei\u0165, aj keby umrel&ldquo;!&nbsp;<\/i> Tieto a in&eacute; slov&aacute; potvrdzuj&uacute; Bo\u017e&iacute; z&aacute;mer s nami a d&aacute;vaj&uacute; n&aacute;dej a silu skrze Ducha Sv&auml;t&eacute;ho obst&aacute;\u0165 aj v sk&uacute;&scaron;kach.&nbsp;<\/span><\/p>\n<p style=\"margin: 0.0px 0.0px 0.0px 0.0px; font: 12.0px Times New Roman; min-height: 15.0px\">&nbsp;&nbsp; &nbsp;<\/p>\n<p style=\"margin: 0.0px 0.0px 0.0px 0.0px; font: 16.0px Times New Roman\"><span style=\"font: 12.0px Times New Roman\">&nbsp;&nbsp; &nbsp; V kone\u010dnom d&ocirc;sledku vieme o tom, \u017ee &bdquo;<\/span><i>\u010di \u017eijeme, \u010di umierame, P&aacute;novi sme&ldquo;<\/i>. Jemu patr&iacute;me <b>od chv&iacute;le Krstu sv&auml;t&eacute;ho<\/b> a v lodi\u010dke Jeho Cirkvi&nbsp; pripl&aacute;vame bezpe\u010dne do pr&iacute;stavu pokoja a ve\u010dn&eacute;ho \u017eivota. Preto Je\u017ei&scaron; Kristus je naozaj rie&scaron;en&iacute;m v&scaron;etk&yacute;ch na&scaron;ich probl&eacute;mov, i probl&eacute;mov tohoto sveta. On je odpove\u010fou o pravom, plnom a dobrom zmysle n&aacute;&scaron;ho \u017eivota v pr&iacute;tomnosti i bud&uacute;cnosti. Raz rozk&aacute;\u017ee aj b&uacute;rke smrti, a ka\u017edej zlej moci a mocnosti a nastane trval&eacute; a prav&eacute; ve\u013ek&eacute; ut&iacute;&scaron;enie. N&iacute;m je bud&uacute;cnos\u0165, ktor&aacute; je Jeho bud&uacute;cnos\u0165ou a ve\u010dnos\u0165ou v nebesiach. Amen.&nbsp;<\/p>\n<p style=\"margin: 0.0px 0.0px 0.0px 0.0px; font: 12.0px Times New Roman; min-height: 15.0px\">&nbsp;<\/p>\n<p style=\"margin: 0.0px 0.0px 0.0px 0.0px; font: 12.0px Times New Roman\">&nbsp;&nbsp; &nbsp; &nbsp; &nbsp; &nbsp; &nbsp; &nbsp; &nbsp; &nbsp; &nbsp; &nbsp; &nbsp; &nbsp; &nbsp; &nbsp; &nbsp; &nbsp; &nbsp; &nbsp; &nbsp;5. Nede\u013ea&nbsp; po Zjaven&iacute;&nbsp; 2011 &nbsp;&#8211; Soboti&scaron;te a Rovensko &#8211; &nbsp; \u013d.Batka st.<\/p>\n<div>&nbsp;<\/div>\n","protected":false},"excerpt":{"rendered":"<p>&nbsp;&nbsp;&nbsp; &nbsp; &nbsp; &nbsp; &nbsp; &nbsp; &nbsp; &nbsp; &nbsp; &nbsp; &nbsp; &nbsp; &nbsp; &nbsp; &nbsp; &nbsp; &nbsp; &nbsp; &nbsp; &nbsp; &nbsp; &nbsp; &nbsp; &nbsp; &nbsp; &nbsp; &nbsp; &nbsp;\u010co sa strachujete ?! Mt 8, 23-27: &ldquo;Ke\u010f vst&uacute;pil na lo\u010f, nasledovali Ho u\u010den&iacute;ci. (24) A h\u013ea, velik&aacute; b&uacute;rka strhla sa na mori, tak\u017ee vlny prikr&yacute;vali lo\u010f a &#8230; <a title=\"\u010co sa strachujete?!\" class=\"read-more\" href=\"https:\/\/www.e-anjelik.sk\/index.php\/2011\/02\/26\/co-sa-strachujete\/\" aria-label=\"Pre\u010d\u00edtajte si viac o \u010co sa strachujete?!\">\u010c\u00edta\u0165 viac<\/a><\/p>\n","protected":false},"author":4,"featured_media":0,"comment_status":"open","ping_status":"open","sticky":false,"template":"","format":"standard","meta":{"footnotes":""},"categories":[121,15,95],"tags":[192],"class_list":["post-3409","post","type-post","status-publish","format-standard","hentry","category-kazne","category-novy-rok","category-sobotiste","tag-kazen"],"_links":{"self":[{"href":"https:\/\/www.e-anjelik.sk\/index.php\/wp-json\/wp\/v2\/posts\/3409","targetHints":{"allow":["GET"]}}],"collection":[{"href":"https:\/\/www.e-anjelik.sk\/index.php\/wp-json\/wp\/v2\/posts"}],"about":[{"href":"https:\/\/www.e-anjelik.sk\/index.php\/wp-json\/wp\/v2\/types\/post"}],"author":[{"embeddable":true,"href":"https:\/\/www.e-anjelik.sk\/index.php\/wp-json\/wp\/v2\/users\/4"}],"replies":[{"embeddable":true,"href":"https:\/\/www.e-anjelik.sk\/index.php\/wp-json\/wp\/v2\/comments?post=3409"}],"version-history":[{"count":0,"href":"https:\/\/www.e-anjelik.sk\/index.php\/wp-json\/wp\/v2\/posts\/3409\/revisions"}],"wp:attachment":[{"href":"https:\/\/www.e-anjelik.sk\/index.php\/wp-json\/wp\/v2\/media?parent=3409"}],"wp:term":[{"taxonomy":"category","embeddable":true,"href":"https:\/\/www.e-anjelik.sk\/index.php\/wp-json\/wp\/v2\/categories?post=3409"},{"taxonomy":"post_tag","embeddable":true,"href":"https:\/\/www.e-anjelik.sk\/index.php\/wp-json\/wp\/v2\/tags?post=3409"}],"curies":[{"name":"wp","href":"https:\/\/api.w.org\/{rel}","templated":true}]}}