{"id":34092,"date":"2020-11-25T21:51:22","date_gmt":"2020-11-25T20:51:22","guid":{"rendered":"http:\/\/e-anjelik.sk\/?p=34092"},"modified":"2020-11-25T21:51:22","modified_gmt":"2020-11-25T20:51:22","slug":"adventne-koncerty-na-myjave-t-r-inak","status":"publish","type":"post","link":"https:\/\/www.e-anjelik.sk\/index.php\/2020\/11\/25\/adventne-koncerty-na-myjave-t-r-inak\/","title":{"rendered":"Adventn\u00e9 koncerty na Myjave t.r.inak"},"content":{"rendered":"\n<p><strong>Koncerty si budete m\u00f4c\u0165 tento rok pozrie\u0165 v telev\u00edzii<\/strong><\/p>\n\n\n\n<p>Mesto Myjava, Centrum tradi\u010dnej kult\u00fary v Myjave, OvZP TSK, Cirkevn\u00fd zbor Evanjelickej cirkvi augsbursk\u00e9ho vyznania v Myjave a Telev\u00edzia Myjava pripravuj\u00fa op\u00e4\u0165 <strong>cyklus adventn\u00fdch koncertov.<\/strong> Vzh\u013eadom na zlo\u017eit\u00fa epidemiologick\u00fa situ\u00e1ciu budete m\u00f4c\u0165 adventn\u00e9 koncerty v tomto roku sledova\u0165 iba <strong>prostredn\u00edctvom priameho prenosu na TV Myjava.<\/strong> Vstup do kostola pre verejnos\u0165 nebude mo\u017en\u00fd.&nbsp;<\/p>\n\n\n\n<p><strong>Program adventn\u00fdch koncertov pre rok 2020<\/strong><\/p>\n\n\n\n<p><strong>I. adventn\u00fd koncert: SPECTRUM QUARTETT<\/strong><\/p>\n\n\n\n<p><strong>Uskuto\u010dn\u00ed sa v nede\u013eu 29. novembra 2020 o 17. 00 h.<\/strong><\/p>\n\n\n\n<p>\u00da\u010dinkuje: Sl\u00e1\u010dikov\u00e9 kvarteto SPECTRUM QUARTETT<\/p>\n\n\n\n<p>Profesion\u00e1lne sl\u00e1\u010dikov\u00e9 kvarteto, ktor\u00e9 sa venuje predov\u0161etk\u00fdm klasickej a s\u00fa\u010dasnej v\u00e1\u017enej hudbe. \u0160irokospektr\u00e1lnym z\u00e1berom svojich \u010dlenov, \u010derp\u00e1 aj z jazyka \u013eudovej hudby, jazzu a improviz\u00e1cie, \u010do po\u010du\u0165 v energickom prejave a origin\u00e1lnom zvuku kvarteta.<\/p>\n\n\n\n<p><strong>II. adventn\u00fd koncert: ENSEMBLE THESAURUS MUSICUM<\/strong><\/p>\n\n\n\n<p><strong>Uskuto\u010dn\u00ed sa v nede\u013eu 6. decembra 2020 o 17. 00 h.<\/strong><\/p>\n\n\n\n<p>\u00da\u010dinkuje: S\u00fabor ENSEMBLE THESAURUS MUSICUM<\/p>\n\n\n\n<p>Svojou interpret\u00e1ciou sa zameriava na komorn\u00fa vok\u00e1lnu a in\u0161trument\u00e1lnu hudbu 16. \u2013 18. storo\u010dia eur\u00f3pskej proveniencie. V reperto\u00e1ri s\u00faboru sa nach\u00e1dzaj\u00fa diela Johna Dowlanda, Claudia Monteverdiho, Girolama Frescobaldiho a i. Sna\u017eia sa tie\u017e o o\u017eivovanie skladieb z \u00fazemia dne\u0161n\u00e9ho Slovenska v 16 . \u2013 18. storo\u010d\u00ed. Skladby interpretuj\u00fa na k\u00f3pi\u00e1ch historick\u00fdch n\u00e1strojov.<\/p>\n\n\n\n<p><strong>III. adventn\u00fd koncert: \u013dH PETRA OBUCHA<\/strong><\/p>\n\n\n\n<p><strong>Uskuto\u010dn\u00ed sa v nede\u013eu 13. decembra 2020 o 17. 00 h.&nbsp;<\/strong><\/p>\n\n\n\n<p>\u00da\u010dinkuj\u00fa: \u013dH Petra Obucha z Pie\u0161\u0165an, DFS Kopani\u010diarik z Myjavy a s\u00f3listka Katar\u00edna Mi\u010dicov\u00e1<\/p>\n\n\n\n<p>Kapela sa zameriava na \u0161t\u00fdlov\u00fa interpret\u00e1ciu hudobn\u00e9ho folkl\u00f3ru z\u00e1padn\u00e9ho Slovenska. Predstav\u00ed sa s p\u00e1smom viano\u010dn\u00fdch piesn\u00ed, \u013eudov\u00fdch a umel\u00fdch kolied spolo\u010dne so spev\u00e1\u010dkou Katar\u00ednou Mi\u010dicovou.<\/p>\n\n\n\n<p>Na koncert prijal pozvanie aj DFS Kopani\u010diarik z Myjavy, ktor\u00fd p\u00f4sob\u00ed pri ZU\u0160 Myjava. Kopani\u010diarik prezentuje myjavsk\u00fd folkl\u00f3r na mnoh\u00fdch vyst\u00fapeniach, ale aj prehliadkach a festivaloch. Okrem in\u00fdch ocenen\u00ed sa stal laure\u00e1tom celoslovenskej s\u00fa\u0165a\u017ee z\u00e1kladn\u00fdch umeleck\u00fdch \u0161k\u00f4l, viackr\u00e1t z\u00edskal zlat\u00e9 p\u00e1smo v celo\u0161t\u00e1tnych s\u00fa\u0165a\u017eiach detsk\u00fdch folkl\u00f3rnych s\u00faborov a s\u00f3listov.<\/p>\n\n\n\n<p><strong>IV. adventn\u00fd koncert: \u013dH FS KOPANI\u010cIAR<\/strong><\/p>\n\n\n\n<p><strong>Uskuto\u010dn\u00ed sa v nede\u013eu 20. decembra 2020 o 17. 00 h.<\/strong><\/p>\n\n\n\n<p>\u00da\u010dinkuj\u00fa: \u013dH FS Kopani\u010diar z Myjavy so spev\u00e1ckou skupinou a s\u00f3listkou Sl\u00e1vkou \u0160vajdovou<\/p>\n\n\n\n<p>Folkl\u00f3rny s\u00fabor Kopani\u010diar je umeleck\u00fdm telesom s dlhoro\u010dnou trad\u00edciou \u0161\u00edrenia a uchov\u00e1vania folkl\u00f3rnych prejavov myjavsk\u00e9ho regi\u00f3nu. V tomto roku si pripom\u00edna 65. rokov zalo\u017eenia s\u00faboru. Po\u010das svojho p\u00f4sobenia z\u00edskal mno\u017estvo ocenen\u00ed, diplomov, \u010destn\u00fdch uznan\u00ed, stal sa tie\u017e laure\u00e1tom viacer\u00fdch celoslovensk\u00fdch s\u00fa\u0165a\u017e\u00ed. Na koncerte odznej\u00fa skladby a vin\u0161e s viano\u010dnou tematikou. Spolu s \u013dH Kopani\u010diar bude \u00fa\u010dinkova\u0165 aj dlhoro\u010dn\u00e1 s\u00f3listka O\u013dUN-u Slovensk\u00e9ho rozhlasu Sl\u00e1vka \u0160vajdov\u00e1.<\/p>\n","protected":false},"excerpt":{"rendered":"<p>Koncerty si budete m\u00f4c\u0165 tento rok pozrie\u0165 v telev\u00edzii Mesto Myjava, Centrum tradi\u010dnej kult\u00fary v Myjave, OvZP TSK, Cirkevn\u00fd zbor Evanjelickej cirkvi augsbursk\u00e9ho vyznania v Myjave a Telev\u00edzia Myjava pripravuj\u00fa op\u00e4\u0165 cyklus adventn\u00fdch koncertov. Vzh\u013eadom na zlo\u017eit\u00fa epidemiologick\u00fa situ\u00e1ciu budete m\u00f4c\u0165 adventn\u00e9 koncerty v tomto roku sledova\u0165 iba prostredn\u00edctvom priameho prenosu na TV Myjava. Vstup &#8230; <a title=\"Adventn\u00e9 koncerty na Myjave t.r.inak\" class=\"read-more\" href=\"https:\/\/www.e-anjelik.sk\/index.php\/2020\/11\/25\/adventne-koncerty-na-myjave-t-r-inak\/\" aria-label=\"Pre\u010d\u00edtajte si viac o Adventn\u00e9 koncerty na Myjave t.r.inak\">\u010c\u00edta\u0165 viac<\/a><\/p>\n","protected":false},"author":4,"featured_media":0,"comment_status":"open","ping_status":"open","sticky":false,"template":"","format":"standard","meta":{"footnotes":""},"categories":[179,4,24,345,118],"tags":[],"class_list":["post-34092","post","type-post","status-publish","format-standard","hentry","category-advent","category-akcie","category-cirkevna-hudba","category-media","category-myjava"],"_links":{"self":[{"href":"https:\/\/www.e-anjelik.sk\/index.php\/wp-json\/wp\/v2\/posts\/34092","targetHints":{"allow":["GET"]}}],"collection":[{"href":"https:\/\/www.e-anjelik.sk\/index.php\/wp-json\/wp\/v2\/posts"}],"about":[{"href":"https:\/\/www.e-anjelik.sk\/index.php\/wp-json\/wp\/v2\/types\/post"}],"author":[{"embeddable":true,"href":"https:\/\/www.e-anjelik.sk\/index.php\/wp-json\/wp\/v2\/users\/4"}],"replies":[{"embeddable":true,"href":"https:\/\/www.e-anjelik.sk\/index.php\/wp-json\/wp\/v2\/comments?post=34092"}],"version-history":[{"count":1,"href":"https:\/\/www.e-anjelik.sk\/index.php\/wp-json\/wp\/v2\/posts\/34092\/revisions"}],"predecessor-version":[{"id":34093,"href":"https:\/\/www.e-anjelik.sk\/index.php\/wp-json\/wp\/v2\/posts\/34092\/revisions\/34093"}],"wp:attachment":[{"href":"https:\/\/www.e-anjelik.sk\/index.php\/wp-json\/wp\/v2\/media?parent=34092"}],"wp:term":[{"taxonomy":"category","embeddable":true,"href":"https:\/\/www.e-anjelik.sk\/index.php\/wp-json\/wp\/v2\/categories?post=34092"},{"taxonomy":"post_tag","embeddable":true,"href":"https:\/\/www.e-anjelik.sk\/index.php\/wp-json\/wp\/v2\/tags?post=34092"}],"curies":[{"name":"wp","href":"https:\/\/api.w.org\/{rel}","templated":true}]}}