{"id":34094,"date":"2020-11-26T14:54:20","date_gmt":"2020-11-26T13:54:20","guid":{"rendered":"http:\/\/e-anjelik.sk\/?p=34094"},"modified":"2022-04-25T14:47:07","modified_gmt":"2022-04-25T12:47:07","slug":"zomrel-ev-farar-michal-masar","status":"publish","type":"post","link":"https:\/\/www.e-anjelik.sk\/index.php\/2020\/11\/26\/zomrel-ev-farar-michal-masar\/","title":{"rendered":"Zomrel ev.far\u00e1r Michal Mas\u00e1r"},"content":{"rendered":"\n<h1 class=\"wp-block-heading\">Zomrel ev. far\u00e1r Michal Mas\u00e1r<\/h1>\n\n\n\n<figure class=\"wp-block-image\"><a href=\"https:\/\/www.ecav.sk\/rails\/active_storage\/blobs\/eyJfcmFpbHMiOnsibWVzc2FnZSI6IkJBaHBBc0NWIiwiZXhwIjpudWxsLCJwdXIiOiJibG9iX2lkIn19--f147c91ee463cf1ed7f6dcf48e0ca7c2f79ebee2\/Michal_Masar_parte.jpg\"><img decoding=\"async\" src=\"https:\/\/www.ecav.sk\/rails\/active_storage\/representations\/eyJfcmFpbHMiOnsibWVzc2FnZSI6IkJBaHBBc0NWIiwiZXhwIjpudWxsLCJwdXIiOiJibG9iX2lkIn19--f147c91ee463cf1ed7f6dcf48e0ca7c2f79ebee2\/eyJfcmFpbHMiOnsibWVzc2FnZSI6IkJBaDdCam9MY21WemFYcGxTU0lJT1RBd0Jqb0dSVlE9IiwiZXhwIjpudWxsLCJwdXIiOiJ2YXJpYXRpb24ifX0=--f83398908a42570f1be2d2870fc3e62f317d893b\/Michal_Masar_parte.jpg\" alt=\"Zomrel ev. far\u00e1r Michal Mas\u00e1r\"\/><\/a><\/figure>\n\n\n\n<ul class=\"wp-block-list\"><li>&nbsp;25.11.20<\/li><li>&nbsp;&nbsp;Eva Osl\u00edkov\u00e1, ev. a. v. far\u00e1rka, Modra<\/li><li>&nbsp;<a href=\"https:\/\/www.ecav.sk\/aktuality\/oznamy\">&nbsp;Oznamy<\/a><\/li><\/ul>\n\n\n\n<p>D\u0148a 24. novembra 2020 &nbsp;vo veku 80 rokov zomrel spolubrat v duchovnej slu\u017ebe, evanjelick\u00fd far\u00e1r Mgr. Michal Mas\u00e1r. Pohrebn\u00e1 rozl\u00fa\u010dka so zosnul\u00fdm sa uskuto\u010dn\u00ed v piatok 27. novembra 2020 v slovenskom evanjelickom kostole Petra a Pavla v Modre.<\/p>\n\n\n\n<p><a>Michal Mas\u00e1r sa narodil 1. okt\u00f3bra 1940 rodi\u010dom Adamovi Mas\u00e1rovi a M\u00e1rii, rodenej Masarykovej ako jedno z piatich det\u00ed, troch synov a dvoch dc\u00e9r. Po \u00famrt\u00ed jedn\u00e9ho z bratov zostali \u0161tyria s\u00farodenci. Vyrastal v ro\u013en\u00edckej rodine v obci Hr\u00e1dok, f\u00edlii cirkevn\u00e9ho zboru Nov\u00e9 Mesto nad V\u00e1hom. Rodi\u010dia ho viedli k tomu, aby si v\u00e1\u017eil pr\u00e1cu a z\u00e1rove\u0148 u\u010dili ho aj evanjelickej zbo\u017enosti. Medzi d\u00f4le\u017eit\u00e9 momenty \u017eivota tak patrila aj pravideln\u00e1 \u00fa\u010das\u0165 na Slu\u017eb\u00e1ch Bo\u017e\u00edch v modlitebni.&nbsp;<\/a><\/p>\n\n\n\n<p>Pre \u0161t\u00fadium teol\u00f3gie ho in\u0161pirovali stretnutia a rozhovory s bratom far\u00e1rom Igorom Ki\u0161\u0161om. Po\u010das \u0161t\u00fadia teol\u00f3gie sa v obdob\u00ed, ke\u010f bola teologick\u00e1 fakulta v Modre, zozn\u00e1mil so svojou bud\u00facou man\u017eelkou. D\u00f4le\u017eitou sk\u00fasenos\u0165ou pre jeho slu\u017ebu boli chv\u00edle, kedy absolvoval duchovn\u00fa prax, a to vo viacer\u00fdch cirkevn\u00fdch zboroch na\u0161ej cirkvi. Po ukon\u010den\u00ed teologick\u00e9ho \u0161t\u00fadia ako kapl\u00e1n p\u00f4sobil v Nov\u00fdch Z\u00e1mkoch. &nbsp;V roku 1961 uzavrel man\u017eelstvo s Vierou, rodenou Janovskou. V man\u017eelstve sa narodili tri deti.<\/p>\n\n\n\n<p>Po odsl\u00fa\u017een\u00ed povinnej vojenskej slu\u017eby pokra\u010doval v duchovnej slu\u017ebe v cirkevnom zbore Diakovce-Te\u0161d\u00edkovo-\u0160a\u013ea, kde p\u00f4sobil v rokoch 1964 a\u017e 1970. V roku 1970 bol zvolen\u00fd za zborov\u00e9ho far\u00e1ra v cirkevnom zbore Moravsk\u00e9 Lieskov\u00e9. V tomto cirkevnom zbore sl\u00fa\u017eil 38 rokov. V rokoch 1972 \u2013 1975 v cirkevnom zbore organizoval spolu s cirkevn\u00edkmi gener\u00e1lnu prestavbu interi\u00e9ru kostola. V rokoch 2000-2006 prevzal na seba slu\u017ebu seniora Pova\u017esk\u00e9ho senior\u00e1tu.<\/p>\n\n\n\n<p>Do Modry sa spolu s man\u017eelkou pres\u0165ahoval v roku 2016. Na konci svojho \u017eivota sa tak vr\u00e1til na miesto, kde za\u010dala jeho pr\u00edprava na duchovn\u00fa slu\u017ebu; a do mesta, kde spoznal milovan\u00fa man\u017eelku Vierku, s ktorou pre\u017eil 59 rokov spolo\u010dn\u00e9ho \u017eivota. &nbsp;Z Bo\u017eej milosti mu bolo dopriate pre\u017ei\u0165 80 rokov a 55 dn\u00ed . Text \u017eivotopisu a odobierky, ktor\u00e9 si s\u00e1m pripravil, ukon\u010dil vyznan\u00edm o n\u00e1deji na Bo\u017eiu milos\u0165: &nbsp;\u201eBlahoslaven\u00ed s\u00fa v\u0161etci, ktor\u00ed v P\u00e1nu umieraj\u00fa\u201c. V tejto n\u00e1deji sa s n\u00edm chceme rozl\u00fa\u010di\u0165 a vlo\u017ei\u0165 ho sp\u00e4\u0165 do Bo\u017eieho n\u00e1ru\u010dia.<\/p>\n\n\n\n<p><\/p>\n","protected":false},"excerpt":{"rendered":"<p>Zomrel ev. far\u00e1r Michal Mas\u00e1r &nbsp;25.11.20 &nbsp;&nbsp;Eva Osl\u00edkov\u00e1, ev. a. v. far\u00e1rka, Modra &nbsp;&nbsp;Oznamy D\u0148a 24. novembra 2020 &nbsp;vo veku 80 rokov zomrel spolubrat v duchovnej slu\u017ebe, evanjelick\u00fd far\u00e1r Mgr. Michal Mas\u00e1r. Pohrebn\u00e1 rozl\u00fa\u010dka so zosnul\u00fdm sa uskuto\u010dn\u00ed v piatok 27. novembra 2020 v slovenskom evanjelickom kostole Petra a Pavla v Modre. Michal Mas\u00e1r sa &#8230; <a title=\"Zomrel ev.far\u00e1r Michal Mas\u00e1r\" class=\"read-more\" href=\"https:\/\/www.e-anjelik.sk\/index.php\/2020\/11\/26\/zomrel-ev-farar-michal-masar\/\" aria-label=\"Pre\u010d\u00edtajte si viac o Zomrel ev.far\u00e1r Michal Mas\u00e1r\">\u010c\u00edta\u0165 viac<\/a><\/p>\n","protected":false},"author":4,"featured_media":0,"comment_status":"open","ping_status":"open","sticky":false,"template":"","format":"standard","meta":{"footnotes":""},"categories":[193,151,322,182],"tags":[],"class_list":["post-34094","post","type-post","status-publish","format-standard","hentry","category-co-pisu-ini","category-modra","category-nekrolog","category-povazsky-seniorat"],"_links":{"self":[{"href":"https:\/\/www.e-anjelik.sk\/index.php\/wp-json\/wp\/v2\/posts\/34094","targetHints":{"allow":["GET"]}}],"collection":[{"href":"https:\/\/www.e-anjelik.sk\/index.php\/wp-json\/wp\/v2\/posts"}],"about":[{"href":"https:\/\/www.e-anjelik.sk\/index.php\/wp-json\/wp\/v2\/types\/post"}],"author":[{"embeddable":true,"href":"https:\/\/www.e-anjelik.sk\/index.php\/wp-json\/wp\/v2\/users\/4"}],"replies":[{"embeddable":true,"href":"https:\/\/www.e-anjelik.sk\/index.php\/wp-json\/wp\/v2\/comments?post=34094"}],"version-history":[{"count":1,"href":"https:\/\/www.e-anjelik.sk\/index.php\/wp-json\/wp\/v2\/posts\/34094\/revisions"}],"predecessor-version":[{"id":34095,"href":"https:\/\/www.e-anjelik.sk\/index.php\/wp-json\/wp\/v2\/posts\/34094\/revisions\/34095"}],"wp:attachment":[{"href":"https:\/\/www.e-anjelik.sk\/index.php\/wp-json\/wp\/v2\/media?parent=34094"}],"wp:term":[{"taxonomy":"category","embeddable":true,"href":"https:\/\/www.e-anjelik.sk\/index.php\/wp-json\/wp\/v2\/categories?post=34094"},{"taxonomy":"post_tag","embeddable":true,"href":"https:\/\/www.e-anjelik.sk\/index.php\/wp-json\/wp\/v2\/tags?post=34094"}],"curies":[{"name":"wp","href":"https:\/\/api.w.org\/{rel}","templated":true}]}}