{"id":34130,"date":"2020-12-04T19:55:42","date_gmt":"2020-12-04T18:55:42","guid":{"rendered":"http:\/\/e-anjelik.sk\/?p=34130"},"modified":"2020-12-04T19:55:44","modified_gmt":"2020-12-04T18:55:44","slug":"martin-razus-na-modlitbach","status":"publish","type":"post","link":"https:\/\/www.e-anjelik.sk\/index.php\/2020\/12\/04\/martin-razus-na-modlitbach\/","title":{"rendered":"Martin R\u00e1zus \u2014 Na modlitb\u00e1ch"},"content":{"rendered":"\n<p>(V advente)<\/p>\n\n\n\n<p>Tmy v lodiach e\u0161te m\u013akvo-tvrdo spali,<br>ke\u010f vstupoval som v bielu\u0161k\u00fd n\u00e1\u0161 chr\u00e1m.<br>Bolo to r\u00e1no \u2014 tak\u00e9 smutn\u00e9 r\u00e1no,<br>ke\u010f s cel\u00fdm svetom tr\u00fachlil som aj s\u00e1m.<br>Tak tupo zneli kroky na dl\u00e1\u017eden\u00ed,<br>pr\u00e1zdnota z lav\u00edc na m\u0148a z\u00edvala,<br>len dva-tri tiene sedeli si t\u00ed\u0161ko \u2014<br>a na olt\u00e1ri \u017eiara ospal\u00e1.<\/p>\n\n\n\n<p><br>I pre\u0161iel som \u2014 a prijal pozdrav zn\u00e1my,<br>zavznela z ch\u00f3ru piese\u0148 rann\u00fdch chv\u00e1l:<br>za no\u010dn\u00fa str\u00e1\u017e \u2014 za l\u00fa\u010de tepl\u00e9 \u2014 jasn\u00e9 \u2014<br>ja zabudnul som, \u017ee by spieva\u0165 mal.<br>Oh, nezohnul som oka od ve\u010dera \u2014<br>a poh\u013ead zvl\u00e1dla pozdn\u00e1 \u2014 \u0161er\u00e1 dia\u013e:<br>O hradb\u00e1ch pravdy \u2014 mocn\u00fdch, nepod\u013eahl\u00fdch \u2014<br>ja zabudnul som, \u017ee by spieva\u0165 mal.<\/p>\n\n\n\n<p><br>I obliekol som r\u00facho s\u0148ahobiele,<br>neist\u00fdm krokom \u0161iel som pred olt\u00e1r:<br>tmy v lodiach e\u0161te m\u013akvo-tvrdo spali,<br>len tu-tam svieca bila svetlom v tv\u00e1r.<br>Ke\u010f privreli sa star\u00e9 Tranoscie,<br>a zhasli sviece \u2014 st\u00edchnul ka\u017ed\u00fd hlas,<br>mne stislo srdce \u2014 kr\u010dovite stislo: \u2014<br>ja videl som v tom smutn\u00fd osud n\u00e1\u0161!<\/p>\n\n\n\n<p><br>A pohla rtami du\u0161a skabonen\u00e1 \u2014<br>a dlho \u2014 dlho sme sa modlili, \u2014<br>v\u0161ak ani neviem \u2014 ani veru neviem \u2014<br>za \u010do sme my to vlastne prosili!<br>Len ke\u010f u\u017e odznel amen \u2014 spev sa vzniesol,<br>ja poh\u013eadom som hodil okolo \u2014<br>a zdalo sa mi, \u017ee v tom na\u0161om chr\u00e1me<br>ako by ani tma tak nebolo:<\/p>\n\n\n\n<p><br>\u2014 K\u00e1s&#8216; rumenn\u00e1 \u017eiar po ch\u00f3roch sa stlala,<br>o \u017eertv\u00e1ch \u0165a\u017ek\u00fdch piese\u0148 zazvu\u010dala,<br>oknami tiahlo svetla cel\u00e9 more . . .<br>U\u017e rudo pl\u00e1lo slnko na obzore.<\/p>\n\n\n\n<p><em>1912<\/em><\/p>\n\n\n\n<p><\/p>\n\n\n\n<p><\/p>\n\n\n\n<p><\/p>\n\n\n\n<p><\/p>\n\n\n\n<p><\/p>\n\n\n\n<p><\/p>\n\n\n\n<p><\/p>\n\n\n\n<p><\/p>\n","protected":false},"excerpt":{"rendered":"<p>(V advente) Tmy v lodiach e\u0161te m\u013akvo-tvrdo spali,ke\u010f vstupoval som v bielu\u0161k\u00fd n\u00e1\u0161 chr\u00e1m.Bolo to r\u00e1no \u2014 tak\u00e9 smutn\u00e9 r\u00e1no,ke\u010f s cel\u00fdm svetom tr\u00fachlil som aj s\u00e1m.Tak tupo zneli kroky na dl\u00e1\u017eden\u00ed,pr\u00e1zdnota z lav\u00edc na m\u0148a z\u00edvala,len dva-tri tiene sedeli si t\u00ed\u0161ko \u2014a na olt\u00e1ri \u017eiara ospal\u00e1. I pre\u0161iel som \u2014 a prijal pozdrav zn\u00e1my,zavznela &#8230; <a title=\"Martin R\u00e1zus \u2014 Na modlitb\u00e1ch\" class=\"read-more\" href=\"https:\/\/www.e-anjelik.sk\/index.php\/2020\/12\/04\/martin-razus-na-modlitbach\/\" aria-label=\"Pre\u010d\u00edtajte si viac o Martin R\u00e1zus \u2014 Na modlitb\u00e1ch\">\u010c\u00edta\u0165 viac<\/a><\/p>\n","protected":false},"author":3,"featured_media":0,"comment_status":"open","ping_status":"open","sticky":false,"template":"","format":"standard","meta":{"footnotes":""},"categories":[179],"tags":[],"class_list":["post-34130","post","type-post","status-publish","format-standard","hentry","category-advent"],"_links":{"self":[{"href":"https:\/\/www.e-anjelik.sk\/index.php\/wp-json\/wp\/v2\/posts\/34130","targetHints":{"allow":["GET"]}}],"collection":[{"href":"https:\/\/www.e-anjelik.sk\/index.php\/wp-json\/wp\/v2\/posts"}],"about":[{"href":"https:\/\/www.e-anjelik.sk\/index.php\/wp-json\/wp\/v2\/types\/post"}],"author":[{"embeddable":true,"href":"https:\/\/www.e-anjelik.sk\/index.php\/wp-json\/wp\/v2\/users\/3"}],"replies":[{"embeddable":true,"href":"https:\/\/www.e-anjelik.sk\/index.php\/wp-json\/wp\/v2\/comments?post=34130"}],"version-history":[{"count":3,"href":"https:\/\/www.e-anjelik.sk\/index.php\/wp-json\/wp\/v2\/posts\/34130\/revisions"}],"predecessor-version":[{"id":34134,"href":"https:\/\/www.e-anjelik.sk\/index.php\/wp-json\/wp\/v2\/posts\/34130\/revisions\/34134"}],"wp:attachment":[{"href":"https:\/\/www.e-anjelik.sk\/index.php\/wp-json\/wp\/v2\/media?parent=34130"}],"wp:term":[{"taxonomy":"category","embeddable":true,"href":"https:\/\/www.e-anjelik.sk\/index.php\/wp-json\/wp\/v2\/categories?post=34130"},{"taxonomy":"post_tag","embeddable":true,"href":"https:\/\/www.e-anjelik.sk\/index.php\/wp-json\/wp\/v2\/tags?post=34130"}],"curies":[{"name":"wp","href":"https:\/\/api.w.org\/{rel}","templated":true}]}}