{"id":34147,"date":"2020-12-05T22:41:33","date_gmt":"2020-12-05T21:41:33","guid":{"rendered":"http:\/\/e-anjelik.sk\/?p=34147"},"modified":"2022-12-11T14:39:56","modified_gmt":"2022-12-11T13:39:56","slug":"adventne-divy","status":"publish","type":"post","link":"https:\/\/www.e-anjelik.sk\/index.php\/2020\/12\/05\/adventne-divy\/","title":{"rendered":"Adventn\u00e9 divy"},"content":{"rendered":"\n<p>&nbsp; &nbsp;<strong> Adventn\u00e9 divy: Boh sa stal \u010dlovekom, n\u00e1s prijal&nbsp;<\/strong><\/p>\n\n\n\n<p><strong>&nbsp; &nbsp; &nbsp; &nbsp; &nbsp; &nbsp; &nbsp; &nbsp; &nbsp; &nbsp; &nbsp; &nbsp; &nbsp; &nbsp; &nbsp; &nbsp; &nbsp; &nbsp; a stal sa slu\u017eobn\u00edkom<\/strong><\/p>\n\n\n\n<p>\u00davodn\u00fd modlitebn\u00fd vzdych:<\/p>\n\n\n\n<p><em>Adventn\u00fd Kr\u00e1\u013e a P\u00e1n n\u00e1\u0161ho \u017eivota, \u010fakujeme Ti, \u017ee si vzal na seba \u013eudsk\u00e9 telo, ale bez hriechu, pri svojom sl\u00e1vnom vtelen\u00ed. \u010eakujeme Pane Kriste, \u017ee si vo v\u0161etkom prijal a plnil v\u00f4\u013eu Otca nebesk\u00e9ho a osl\u00e1vil si Ho, tak ako On Teba. Pros\u00edme v dne\u0161n\u00fa adventn\u00fa nede\u013eu, aby si n\u00e1m pom\u00e1hal odstr\u00e1ni\u0165 v\u0161etko, \u010do n\u00e1s rozde\u013euje, trie\u0161ti a rob\u00ed n\u00e1s chladn\u00fdmi vo\u010di bratom a sestr\u00e1m. Ve\u010f n\u00e1s svoj\u00edm Duchom Sv\u00e4t\u00fdm tak, aby sme sa prij\u00edmali vospolok v d\u00f4vere a l\u00e1ske. Amen<\/em><\/p>\n\n\n\n<p><strong>R 15, 7 &#8211; 13:<\/strong><em>\u201dPreto prij\u00edmajte sa vospolok, ako<\/em><strong><em> n\u00e1s aj Kristus prijal <\/em><\/strong><em>na osl\u00e1venie Boha. (8) Hovor\u00edm toti\u017e, \u017ee sa Kristus <\/em><strong><em>slu\u017eobn\u00edkom <\/em><\/strong><em>obrezan\u00fdch stal pre pravdu Bo\u017eiu, aby potvrdil zas\u013e\u00fabenia dan\u00e9 otcom; (9) a \u017ee pohania oslavovali Boha za milosrdenstvo, ako je nap\u00edsan\u00e9: Preto velebi\u0165 \u0164a budem medzi pohanmi a spieva\u0165 \u017ealmy Tvojmu menu (\u017d 18, 50). (10) A zase hovor\u00ed P\u00edsmo: Radujte sa pohania, spolu s Jeho \u013eudom (5 M 32, 43). (11) A zase: Chv\u00e1\u013ete P\u00e1na v\u0161etky n\u00e1rody a velebte Ho v\u0161etci \u013eudia (\u017d 11,71). (12) A zase Izai\u00e1\u0161 hovor\u00ed: Bude kore\u0148 Jesseho a v Toho, kto povstane vl\u00e1dnu\u0165 nad n\u00e1rodmi, bud\u00fa d\u00fafa\u0165 n\u00e1rody (Iz 11, 1;10).(13) Boh n\u00e1deje nech v\u00e1s napln\u00ed v\u0161etkou rados\u0165ou a pokojom vo viere, aby ste sa mocou Ducha Sv\u00e4t\u00e9ho rozhoj\u0148ovali v n\u00e1deji\u201d. Amen&nbsp;<\/em><\/p>\n\n\n\n<p><strong>&nbsp;&nbsp; &nbsp; &nbsp;<\/strong> &nbsp; Buhumil\u00e9 kres\u0165ansk\u00e9 rodiny, bratia a sestry, mil\u00e9 deti!<\/p>\n\n\n\n<p>&nbsp;&nbsp; Naj\u010dastej\u0161ia ot\u00e1zka novodob\u00fdch evanjeliz\u00e1torov a kazate\u013eov, ktor\u00e1 ide \u201cna telo\u201d, znie: <em>\u201d Prijal si u\u017e Je\u017ei\u0161a do svojho srdca? \u201c <\/em>Alebo podobn\u00e1: <em>\u201cPrijal si u\u017e Je\u017ei\u0161a ako svojho osobn\u00e9ho Spasite\u013ea?\u201d. <\/em>Evanjelick\u00ed kres\u0165ania, luter\u00e1ni, zost\u00e1vaj\u00fa vtedy trochu zm\u00e4ten\u00ed, preto\u017ee s\u00fa zvyknut\u00ed hovori\u0165 sk\u00f4r o viere v Je\u017ei\u0161a, o nasledovan\u00ed P\u00e1na, o d\u00f4vere v Spasite\u013ea atp.&nbsp;<\/p>\n\n\n\n<p>&nbsp; &nbsp; V podstate sa tak\u00e9to ot\u00e1zky klad\u00fa vo v\u0161etk\u00fdch kres\u0165ansk\u00fdch cirkv\u00e1ch s t\u00fdm, \u017ee ka\u017ed\u00e9 cirkevn\u00e9 spolo\u010denstvo m\u00e1 svoju vlastn\u00fa terminol\u00f3giu a trad\u00edciu v duchu ktorej kazatelia apeluj\u00fa na posluch\u00e1\u010dov, aby prijali vtelen\u00e9ho Syna Bo\u017eieho s d\u00f4verou. Pravda, r\u00f4zne cirkvi r\u00f4znym sp\u00f4sobom odpovedaj\u00fa, alebo odpor\u00fa\u010daj\u00fa ako treba Je\u017ei\u0161a prija\u0165. Napr\u00edklad baptisti povedia: \u201d<em>Ver v Je\u017ei\u0161a a potom sa daj pokrsti\u0165\u201d.<\/em> V letni\u010diarskych denomin\u00e1ciach odpor\u00fa\u010daj\u00fa: <em>\u201cPros o dar Ducha sv\u00e4t\u00e9ho a pr\u00edjmi Jeho krst\u201d.<\/em> R\u00edmski katol\u00edci hovorievaj\u00fa:<em>\u201d Cho\u010f ku sv\u00e4t\u00e9mu prij\u00edmaniu a potom rob dobr\u00e9 skutky\u201d.&nbsp; <\/em>Bratia metodisti vypracovali dokonca ur\u010dit\u00fa <em>\u201cmet\u00f3du v piatich bodoch\u201d<\/em>, ktor\u00fa treba dodr\u017eiava\u0165 a tak Krista prija\u0165\u201d. Kalv\u00edni zd\u00f4raz\u0148uj\u00fa: <em>\u201cOslavuj Boha a pl\u0148 z\u00e1kon Kristov\u201d!<\/em>&nbsp; A pravosl\u00e1vni volaj\u00fa k <em>\u00fa\u010dasti na sv\u00e4tej liturgii,<\/em> ktor\u00e1 sa sna\u017e\u00ed predstavi\u0165 cel\u00e9 dejiny sp\u00e1sy\u201d.<\/p>\n\n\n\n<p>&nbsp; &nbsp; U\u010d\u00ed niekto z nich zle? &#8211; Samozrejme, omyl sa vyl\u00fa\u010di\u0165 ned\u00e1, ale povedzme to inak. Zmierlivo a ekumenicky: ka\u017ed\u00e9mu hroz\u00ed ur\u010dit\u00e1 jednostrannos\u0165. Plnos\u0165 pravdy je len u P\u00e1na Boha samotn\u00e9ho a my v\u0161etci k Nemu v \u010dasnosti len smerujeme. Povedan\u00e9 slovami apo\u0161tola Pavla:<em> \u201cNie \u017ee by som u\u017e dosiahol, alebo bol dokona\u00fd, ale sna\u017ene be\u017e\u00edm\u2026\u201d(F 3)&nbsp;<\/em><\/p>\n\n\n\n<p><em>&nbsp;&nbsp; &nbsp; <\/em>Bratia a sestry,&nbsp;<\/p>\n\n\n\n<p>&nbsp;&nbsp; &nbsp; akoko\u013evek je ot\u00e1zka o na\u0161om prijat\u00ed Je\u017ei\u0161a ako P\u00e1na d\u00f4le\u017eit\u00e1 a v\u00e1\u017ena, advent\u00fd \u010das, ktor\u00fd sv\u00e4t\u00edme a pre\u017e\u00edvame n\u00e1m v\u0161ak chce poveda\u0165 na prvom mieste in\u00fa d\u00f4le\u017eit\u00fa a z\u00e1kladn\u00fa vec. To, \u010do je d\u00f4le\u017eit\u00e9 a z\u00e1kladn\u00e9 je t\u00e1 pravda, ako ju vyslovil a nap\u00edsal apo\u0161tol Pavel v \u00favodnom texte:<em> \u201d Preto prij\u00edmajte sa vospolok, ako n\u00e1s aj Kristus prijal na osl\u00e1venie Boha\u201d.&nbsp;<\/em><\/p>\n\n\n\n<p><em>&nbsp;&nbsp; <\/em>Radostn\u00e1 zves\u0165 evanjelia, ktor\u00e1 v r\u00f4znych svedectv\u00e1ch naplno zazneje na Vianoce je v tom, \u017ee: <strong>Kristus prijal n\u00e1s! <\/strong>To je z\u00e1kladn\u00fd a pevn\u00fd bod viery, ktor\u00fd m\u00f4\u017eme po\u010du\u0165 a prija\u0165: V Je\u017ei\u0161ovi Kristovi si n\u00e1s nebesk\u00fd Otec zamiloval a prijal n\u00e1s za svoje deti. V Je\u017ei\u0161ovi kristovi, \u017didia (obrezan\u00ed) i pohania (neobrezan\u00ed) maj\u00fa d\u00f4vod oslavova\u0165 P\u00e1na Boha za milosrdenstvo a Jeho vernos\u0165. V Je\u017ei\u0161ovi sa naplnili zas\u013e\u00fabenia dan\u00e9 u\u017e otcom vyvolen\u00e9ho n\u00e1roda, ktor\u00fd mal&nbsp; t\u00fato zves\u0165 \u0161\u00edri\u0165 medzi v\u0161etk\u00fdmi \u013eu\u010fmi a n\u00e1rodami. Ako P\u00edsmo hovor\u00ed:<em> \u201dRadujte sa pohania, spolu s Jeho \u013eudom\u201d.<\/em> Alebo na inom mieste:<em> \u201dChv\u00e1\u013ete P\u00e1na v\u0161etky n\u00e1rody a velebte Ho v\u0161etci \u013eudia\u201d<\/em>.- D\u00e1vna a sl\u00e1vna je prorock\u00e1 predpove\u010f Izai\u00e1\u0161a:<em>\u201d Bude kore\u0148 Jesseho a v Toho, kto povstane vl\u00e1dnu\u0165 nad n\u00e1rodmi bud\u00fa d\u00fafa\u0165 n\u00e1rody\u201d.<\/em><\/p>\n\n\n\n<p><em>&nbsp; &nbsp;<\/em> Obsahom a sumou evanjelia, ktor\u00e9 bude nanovo znie\u0165 nad t\u00fdmto svetom po\u010das Vianoc je zves\u0165:<em> \u201cTak Boh miloval svet, \u017ee svojho jednorodn\u00e9ho Syna dal\u2026\u201d. <\/em>Otec dal svojho Syna hrie\u0161nemu svetu. Je to prekvapuj\u00faca zves\u0165: P\u00e1n Boh dal a poslal Syna do \u0161pinavej ma\u0161tale, ale aj do \u0161pinav\u00fdch a tvrd\u00fdch \u013eudsk\u00fdch s\u0155dc, na slu\u017ebu n\u00e1m biednym a hrie\u0161nikom. Dal Ho aj posmieva\u010dom, nactiut\u0155ha\u010dom, zlo\u010dincom i katom. V Je\u017ei\u0161ovi \u201csa zjavila milos\u0165 Bo\u017eia sp\u00e1sonosn\u00e1 v\u0161etk\u00e9mu \u013eudu! A Je\u017ei\u0161, na svet poslan\u00fd Z\u00e1chranca, n\u00e1s prijal!<\/p>\n\n\n\n<p>&nbsp;&nbsp; Pri\u0161iel a prijal n\u00e1s so v\u0161etk\u00fdm, \u010do sme a m\u00e1me a splnil tak v\u00f4\u013eu svojho a n\u00e1\u0161ho nebesk\u00e9ho Otca. <em>&#8211; Ke\u010f nejak\u00e9 die\u0165a pln\u00ed v\u00f4\u013eu rodi\u010dov a je poslu\u0161n\u00e9, je chv\u00e1lou a sl\u00e1vou svojich rodi\u010dov.<\/em> Je\u017ei\u0161 prijal n\u00e1s a tak osl\u00e1vil P\u00e1na Boha. P\u00e1n Boh n\u00e1m v \u0148om otvoril &#8211; povedan\u00e9 biblick\u00fdm obrazom <em>\u201cbr\u00e1nu raja\u201d<\/em>, \u010di\u017ee dvere n\u00e1\u0161ho skuto\u010dn\u00e9ho, prav\u00e9ho a ve\u010dn\u00e9ho domova, ktor\u00fa si \u013eudia na \u00fasvite dej\u00edn sami zatvorili.&nbsp;<\/p>\n\n\n\n<p>&nbsp;&nbsp; P\u00e1n Je\u017ei\u0161 preto prijal coln\u00edka Mat\u00fa\u0161a i Zachea, farizeja Nikod\u00e9ma, \u017eenu S\u00fdrofeni\u010danku i Samarit\u00e1nku, mnoh\u00fdch chor\u00fdch a pla\u010d\u00facich, r\u00edmskeho vojaka i zlo\u010dinca na kr\u00ed\u017ei. Nebol vysokomyse\u013en\u00fd. Sklonil sa ku ka\u017ed\u00e9mu, kto Ho prosil o pomoc s d\u00f4verou.&nbsp;<\/p>\n\n\n\n<p>&nbsp; &nbsp; &nbsp; Medzi mnoh\u00fdmi hrie\u0161nikmi sme i my, ktor\u00ed hovor\u00edme s Petrom, \u017ee Je\u017ei\u0161a milujeme. Pritom vieme, \u017ee <em>\u201cmy milujeme Jeho, lebo On prv milova n\u00e1s\u201d.<\/em> On n\u00e1s prijal za priate\u013eov, za bratov a sestry a chce sa rozdeli\u0165 s nami o dedi\u010dstvo \u017eivota ve\u010dn\u00e9ho, o dedi\u010dstvo Bo\u017eieho kr\u00e1\u013eovstva! To v\u0161etko pon\u00fakol P\u00e1n Je\u017ei\u0161 svetu a \u010dloveku u\u017e svoj\u00edm prichodom, svoj\u00edm prv\u00fdm adventom.<\/p>\n\n\n\n<p>&nbsp;&nbsp; Ak toto vieme, m\u00f4\u017eeme sa p\u00fdta\u0165: <strong>A \u010do my, prijali sme Je\u017ei\u0161a ako Spasite\u013ea a P\u00e1na?<\/strong> Chceme Ho prij\u00edma\u0165 v\u017edy nanovo, ke\u010f k n\u00e1m prich\u00e1dza v slove evanjelia a vo sviatostiach ako Kr\u00e1\u013e pokoja a<em> ke\u010f sa v\u017edy nanovo \u201cuj\u00edma sa dc\u00e9ry Sionskej? <\/em>Je to iste d\u00f4le\u017eit\u00e1&nbsp; a v\u00e1\u017ena ot\u00e1zka, ktor\u00fa n\u00e1m kladie adventn\u00e1 doba.&nbsp;<\/p>\n\n\n\n<p>&nbsp;&nbsp; Potom nasleduje aj druh\u00e1 a \u010fal\u0161ia ot\u00e1zka, ku ktorej viedol svojich posluch\u00e1\u010dov aj apo\u0161tol Pavel:<em> \u201cPreto prij\u00edmajte sa vospolok\u2026\u201d.<\/em><\/p>\n\n\n\n<p><em>&nbsp;&nbsp; &nbsp; <\/em>Mil\u00ed bratia a sestry!<\/p>\n\n\n\n<p>&nbsp; &nbsp; Ke\u010f sa chyst\u00e1me ku kr\u00e1snym sviatkom, sved\u010diacim o Bo\u017eej milosti a l\u00e1ske, m\u00f4\u017eeme a m\u00e1me sa op\u00fdta\u0165 sami seba:<em> prijali sme&nbsp; t\u00fdch, ktor\u00fdch prijal n\u00e1\u0161 P\u00e1n a Boh?<\/em> T\u00fdch, ktor\u00fdm odpustil mnoho, ako aj n\u00e1m?&nbsp;<\/p>\n\n\n\n<p>&nbsp;&nbsp; Advent je \u010das, ke\u010f sa chyst\u00e1me zahrn\u00fa\u0165 l\u00e1skou a pozornos\u0165ou svoje<strong> rodiny,<\/strong> na\u0161ich najbli\u017e\u0161\u00edch. Slov\u00e1: <em>\u201cPrij\u00edmajte sa vospolok\u201d <\/em>iste smeruj\u00fa najprv do na\u0161ich naju\u017e\u0161\u00edch zv\u00e4zkov. I ke\u010f b\u00fdvaj\u00fa Vianoce aj kritizovan\u00e9 pre mno\u017estvo darov a dar\u010dekov, ktor\u00fdmi sa \u013eudia a najm\u00e4 deti v rodinch zah\u0155\u0148aj\u00fa, maj\u00fa aj dar\u010deky svoj v\u00fdznam, ak s\u00fa skuto\u010dne v\u00fdrazom l\u00e1sky. Ak s\u00fa prejavom toho, \u017ee sa v l\u00e1ske, t.j. v odpusten\u00ed, zmieren\u00ed, v nov\u00fdch prejavoch slu\u017eby aktivizujeme tak, aby sme sa prij\u00edmali v l\u00e1ske aj v \u010fal\u0161\u00edch d\u0148och n\u00e1\u0161ho \u017eivota.<\/p>\n\n\n\n<p><em>&nbsp;&nbsp; \u201cPrij\u00edmajte sa vospolok\u201d- <\/em>hovor\u00ed apo\u0161tol a c\u00edtime, \u017ee t\u00e1to v\u00fdzva plat\u00ed aj pre ka\u017ed\u00fd <strong>cirkevn\u00fd zbor<\/strong>. Pre spolo\u010denstvo, kde<em> \u201cm\u00e1me plaka\u0165 s pla\u010d\u00facimi a radova\u0165 sa s raduj\u00facimi\u201d,<\/em> kde m\u00e1me prosi\u0165 o po\u017eehnanie pre v\u0161ekt\u00fdch bratov a sestry a v\u0161etky rodiny, osobitne o posilnenie pre chor\u00fdch, nemocn\u00fdch a osamel\u00fdch.<\/p>\n\n\n\n<p><em>&nbsp; &nbsp; \u201cPrij\u00edmajte sa vospolok\u201d <\/em>znie n\u00e1m v\u00fdzva prameniaca z vedomia a poznania o n\u00e1\u0161om prijat\u00ed Otcom nebesk\u00fdm, ke\u010f mysl\u00edme aj na <strong>cel\u00fa na\u0161u cirkev a mnoh\u00e9 cirkevn\u00e9 zbory.<\/strong> Mnoh\u00e9 s\u00fa toti\u017e osirel\u00e9, pripom\u00ednaj\u00face ovce bez pastiera, \u010dasto \u017eij\u00face v nap\u00e4t\u00ed a v r\u00f4znych sporoch.<\/p>\n\n\n\n<p><em>&nbsp; &nbsp; Bratia a sestry,&nbsp;<\/em><\/p>\n\n\n\n<p><em>&nbsp;&nbsp; &nbsp; <\/em>ke\u010f\u017ee budeme cez sviatky iste sledova\u0165 aj r\u00f4zne bohoslu\u017eobn\u00e9 prejavy a bohoslu\u017eby in\u00fdch cirkevn\u00fdch spolo\u010denstiev v masm\u00e9diach pri ich sp\u00f4sobe oslavy vtelen\u00e9ho a naroden\u00e9ho P\u00e1na, prij\u00edmajme aj ich zves\u0165, ktor\u00e1 m\u00e1 prav\u00fd biblick\u00fd z\u00e1klad. To, \u010do je dobrou a radostnou spr\u00e1vou pre tento svet. Oslava, liturgia a piesne r\u00f4znych cirkv\u00ed s\u00fa r\u00f4zne, nie v\u0161etk\u00e9mu v ich bohoslu\u017ebe rozumieme a nie v\u0161etko je pre na\u0161u vieru povzbuden\u00edm, ale ako evanjelici vieme&nbsp; a dok\u00e1\u017eemne rozozna\u0165 \u201czrno od pliev\u201d. Na \u00favod som spomenul r\u00f4zne d\u00f4razy, trad\u00edcie a vyjadrenie viery u r\u00f4znych kres\u0165anov, preto: bu\u010fme tolerantn\u00ed k inoveriacim kres\u0165anom.<\/p>\n\n\n\n<p>&nbsp;&nbsp; Napokon, \u010do je neraz ve\u013emi \u0165a\u017ek\u00e9 pre \u00faprimne veriacich, <strong>bu\u010fme trpezliv\u00fd s neveriacimi <\/strong>&#8211; presnej\u0161ie s t\u00fdmi, ktor\u00ed Je\u017ei\u0161a neprijali a neprij\u00edmaj\u00fa za P\u00e1na svojich \u017eivotov. Modlime sa aj za nich, aby im P\u00e1n Boh poprial dar viery, aby nezahynuli ve\u010dne.<\/p>\n\n\n\n<p>&nbsp; &nbsp; V t\u00fato druh\u00fa adventn\u00fa nede\u013eu v\u00e1s v\u0161etkt\u00fdch chcem na z\u00e1ver pozdravi\u0165 t\u00fdm pozdravom, ktor\u00fdm apo\u0161tol Pavel pozdravil kres\u0165anov v R\u00edme: <em>\u201cBoh n\u00e1deje nech v\u00e1s napln\u00ed v\u0161etkou rados\u0165ou a pokojom vo viere, aby ste sa mocou Ducha Sv\u00e4t\u00e9ho rozhoj\u0148ovali v n\u00e1deji\u201d. Amen.<\/em><\/p>\n\n\n\n<p>&nbsp; &nbsp; &nbsp; &nbsp; <em>&nbsp; 2.adventn\u00e1 nede\u013ea (90\/2020) &#8211; Skalica &#8211; \u013dubom\u00edr Batka st.<\/em><\/p>\n","protected":false},"excerpt":{"rendered":"<p>&nbsp; &nbsp; Adventn\u00e9 divy: Boh sa stal \u010dlovekom, n\u00e1s prijal&nbsp; &nbsp; &nbsp; &nbsp; &nbsp; &nbsp; &nbsp; &nbsp; &nbsp; &nbsp; &nbsp; &nbsp; &nbsp; &nbsp; &nbsp; &nbsp; &nbsp; &nbsp; &nbsp; a stal sa slu\u017eobn\u00edkom \u00davodn\u00fd modlitebn\u00fd vzdych: Adventn\u00fd Kr\u00e1\u013e a P\u00e1n n\u00e1\u0161ho \u017eivota, \u010fakujeme Ti, \u017ee si vzal na seba \u013eudsk\u00e9 telo, ale bez hriechu, pri svojom &#8230; <a title=\"Adventn\u00e9 divy\" class=\"read-more\" href=\"https:\/\/www.e-anjelik.sk\/index.php\/2020\/12\/05\/adventne-divy\/\" aria-label=\"Pre\u010d\u00edtajte si viac o Adventn\u00e9 divy\">\u010c\u00edta\u0165 viac<\/a><\/p>\n","protected":false},"author":4,"featured_media":0,"comment_status":"open","ping_status":"open","sticky":false,"template":"","format":"standard","meta":{"footnotes":""},"categories":[599,179,121,370,6,7],"tags":[],"class_list":["post-34147","post","type-post","status-publish","format-standard","hentry","category-2-adventna-nedela","category-advent","category-kazne","category-modlitby-adventne","category-myjavsky-seniorat","category-skalica"],"_links":{"self":[{"href":"https:\/\/www.e-anjelik.sk\/index.php\/wp-json\/wp\/v2\/posts\/34147","targetHints":{"allow":["GET"]}}],"collection":[{"href":"https:\/\/www.e-anjelik.sk\/index.php\/wp-json\/wp\/v2\/posts"}],"about":[{"href":"https:\/\/www.e-anjelik.sk\/index.php\/wp-json\/wp\/v2\/types\/post"}],"author":[{"embeddable":true,"href":"https:\/\/www.e-anjelik.sk\/index.php\/wp-json\/wp\/v2\/users\/4"}],"replies":[{"embeddable":true,"href":"https:\/\/www.e-anjelik.sk\/index.php\/wp-json\/wp\/v2\/comments?post=34147"}],"version-history":[{"count":1,"href":"https:\/\/www.e-anjelik.sk\/index.php\/wp-json\/wp\/v2\/posts\/34147\/revisions"}],"predecessor-version":[{"id":34148,"href":"https:\/\/www.e-anjelik.sk\/index.php\/wp-json\/wp\/v2\/posts\/34147\/revisions\/34148"}],"wp:attachment":[{"href":"https:\/\/www.e-anjelik.sk\/index.php\/wp-json\/wp\/v2\/media?parent=34147"}],"wp:term":[{"taxonomy":"category","embeddable":true,"href":"https:\/\/www.e-anjelik.sk\/index.php\/wp-json\/wp\/v2\/categories?post=34147"},{"taxonomy":"post_tag","embeddable":true,"href":"https:\/\/www.e-anjelik.sk\/index.php\/wp-json\/wp\/v2\/tags?post=34147"}],"curies":[{"name":"wp","href":"https:\/\/api.w.org\/{rel}","templated":true}]}}