{"id":3417,"date":"2011-03-11T11:22:32","date_gmt":"2011-03-11T11:22:32","guid":{"rendered":"http:\/\/e-anjelik.sk\/?p=3417"},"modified":"2011-03-11T11:22:32","modified_gmt":"2011-03-11T11:22:32","slug":"martin-jung-v-azii","status":"publish","type":"post","link":"https:\/\/www.e-anjelik.sk\/index.php\/2011\/03\/11\/martin-jung-v-azii\/","title":{"rendered":"Martin Jung v \u00c1zii"},"content":{"rendered":"<p>Martin Jung, gener&aacute;lny tajomn&iacute;k Svetov&eacute;ho luter&aacute;nskeho zv&auml;zu zo \u017denevy pricestoval 6. marca t.r. do &Aacute;zie, aby nav&scaron;t&iacute;vil tamoj&scaron;ie \u010dlensk&eacute; lut. cirkvi. Jung sa chce obozn&aacute;mi\u0165, akou cestou tieto region&aacute;lne cirkvi prispievaj&uacute; k upev\u0148ovaniou celosvetov&eacute;ho spolo\u010denstva. Je to jeho prv&aacute; n&aacute;v&scaron;teva cirkv&iacute;, odkedy prevzal &uacute;rad gen. tajomn&iacute;ka. T&aacute;to n&aacute;v&scaron;teva je spojen&aacute; s konan&iacute;m dvojro\u010dn&eacute;ho zasadnutia Luter&aacute;nskej rady &Aacute;zie (LUCAS) a Konferencie ved&uacute;cich cirkv&iacute; &Aacute;zie (&nbsp;ACLC) v Kuala Lumpur (Malajzia)&nbsp;v d\u0148och 8. &#8211; 13. marca 2011.<\/p>\n<p>(<a href=\"http:\/\/www.asia-lutheran.org\">www.asia-lutheran.org<\/a>)<\/p>\n","protected":false},"excerpt":{"rendered":"<p>Martin Jung, gener&aacute;lny tajomn&iacute;k Svetov&eacute;ho luter&aacute;nskeho zv&auml;zu zo \u017denevy pricestoval 6. marca t.r. do &Aacute;zie, aby nav&scaron;t&iacute;vil tamoj&scaron;ie \u010dlensk&eacute; lut. cirkvi. Jung sa chce obozn&aacute;mi\u0165, akou cestou tieto region&aacute;lne cirkvi prispievaj&uacute; k upev\u0148ovaniou celosvetov&eacute;ho spolo\u010denstva. Je to jeho prv&aacute; n&aacute;v&scaron;teva cirkv&iacute;, odkedy prevzal &uacute;rad gen. tajomn&iacute;ka. T&aacute;to n&aacute;v&scaron;teva je spojen&aacute; s konan&iacute;m dvojro\u010dn&eacute;ho zasadnutia Luter&aacute;nskej &#8230; <a title=\"Martin Jung v \u00c1zii\" class=\"read-more\" href=\"https:\/\/www.e-anjelik.sk\/index.php\/2011\/03\/11\/martin-jung-v-azii\/\" aria-label=\"Pre\u010d\u00edtajte si viac o Martin Jung v \u00c1zii\">\u010c\u00edta\u0165 viac<\/a><\/p>\n","protected":false},"author":22,"featured_media":0,"comment_status":"open","ping_status":"open","sticky":false,"template":"","format":"standard","meta":{"footnotes":""},"categories":[16,10],"tags":[],"class_list":["post-3417","post","type-post","status-publish","format-standard","hentry","category-azia","category-zo-sveta"],"_links":{"self":[{"href":"https:\/\/www.e-anjelik.sk\/index.php\/wp-json\/wp\/v2\/posts\/3417","targetHints":{"allow":["GET"]}}],"collection":[{"href":"https:\/\/www.e-anjelik.sk\/index.php\/wp-json\/wp\/v2\/posts"}],"about":[{"href":"https:\/\/www.e-anjelik.sk\/index.php\/wp-json\/wp\/v2\/types\/post"}],"author":[{"embeddable":true,"href":"https:\/\/www.e-anjelik.sk\/index.php\/wp-json\/wp\/v2\/users\/22"}],"replies":[{"embeddable":true,"href":"https:\/\/www.e-anjelik.sk\/index.php\/wp-json\/wp\/v2\/comments?post=3417"}],"version-history":[{"count":0,"href":"https:\/\/www.e-anjelik.sk\/index.php\/wp-json\/wp\/v2\/posts\/3417\/revisions"}],"wp:attachment":[{"href":"https:\/\/www.e-anjelik.sk\/index.php\/wp-json\/wp\/v2\/media?parent=3417"}],"wp:term":[{"taxonomy":"category","embeddable":true,"href":"https:\/\/www.e-anjelik.sk\/index.php\/wp-json\/wp\/v2\/categories?post=3417"},{"taxonomy":"post_tag","embeddable":true,"href":"https:\/\/www.e-anjelik.sk\/index.php\/wp-json\/wp\/v2\/tags?post=3417"}],"curies":[{"name":"wp","href":"https:\/\/api.w.org\/{rel}","templated":true}]}}