{"id":34175,"date":"2020-12-18T00:40:09","date_gmt":"2020-12-17T23:40:09","guid":{"rendered":"http:\/\/e-anjelik.sk\/?p=34175"},"modified":"2020-12-22T07:20:19","modified_gmt":"2020-12-22T06:20:19","slug":"usmernenie-predsednictiev-ecav-o-konani-vianocnych-bohosluzieb","status":"publish","type":"post","link":"https:\/\/www.e-anjelik.sk\/index.php\/2020\/12\/18\/usmernenie-predsednictiev-ecav-o-konani-vianocnych-bohosluzieb\/","title":{"rendered":"Usmernenie predsedn\u00edctiev ECAV o konan\u00ed viano\u010dn\u00fdch bohoslu\u017eieb"},"content":{"rendered":"\n<h1 class=\"wp-block-heading\">Usmernenie predsedn\u00edctiev ECAV k viano\u010dn\u00fdm sviatkom<\/h1>\n\n\n\n<ul class=\"wp-block-list\"><li>&nbsp;17.12.20<\/li><li>&nbsp;&nbsp;Predsedn\u00edctva ECAV<\/li><li>&nbsp;<a href=\"https:\/\/www.ecav.sk\/aktuality\/stanoviska-a-vyjadrenia\">&nbsp;Stanovisk\u00e1 a vyjadrenia<\/a><\/li><\/ul>\n\n\n\n<p>Drah\u00ed bratia a sestry, cirkevn\u00e9 zbory,<\/p>\n\n\n\n<p>\u00a0 \u00a0 \u00a0pandemizck\u00e1 situ\u00e1cia sa v na\u0161om \u0161t\u00e1te v\u00e1\u017ene zhor\u0161ila. Narastaj\u00fa po\u010dty infikovan\u00fdch, plnia sa oddelenia nemocn\u00edc, ich person\u00e1l pracuje na hraniciach mo\u017enost\u00ed. Zaznamen\u00e1vame \u017eia\u013e st\u00e1le zvy\u0161uj\u00face sa po\u010dty \u00famrt\u00ed. Ob\u00e1vame sa o na\u0161ich seniorov a o t\u00fdch, ktor\u00ed maj\u00fa u\u017e i tak zdravotn\u00e9 \u0165a\u017ekosti.<\/p>\n\n\n\n<figure class=\"wp-block-image\"><a href=\"https:\/\/www.ecav.sk\/rails\/active_storage\/blobs\/eyJfcmFpbHMiOnsibWVzc2FnZSI6IkJBaHBBckNXIiwiZXhwIjpudWxsLCJwdXIiOiJibG9iX2lkIn19--a38a19bcbbc55a4f7560bcfc0e306f723538c602\/Lutherova_Ruza_VELKA.png\"><img decoding=\"async\" src=\"https:\/\/www.ecav.sk\/rails\/active_storage\/representations\/eyJfcmFpbHMiOnsibWVzc2FnZSI6IkJBaHBBckNXIiwiZXhwIjpudWxsLCJwdXIiOiJibG9iX2lkIn19--a38a19bcbbc55a4f7560bcfc0e306f723538c602\/eyJfcmFpbHMiOnsibWVzc2FnZSI6IkJBaDdCam9MY21WemFYcGxTU0lJT1RBd0Jqb0dSVlE9IiwiZXhwIjpudWxsLCJwdXIiOiJ2YXJpYXRpb24ifX0=--f83398908a42570f1be2d2870fc3e62f317d893b\/Lutherova_Ruza_VELKA.png\" alt=\"Usmernenie predsedn\u00edctiev ECAV k viano\u010dn\u00fdm sviatkom\"\/><\/a><\/figure>\n\n\n\n<p>\u00a0 \u00a0 \u00a0Od soboty 19. decembra za\u010d\u00edna plati\u0165 celo\u0161t\u00e1tny lockdown s nieko\u013ek\u00fdmi v\u00fdnimkami. Medzi ne patr\u00ed aj cesta na bohoslu\u017eby a z bohoslu\u017eieb. Re\u017eim samotn\u00fdch bohoslu\u017eieb m\u00e1 upravi\u0165 \u00darad verejn\u00e9ho zdravotn\u00edctva. \u017diadne jeho opatrenia v\u0161ak zatia\u013e nie s\u00fa zverejnen\u00e9. Nevieme cirkevn\u00fdm zborom ni\u010d konkr\u00e9tnej\u0161ie poveda\u0165, vl\u00e1dne v\u0161eobecn\u00e1 neistota. \u010cas plynie a nikto si nevie celkom predstavi\u0165, \u010do n\u00e1s \u010dak\u00e1.<\/p>\n\n\n\n<p>&nbsp; &nbsp; &nbsp;Medzit\u00fdm, sa dozved\u00e1me, \u017ee \u00farady region\u00e1lnych hygienikov z d\u00f4vodu \u0161\u00edrenia pand\u00e9mie celkom zak\u00e1zali, resp. striktne obmedzili re\u017eim konania bohoslu\u017eieb u\u017e na nieko\u013ek\u00fdch miestach Slovenska. Z\u00e1rove\u0148 vieme, \u017ee cirkevn\u00e9 zbory na viano\u010dn\u00e9 a novoro\u010dn\u00e9 sviatky napl\u00e1novali zv\u00fd\u0161en\u00fd, niekde a\u017e extr\u00e9mne zv\u00fd\u0161en\u00fd po\u010det Slu\u017eieb Bo\u017e\u00edch, aby vyhoveli v s\u00fa\u010dasnosti platn\u00fdm opatreniam, ktor\u00e9 hovoria o zaplnen\u00ed polovi\u010dnej kapacity kostolov. Napriek tejto snahe c\u00edtia, \u017ee je mimoriadne zlo\u017eit\u00e9, ak v\u00f4bec zvl\u00e1dnute\u013en\u00e9, tieto Slu\u017eby Bo\u017eie organiza\u010dne zabezpe\u010di\u0165 tak, aby boli pr\u00edstupn\u00e9 pre v\u0161etk\u00fdch ich mo\u017en\u00fdch n\u00e1v\u0161tevn\u00edkov. Tak\u00e1to slu\u017eba z\u00e1rove\u0148 kladie mimoriadne n\u00e1roky na fyzick\u00fa, hlasov\u00fa a ment\u00e1lnu kond\u00edciu far\u00e1rov a kantorov, z ktor\u00fdch nie ka\u017ed\u00fd m\u00f4\u017ee r\u00e1ta\u0165 so zastupovan\u00edm, \u010di s v\u00fdpomocou. T\u00edto na\u0161i sl\u00fa\u017eiaci bratia a sestry s\u00fa vystaven\u00ed vysok\u00e9mu zdravotn\u00e9mu riziku, ktor\u00e9 \u010falej pren\u00e1\u0161aj\u00fa do svojich rod\u00edn.<\/p>\n\n\n\n<p>&nbsp; &nbsp; &nbsp;To, \u010do o pravidl\u00e1ch lockdownu teraz vieme je, \u017ee v s\u00fakrom\u00ed budeme musie\u0165 \u017ei\u0165 v minibublin\u00e1ch, pozost\u00e1vaj\u00facich z maxim\u00e1lne dvoch rodinn\u00fdch subjektov. Nevieme, ak\u00fd re\u017eim bud\u00fa m\u00f4c\u0165 ma\u0165 na\u0161e Slu\u017eby Bo\u017eie. Ale nech by bol ak\u00fdko\u013evek, ich konanie hlavne vo ve\u013ek\u00fdch mest\u00e1ch by bolo celkom proti zmyslu opatren\u00ed, t\u00fdkaj\u00facich sa lockdownu. Ak je jeho zmyslom radik\u00e1lne obmedzi\u0165 stret\u00e1vanie a mobilitu obyvate\u013estva a obmedzi\u0165 ju iba na vykon\u00e1vanie \u017eivotne nevyhnutn\u00fdch \u00fakonov, potom zhroma\u017e\u010fovanie \u013eud\u00ed na bohoslu\u017eb\u00e1ch m\u00f4\u017ee vytv\u00e1ra\u0165 riziko.<\/p>\n\n\n\n<p>&nbsp; &nbsp; &nbsp;Drah\u00ed bratia a sestry, cirkevn\u00e9 zbory, my samozrejme nem\u00f4\u017eme a ani nechceme zak\u00e1za\u0165 konanie Slu\u017eieb Bo\u017e\u00edch v cirkevn\u00fdch zboroch na\u0161ej cirkvi. Po\u010d\u00edtame s va\u0161ou slobodou a zodpovednos\u0165ou. Prich\u00e1dzame v\u0161ak s v\u00e1\u017enou v\u00fdzvou, aby predstavitelia cirkevn\u00fdch zborov zv\u00e1\u017eili miestnu pandemick\u00fa situ\u00e1ciu a okolnosti ktor\u00e9 sami najlep\u0161ie poznaj\u00fa a rozhodli sa zosta\u0165 po\u010das Vianoc v dobrovo\u013enom lockdowne. Ak to cirkevn\u00e9 zbory urobia, bude to vzh\u013eadom na situ\u00e1ciu pochopite\u013en\u00e9 a nikto im to nebude ma\u0165 za zl\u00e9. Ak sa cirkevn\u00e9 zbory predsa len rozhodn\u00fa Slu\u017eby Bo\u017eie ma\u0165, pros\u00edme ich, aby ich vykonali v s\u00falade s o\u010dak\u00e1van\u00fdmi opatreniami \u00daradu verejn\u00e9ho zdravotn\u00edctva, a aby zabezpe\u010dili maxim\u00e1lne dodr\u017eiavanie v\u0161etk\u00fdch nariaden\u00fdch hygienick\u00fdch predpisov.<\/p>\n\n\n\n<p>&nbsp; &nbsp; &nbsp;T\u00ed, ktor\u00ed sa rozhodnete pre dobrovo\u013en\u00fd lockdown, s l\u00e1skou v\u00e1s \u017eiadame, aby ste ur\u010dite nezostali iba pri kon\u0161tatovan\u00ed, \u017ee Slu\u017eby Bo\u017eie nebud\u00fa. Pripravte alternat\u00edvne sp\u00f4soby, ako svojim \u010dlenom posl\u00fa\u017ei\u0165. Ak je to vo va\u0161ich sil\u00e1ch a technick\u00fdch mo\u017enostiach, sna\u017ete sa zabezpe\u010di\u0165 online vysielanie Slu\u017eieb Bo\u017e\u00edch z v\u00e1\u0161ho kostola za \u00fa\u010dasti malej skupiny dobrovo\u013en\u00edkov sl\u00fa\u017eiacich v liturgii a pri technickom zabezpe\u010den\u00ed prenosu. Rozmno\u017ete a do rod\u00edn distribuujte tla\u010den\u00e9 materi\u00e1lny, umo\u017e\u0148uj\u00face konanie dom\u00e1cich pobo\u017enost\u00ed. Zabezpe\u010dte, aby \u010dlenovia va\u0161ich cirkevn\u00fdch zborov dostali inform\u00e1cie o tom, kedy bud\u00fa vysielan\u00e9 evanjelick\u00e9 Slu\u017eby Bo\u017eie v r\u00e1diu a v telev\u00edzii. Spolupracujte s miestnymi telev\u00edziami a r\u00e1diami. Nech napriek dobrovo\u013en\u00e9mu lockdownu nikto nezostane bez duchovn\u00e9ho zaopatrenia!<\/p>\n\n\n\n<p>&nbsp; &nbsp; &nbsp;Bratia a sestry, cirkevn\u00e9 zbory, nech V\u00e1m d\u00e1 Boh m\u00fadros\u0165 a odvahu k t\u00fdm spr\u00e1vnym rozhodnutiam vo ve\u013emi zlo\u017eitom \u010dase.<\/p>\n\n\n\n<p>&nbsp; &nbsp; &nbsp;Mysl\u00edme na v\u00e1s. V\u00e1\u017eime si va\u0161u vernos\u0165, l\u00e1sku k spolo\u010denstvu cirkvi, va\u0161e odhodlanie sl\u00fa\u017ei\u0165. &nbsp;Ch\u00e1peme va\u0161u \u013e\u00fatos\u0165 a roz\u010darovanie, \u017ee pr\u00e1ve Vianoce, ktor\u00e9 b\u00fdvaj\u00fa spe\u010daten\u00edm \u017eivota cirkevn\u00e9ho zboru a d\u00e1vaj\u00fa mo\u017enos\u0165 po\u010du\u0165 radostn\u00fa zves\u0165 o Bo\u017eom pr\u00edchode k n\u00e1m v Je\u017ei\u0161ovi Kristovi aj mno\u017estvu \u013eud\u00ed ktor\u00ed stoja \u010falej od pravideln\u00e9ho \u017eivota cirkvi, \u010di s\u00fa to rovno sekul\u00e1rni \u013eudia, s\u00fa nepr\u00edjemne skomplikovan\u00e9 pandemickou situ\u00e1ciou. K tomu, o \u010dom p\u00ed\u0161eme a \u010do v\u00e1m doporu\u010dujeme, n\u00e1s v\u0161ak vedie zodpovednos\u0165 za in\u00fdch a t\u00fa\u017eba prispie\u0165 k rie\u0161eniu \u0165a\u017ekej situ\u00e1cie, ktorou sme postihnut\u00ed v\u0161etci. Netaj\u00edme sa ani t\u00fdm, \u017ee po\u010d\u00favame i hlasy mnoh\u00fdch z komunity na\u0161ich duchovn\u00fdch, ktor\u00ed spont\u00e1nne c\u00edtia, \u017ee najlep\u0161\u00edm rie\u0161en\u00edm teraj\u0161ej situ\u00e1cie by bol dobrovo\u013en\u00fd lockdown a nevedia si dobre predstavi\u0165, ako pripravi\u0165 viano\u010dn\u00e9 bohoslu\u017eby za teraj\u0161\u00edch, alebo e\u0161te pr\u00edsnej\u0161\u00edch podmienok.<\/p>\n\n\n\n<p>&nbsp; &nbsp; &nbsp;V n\u00e1deji vzkriesenia spom\u00edname na t\u00fdch, ktor\u00ed kv\u00f4li v\u00edrusu covid-19 zomreli. Mysl\u00edme na t\u00fdch, ktor\u00ed ochoreli, najm\u00e4 na t\u00fdch, ktor\u00ed s\u00fa v \u0165a\u017ekom stave. Mysl\u00edme na na\u0161ich seniorov, na osamel\u00fdch, na \u013eud\u00ed v tiesni a bez domova. Mysl\u00edme na person\u00e1l na\u0161ich nemocn\u00edc, bojuj\u00faci skuto\u010dne v prv\u00fdch radoch protipademick\u00e9ho frontu, na pracovn\u00edkov na\u0161ej diakonie, na pracovn\u00edkov v\u0161etk\u00fdch soci\u00e1lnych zariaden\u00ed. Prec\u00ed\u0165me solidaritu, jednotu, pom\u00e1hajme si navz\u00e1jom. V \u010dase ohrozenia neh\u013eadajme to, \u010do n\u00e1s rozde\u013euje, ale stojme bl\u00edzko pri sebe. Modlime sa jedni za druh\u00fdch a \u017eehnajme si v \u0165a\u017ekom \u010dase.<\/p>\n\n\n\n<p>&nbsp; &nbsp; &nbsp;Pane, pros\u00edme, neop\u00fa\u0161\u0165aj n\u00e1s!<\/p>\n\n\n\n<p><em>&nbsp; &nbsp; &nbsp;\u201ePristupujme teda s d\u00f4verou ku tr\u00f3nu milosti, aby sme prijali milosrdenstvo a na\u0161li milos\u0165 na pomoc v prav\u00fd \u010das.\u201c &nbsp; &nbsp; &nbsp; &nbsp; &nbsp; &nbsp; &nbsp; &nbsp; &nbsp; &nbsp; &nbsp; &nbsp; &nbsp; &nbsp; &nbsp; &nbsp; &nbsp; &nbsp; &nbsp; &nbsp; &nbsp; &nbsp; &nbsp; &nbsp; &nbsp; &nbsp; &nbsp; &nbsp; &nbsp; &nbsp; &nbsp; &nbsp; &nbsp; &nbsp; &nbsp; &nbsp; &nbsp; &nbsp; &nbsp; &nbsp; &nbsp; &nbsp; &nbsp; &nbsp; &nbsp; &nbsp; &nbsp; &nbsp; &nbsp; &nbsp; &nbsp; &nbsp; &nbsp; &nbsp; &nbsp; &nbsp; &nbsp; &nbsp; &nbsp; &nbsp; &nbsp; &nbsp; &nbsp; &nbsp; &nbsp; &nbsp; &nbsp; &nbsp; &nbsp; \u017didom 4, 16<\/em><\/p>\n\n\n\n<p>&nbsp; &nbsp; &nbsp;Ivan E\u013eko, gener\u00e1lny biskup ECAV<\/p>\n\n\n\n<p>&nbsp; &nbsp; &nbsp;J\u00e1n Brozman, gener\u00e1lny dozorca ECAV<\/p>\n\n\n\n<p>&nbsp; &nbsp; &nbsp;J\u00e1n Hrobo\u0148, biskup ZD ECAV<\/p>\n\n\n\n<p>&nbsp; &nbsp; &nbsp;Ren\u00e1ta Vinczeov\u00e1, di\u0161triktu\u00e1lna dozorky\u0148a ZD ECAV<\/p>\n\n\n\n<p>&nbsp; &nbsp; &nbsp;Peter Miho\u010d, biskup VD ECAV<\/p>\n\n\n\n<p>&nbsp; &nbsp; &nbsp;\u013dubom\u00edr Pankuch, di\u0161triktu\u00e1lny dozorca VD ECAV<\/p>\n","protected":false},"excerpt":{"rendered":"<p>Usmernenie predsedn\u00edctiev ECAV k viano\u010dn\u00fdm sviatkom &nbsp;17.12.20 &nbsp;&nbsp;Predsedn\u00edctva ECAV &nbsp;&nbsp;Stanovisk\u00e1 a vyjadrenia Drah\u00ed bratia a sestry, cirkevn\u00e9 zbory, \u00a0 \u00a0 \u00a0pandemizck\u00e1 situ\u00e1cia sa v na\u0161om \u0161t\u00e1te v\u00e1\u017ene zhor\u0161ila. Narastaj\u00fa po\u010dty infikovan\u00fdch, plnia sa oddelenia nemocn\u00edc, ich person\u00e1l pracuje na hraniciach mo\u017enost\u00ed. Zaznamen\u00e1vame \u017eia\u013e st\u00e1le zvy\u0161uj\u00face sa po\u010dty \u00famrt\u00ed. Ob\u00e1vame sa o na\u0161ich seniorov a o &#8230; <a title=\"Usmernenie predsedn\u00edctiev ECAV o konan\u00ed viano\u010dn\u00fdch bohoslu\u017eieb\" class=\"read-more\" href=\"https:\/\/www.e-anjelik.sk\/index.php\/2020\/12\/18\/usmernenie-predsednictiev-ecav-o-konani-vianocnych-bohosluzieb\/\" aria-label=\"Pre\u010d\u00edtajte si viac o Usmernenie predsedn\u00edctiev ECAV o konan\u00ed viano\u010dn\u00fdch bohoslu\u017eieb\">\u010c\u00edta\u0165 viac<\/a><\/p>\n","protected":false},"author":4,"featured_media":0,"comment_status":"open","ping_status":"open","sticky":false,"template":"","format":"standard","meta":{"footnotes":""},"categories":[4,177,118,373,159,375,78],"tags":[],"class_list":["post-34175","post","type-post","status-publish","format-standard","hentry","category-akcie","category-gbu","category-myjava","category-stedry-vecer","category-vianoce","category-zaver-obcianskeho-roku","category-zbor-biskupov-ecav"],"_links":{"self":[{"href":"https:\/\/www.e-anjelik.sk\/index.php\/wp-json\/wp\/v2\/posts\/34175","targetHints":{"allow":["GET"]}}],"collection":[{"href":"https:\/\/www.e-anjelik.sk\/index.php\/wp-json\/wp\/v2\/posts"}],"about":[{"href":"https:\/\/www.e-anjelik.sk\/index.php\/wp-json\/wp\/v2\/types\/post"}],"author":[{"embeddable":true,"href":"https:\/\/www.e-anjelik.sk\/index.php\/wp-json\/wp\/v2\/users\/4"}],"replies":[{"embeddable":true,"href":"https:\/\/www.e-anjelik.sk\/index.php\/wp-json\/wp\/v2\/comments?post=34175"}],"version-history":[{"count":2,"href":"https:\/\/www.e-anjelik.sk\/index.php\/wp-json\/wp\/v2\/posts\/34175\/revisions"}],"predecessor-version":[{"id":34188,"href":"https:\/\/www.e-anjelik.sk\/index.php\/wp-json\/wp\/v2\/posts\/34175\/revisions\/34188"}],"wp:attachment":[{"href":"https:\/\/www.e-anjelik.sk\/index.php\/wp-json\/wp\/v2\/media?parent=34175"}],"wp:term":[{"taxonomy":"category","embeddable":true,"href":"https:\/\/www.e-anjelik.sk\/index.php\/wp-json\/wp\/v2\/categories?post=34175"},{"taxonomy":"post_tag","embeddable":true,"href":"https:\/\/www.e-anjelik.sk\/index.php\/wp-json\/wp\/v2\/tags?post=34175"}],"curies":[{"name":"wp","href":"https:\/\/api.w.org\/{rel}","templated":true}]}}