{"id":3418,"date":"2011-03-11T11:54:05","date_gmt":"2011-03-11T11:54:05","guid":{"rendered":"http:\/\/e-anjelik.sk\/?p=3418"},"modified":"2011-03-11T11:54:05","modified_gmt":"2011-03-11T11:54:05","slug":"dietrich-brauer-novy-biskup-evanjelicko-luteranskej-cirkvi-europskej-casti-ruska","status":"publish","type":"post","link":"https:\/\/www.e-anjelik.sk\/index.php\/2011\/03\/11\/dietrich-brauer-novy-biskup-evanjelicko-luteranskej-cirkvi-europskej-casti-ruska\/","title":{"rendered":"Dietrich Brauer -nov\u00fd biskup Evanjelicko-luter\u00e1nskej cirkvi eur\u00f3pskej \u010dasti Ruska"},"content":{"rendered":"<p>Synoda Evanjelicko -luter&aacute;nskej cirkvi eur&oacute;psk&eacute;ho &nbsp;Ruska 10. marca t.r. v Moskve zvolila za svojho nov&eacute;ho biskupa 28-ro\u010dn&eacute;ho far&aacute;ra ,doteraj&scaron;ieho biskupsk&eacute;ho vizit&aacute;tora (z&aacute;stupcu biskupa) Dietricha Brauera. Brauer poch&aacute;dza z nemeckej rodiny v Rusku, vy&scaron;tudoval teol&oacute;giu v Novosaratovke na teol. semin&aacute;ri ELKRAS, v rokoch 2006-10 sl&uacute;\u017eil ako duchovn&yacute; v senior&aacute;te Kaliningrad v v cirkevnom zbore Gusev. Je \u017eenat&yacute; s far&aacute;rkou. ELC eur&oacute;psk&eacute;ho Ruska m&aacute; asi 120 cirkevn&yacute;ch zborov a skup&iacute;n v 12 senior&aacute;toch. V ELKRAS je \u010do do po\u010dtu \u010dlenov najsilnej&scaron;ia region&aacute;lna cirkev. S&iacute;dlom biskupa je Moskva.<\/p>\n<p>(<a href=\"http:\/\/www.gustav-adolf-werk.de\">www.gustav-adolf-werk.de<\/a>)<\/p>\n","protected":false},"excerpt":{"rendered":"<p>Synoda Evanjelicko -luter&aacute;nskej cirkvi eur&oacute;psk&eacute;ho &nbsp;Ruska 10. marca t.r. v Moskve zvolila za svojho nov&eacute;ho biskupa 28-ro\u010dn&eacute;ho far&aacute;ra ,doteraj&scaron;ieho biskupsk&eacute;ho vizit&aacute;tora (z&aacute;stupcu biskupa) Dietricha Brauera. Brauer poch&aacute;dza z nemeckej rodiny v Rusku, vy&scaron;tudoval teol&oacute;giu v Novosaratovke na teol. semin&aacute;ri ELKRAS, v rokoch 2006-10 sl&uacute;\u017eil ako duchovn&yacute; v senior&aacute;te Kaliningrad v v cirkevnom zbore Gusev. Je &#8230; <a title=\"Dietrich Brauer -nov\u00fd biskup Evanjelicko-luter\u00e1nskej cirkvi eur\u00f3pskej \u010dasti Ruska\" class=\"read-more\" href=\"https:\/\/www.e-anjelik.sk\/index.php\/2011\/03\/11\/dietrich-brauer-novy-biskup-evanjelicko-luteranskej-cirkvi-europskej-casti-ruska\/\" aria-label=\"Pre\u010d\u00edtajte si viac o Dietrich Brauer -nov\u00fd biskup Evanjelicko-luter\u00e1nskej cirkvi eur\u00f3pskej \u010dasti Ruska\">\u010c\u00edta\u0165 viac<\/a><\/p>\n","protected":false},"author":22,"featured_media":0,"comment_status":"open","ping_status":"open","sticky":false,"template":"","format":"standard","meta":{"footnotes":""},"categories":[35,10],"tags":[],"class_list":["post-3418","post","type-post","status-publish","format-standard","hentry","category-rusko-a-ine","category-zo-sveta"],"_links":{"self":[{"href":"https:\/\/www.e-anjelik.sk\/index.php\/wp-json\/wp\/v2\/posts\/3418","targetHints":{"allow":["GET"]}}],"collection":[{"href":"https:\/\/www.e-anjelik.sk\/index.php\/wp-json\/wp\/v2\/posts"}],"about":[{"href":"https:\/\/www.e-anjelik.sk\/index.php\/wp-json\/wp\/v2\/types\/post"}],"author":[{"embeddable":true,"href":"https:\/\/www.e-anjelik.sk\/index.php\/wp-json\/wp\/v2\/users\/22"}],"replies":[{"embeddable":true,"href":"https:\/\/www.e-anjelik.sk\/index.php\/wp-json\/wp\/v2\/comments?post=3418"}],"version-history":[{"count":0,"href":"https:\/\/www.e-anjelik.sk\/index.php\/wp-json\/wp\/v2\/posts\/3418\/revisions"}],"wp:attachment":[{"href":"https:\/\/www.e-anjelik.sk\/index.php\/wp-json\/wp\/v2\/media?parent=3418"}],"wp:term":[{"taxonomy":"category","embeddable":true,"href":"https:\/\/www.e-anjelik.sk\/index.php\/wp-json\/wp\/v2\/categories?post=3418"},{"taxonomy":"post_tag","embeddable":true,"href":"https:\/\/www.e-anjelik.sk\/index.php\/wp-json\/wp\/v2\/tags?post=3418"}],"curies":[{"name":"wp","href":"https:\/\/api.w.org\/{rel}","templated":true}]}}