{"id":3419,"date":"2011-03-11T12:29:50","date_gmt":"2011-03-11T12:29:50","guid":{"rendered":"http:\/\/e-anjelik.sk\/?p=3419"},"modified":"2011-03-11T12:29:50","modified_gmt":"2011-03-11T12:29:50","slug":"zo-zivota-selc","status":"publish","type":"post","link":"https:\/\/www.e-anjelik.sk\/index.php\/2011\/03\/11\/zo-zivota-selc\/","title":{"rendered":"Zo \u017eivota SELC"},"content":{"rendered":"<p>2.marca t.r. sa v Novosib&iacute;rsku konala synoda Sib&iacute;rskej evanjelicko-luter&aacute;nskej cirkvi. Synoda pracovala nad vyhl&aacute;sen&iacute;m cirkvi, schv&aacute;lila zriadenie cirkevn&eacute;ho zboru SELC s menom Blahozvest v hlavnom&nbsp;meste Moskva&nbsp;.Jeho duchovn&yacute;mi bud&uacute; k\u0148az Ivan \u010cerny&scaron;ev a diakon Sergej Kiriu&scaron;atov, ktor&yacute; bol biskup&uacute;om V. Lytkinom ordinovan&yacute; za diakona po\u010das bohoslu\u017eieb v ten ist&yacute; de\u0148. Synoda zvolila konzist&oacute;rium a vypo\u010dula si inform&aacute;cie propstov o stave pr&aacute;c v cirkevn&yacute;ch zboroch. Vo vyhl&aacute;sen&iacute; sa hovor&iacute;, \u017ee SELC sa hl&aacute;si ku konfesijn&yacute;m luter&aacute;nskym cirkv&aacute;m. Je vern&aacute; P&iacute;smu a cirkevnej trad&iacute;cii. Hoci v&auml;\u010d&scaron;ina jej zborov je na V&yacute;chode Ruska (Sib&iacute;r a \u010ealek&yacute; V&yacute;chod), nebude sa br&aacute;ni\u0165 zakladaniu zborov aj v eur&oacute;pskej \u010dasti Ruska, \u010di inde. Nechce to robi\u0165 nijak&yacute;m loven&iacute;m du&scaron;&iacute;, \u010di konkurenciou k in&yacute;m luter&aacute;nskym cirkv&aacute;m. S vede&uacute;cimi t&yacute;chto cirkv&iacute; chce vies\u0165 \u010das od \u010dasu teologick&eacute; rozhovory, ktor&eacute; by postupne mali by\u0165 z&aacute;rodkom bud&uacute;ceho zjednotenia.<\/p>\n<p>(<a href=\"http:\/\/www.lutheran.ru\">www.lutheran.ru<\/a>)<\/p>\n","protected":false},"excerpt":{"rendered":"<p>2.marca t.r. sa v Novosib&iacute;rsku konala synoda Sib&iacute;rskej evanjelicko-luter&aacute;nskej cirkvi. Synoda pracovala nad vyhl&aacute;sen&iacute;m cirkvi, schv&aacute;lila zriadenie cirkevn&eacute;ho zboru SELC s menom Blahozvest v hlavnom&nbsp;meste Moskva&nbsp;.Jeho duchovn&yacute;mi bud&uacute; k\u0148az Ivan \u010cerny&scaron;ev a diakon Sergej Kiriu&scaron;atov, ktor&yacute; bol biskup&uacute;om V. Lytkinom ordinovan&yacute; za diakona po\u010das bohoslu\u017eieb v ten ist&yacute; de\u0148. Synoda zvolila konzist&oacute;rium a vypo\u010dula si &#8230; <a title=\"Zo \u017eivota SELC\" class=\"read-more\" href=\"https:\/\/www.e-anjelik.sk\/index.php\/2011\/03\/11\/zo-zivota-selc\/\" aria-label=\"Pre\u010d\u00edtajte si viac o Zo \u017eivota SELC\">\u010c\u00edta\u0165 viac<\/a><\/p>\n","protected":false},"author":22,"featured_media":0,"comment_status":"open","ping_status":"open","sticky":false,"template":"","format":"standard","meta":{"footnotes":""},"categories":[35,10],"tags":[],"class_list":["post-3419","post","type-post","status-publish","format-standard","hentry","category-rusko-a-ine","category-zo-sveta"],"_links":{"self":[{"href":"https:\/\/www.e-anjelik.sk\/index.php\/wp-json\/wp\/v2\/posts\/3419","targetHints":{"allow":["GET"]}}],"collection":[{"href":"https:\/\/www.e-anjelik.sk\/index.php\/wp-json\/wp\/v2\/posts"}],"about":[{"href":"https:\/\/www.e-anjelik.sk\/index.php\/wp-json\/wp\/v2\/types\/post"}],"author":[{"embeddable":true,"href":"https:\/\/www.e-anjelik.sk\/index.php\/wp-json\/wp\/v2\/users\/22"}],"replies":[{"embeddable":true,"href":"https:\/\/www.e-anjelik.sk\/index.php\/wp-json\/wp\/v2\/comments?post=3419"}],"version-history":[{"count":0,"href":"https:\/\/www.e-anjelik.sk\/index.php\/wp-json\/wp\/v2\/posts\/3419\/revisions"}],"wp:attachment":[{"href":"https:\/\/www.e-anjelik.sk\/index.php\/wp-json\/wp\/v2\/media?parent=3419"}],"wp:term":[{"taxonomy":"category","embeddable":true,"href":"https:\/\/www.e-anjelik.sk\/index.php\/wp-json\/wp\/v2\/categories?post=3419"},{"taxonomy":"post_tag","embeddable":true,"href":"https:\/\/www.e-anjelik.sk\/index.php\/wp-json\/wp\/v2\/tags?post=3419"}],"curies":[{"name":"wp","href":"https:\/\/api.w.org\/{rel}","templated":true}]}}